{"id":302580,"date":"2022-09-30T17:07:01","date_gmt":"2022-09-30T20:07:01","guid":{"rendered":"https:\/\/jundiai.sp.gov.br\/noticias\/?p=302580"},"modified":"2023-04-18T10:07:25","modified_gmt":"2023-04-18T13:07:25","slug":"semana-da-pessoa-idosa-grupo-do-jardim-santa-gertrudes-conhece-o-canil-da-guarda-municipal-e-interage-com-os-caes","status":"publish","type":"post","link":"https:\/\/jundiai.sp.gov.br\/noticias\/2022\/09\/30\/semana-da-pessoa-idosa-grupo-do-jardim-santa-gertrudes-conhece-o-canil-da-guarda-municipal-e-interage-com-os-caes\/","title":{"rendered":"Semana da Pessoa Idosa: grupo do Jardim Santa Gertrudes conhece o Canil da Guarda Municipal e interage com os c\u00e3es"},"content":{"rendered":"\n<p>Cerca de dez idosos moradores do Jardim Santa Gertrudes visitaram, na manh\u00e3 desta sexta-feira (30), o Canil da Guarda Municipal de Jundia\u00ed (GMJ), onde, ap\u00f3s assistirem ao \u201cdog show\u201d, puderam interagir com os c\u00e3es. A visita fez parte da programa\u00e7\u00e3o da <a href=\"https:\/\/idoso.jundiai.sp.gov.br\/semana-da-pessoa-idosa-2022\/\">Semana da Pessoa Idosa<\/a> e foi promovida em parceria da <a href=\"https:\/\/idoso.jundiai.sp.gov.br\/\">Assessoria de Pol\u00edticas P\u00fablicas para o Idos<\/a>o, da Unidade de Gest\u00e3o da Casa Civil (UGCC); da Unidade de Gest\u00e3o de Assist\u00eancia e Desenvolvimento Social (UGDAS) e do Conselho Municipal de Direitos da Pessoa Idosa (Comdipi).<\/p>\n\n\n\n<p>O grupo de idosos faz parte do Servi\u00e7o de Conviv\u00eancia e Fortalecimento de V\u00ednculos (SCFV) da UGADS, que forneceu o transporte dos participantes. O SCFV visa complementar o trabalho preventivo \u00e0 situa\u00e7\u00e3o de vulnerabilidade social e, no bairro, \u00e9 vinculado ao Centro de Refer\u00eancia de Assist\u00eancia Social (Cras) Sul, operacionalizado pela Organiza\u00e7\u00e3o da Sociedade Civil (OSC) parceira Bom Pastor.<\/p>\n\n\n\n<figure class=\"wp-block-image size-full\"><img loading=\"lazy\" decoding=\"async\" width=\"1280\" height=\"854\" src=\"https:\/\/jundiai.sp.gov.br\/noticias\/wp-content\/uploads\/sites\/32\/2022\/09\/semana_do_idoso_canil_gmj_m_-12.jpg\" alt=\"\" class=\"wp-image-302581\" srcset=\"https:\/\/jundiai.sp.gov.br\/noticias\/wp-content\/uploads\/sites\/32\/2022\/09\/semana_do_idoso_canil_gmj_m_-12.jpg 1280w, https:\/\/jundiai.sp.gov.br\/noticias\/wp-content\/uploads\/sites\/32\/2022\/09\/semana_do_idoso_canil_gmj_m_-12-300x200.jpg 300w, https:\/\/jundiai.sp.gov.br\/noticias\/wp-content\/uploads\/sites\/32\/2022\/09\/semana_do_idoso_canil_gmj_m_-12-768x512.jpg 768w, https:\/\/jundiai.sp.gov.br\/noticias\/wp-content\/uploads\/sites\/32\/2022\/09\/semana_do_idoso_canil_gmj_m_-12-450x300.jpg 450w\" sizes=\"auto, (max-width: 1280px) 100vw, 1280px\" \/><figcaption>Atividade com os idosos do jardim Santa Gertrudes fez parte da programa\u00e7\u00e3o da Semana da Pessoa Idosa <\/figcaption><\/figure>\n\n\n\n<p>As boas-vindas ao grupo ficou a cargo do subinspetor Carobelli, que fez a apresenta\u00e7\u00e3o inicial e deu dados importantes sobre o Canil, que atualmente conta com 20 c\u00e3es &#8211; um Bloodhound, um Rottweiler, tr\u00eas Labradores e 15 Pastores Belga-Malinois. \u201cEsta intera\u00e7\u00e3o com a comunidade \u00e9 muito importante. Al\u00e9m das apresenta\u00e7\u00f5es do \u2018dog show\u2019 e das visitas que recebemos, o Canil j\u00e1 faz um trabalho com as crian\u00e7as no Hospital Universit\u00e1rio (HU) pelo C\u00e3oterapia. Com este grupo da melhor idade, fechamos esta esfera de contato com a popula\u00e7\u00e3o. \u00c9 algo muito salutar para todos os envolvidos\u201d, comentou Carobelli.<\/p>\n\n\n\n<p>Durante a apresenta\u00e7\u00e3o do \u201cdog show\u201d, conduzida pelo GM Francisco, o grupo acompanhou as demonstra\u00e7\u00f5es de obedi\u00eancia a comandos, feitas pelo c\u00e3o Killer, acompanhado do GM Rufino, e tamb\u00e9m do GM Mar\u00e7al, para as demonstra\u00e7\u00f5es de mordidas. O grupo assistiu tamb\u00e9m \u00e0 demonstra\u00e7\u00e3o de obedi\u00eancia e saltos com o c\u00e3o Zeus, que at\u00e9 plantou bananeira e surfou nas costas do GM S\u00e9rgio Lu\u00eds; e viu ainda a demonstra\u00e7\u00e3o de faro para busca de armamentos, entorpecentes, fugitivos e desaparecidos com o GM M. Silva e a Labradora Pantera, com quem os idosos do grupo puderam interagir ao final da apresenta\u00e7\u00e3o.<\/p>\n\n\n\n<p>O senhor Jos\u00e9 Oliveira Hon\u00f3rio, de 70 anos, achou a visita aproveit\u00e1vel, em suas palavras. \u201cEm casa temos tr\u00eas cachorros e quando meu filho chega do trabalho, antes mesmo que a gente perceba, os tr\u00eas come\u00e7am a latir antes mesmo de ele colocar a chave no cadeado para abrir. E hoje aprendi tamb\u00e9m como lidando com eles com amor e carinho eles obedecem mais aos comandos\u201d.<\/p>\n\n\n\n<figure class=\"wp-block-image size-full\"><img loading=\"lazy\" decoding=\"async\" width=\"1280\" height=\"854\" src=\"https:\/\/jundiai.sp.gov.br\/noticias\/wp-content\/uploads\/sites\/32\/2022\/09\/semana_do_idoso_canil_gmj_m_-52.jpg\" alt=\"\" class=\"wp-image-302582\" srcset=\"https:\/\/jundiai.sp.gov.br\/noticias\/wp-content\/uploads\/sites\/32\/2022\/09\/semana_do_idoso_canil_gmj_m_-52.jpg 1280w, https:\/\/jundiai.sp.gov.br\/noticias\/wp-content\/uploads\/sites\/32\/2022\/09\/semana_do_idoso_canil_gmj_m_-52-300x200.jpg 300w, https:\/\/jundiai.sp.gov.br\/noticias\/wp-content\/uploads\/sites\/32\/2022\/09\/semana_do_idoso_canil_gmj_m_-52-768x512.jpg 768w, https:\/\/jundiai.sp.gov.br\/noticias\/wp-content\/uploads\/sites\/32\/2022\/09\/semana_do_idoso_canil_gmj_m_-52-450x300.jpg 450w\" sizes=\"auto, (max-width: 1280px) 100vw, 1280px\" \/><figcaption>Dono de tr\u00eas c\u00e3es, o senhor Hon\u00f3rio n\u00e3o se rendeu \u00e0s brincadeiras e ao encanto da labradora Pantera <\/figcaption><\/figure>\n\n\n\n<p>Outra integrante do grupo foi a senhora Benedita L\u00facia Prandini, que tamb\u00e9m foi s\u00f3 elogios para a visita. \u201cFoi uma \u00f3tima visita. Gostei de tudo e achei todos eles simp\u00e1ticos, tanto os c\u00e3es quanto os guardas. Meu cachorro de estima\u00e7\u00e3o, o Apolo, viveu comigo por 15 anos, mas faleceu em abril. Sinto muita falta, ele era meu companheiro. Por isso este passeio foi muito importante, para distrair a cabe\u00e7a e sair da rotina de casa. O dia de hoje foi para mim uma aula, um aprendizado.\u201d<\/p>\n\n\n\n<p>Para a assessora de Pol\u00edticas P\u00fablicas para o Idoso, Alessandra Citelli, momento marca com felicidade o retorno das atividades presenciais. \u201cApesar da chuva e do frio ao longo da semana, tivemos uma aceita\u00e7\u00e3o muito boa dos idosos, que estavam aguardando este momento festivo de retomada das atividades presenciais. Fica esta sensa\u00e7\u00e3o de agradecimento a todos os participantes e Unidades de Gest\u00e3o da Prefeitura envolvidos em tornar esta semana t\u00e3o bonita e festiva\u201d.<\/p>\n\n\n\n<p>Segundo a gestora da UGADS, Maria Brant, a visita \u00e9 uma ferramenta importante na cria\u00e7\u00e3o de repert\u00f3rio. \u201cEsta foi mais uma visita que a UGADS proporciona para usu\u00e1rios de seus servi\u00e7os, <a href=\"https:\/\/jundiai.sp.gov.br\/noticias\/2021\/08\/28\/acolhidos-pela-casa-transitoria-visitam-a-guarda-municipal-e-se-divertem-com-apresentacao-do-canil\/\">como o que j\u00e1 fizemos com as crian\u00e7as em acolhimento institucional<\/a>. Trata-se de uma oferta importante para a cria\u00e7\u00e3o de repert\u00f3rio e pertencimento a eles\u201d.<\/p>\n\n\n\n<p>A atividade foi acompanhada pelos assessores Renata Mangieri (UGADS) e Michael Greg\u00f3rio (Unidade de Gest\u00e3o de Esporte e Lazer), integrantes do Comdipi.<\/p>\n\n\n\n<figure class=\"wp-block-image size-full\"><img loading=\"lazy\" decoding=\"async\" width=\"1280\" height=\"854\" src=\"https:\/\/jundiai.sp.gov.br\/noticias\/wp-content\/uploads\/sites\/32\/2022\/09\/semana_do_idoso_canil_gmj_m_-46.jpg\" alt=\"\" class=\"wp-image-302583\" srcset=\"https:\/\/jundiai.sp.gov.br\/noticias\/wp-content\/uploads\/sites\/32\/2022\/09\/semana_do_idoso_canil_gmj_m_-46.jpg 1280w, https:\/\/jundiai.sp.gov.br\/noticias\/wp-content\/uploads\/sites\/32\/2022\/09\/semana_do_idoso_canil_gmj_m_-46-300x200.jpg 300w, https:\/\/jundiai.sp.gov.br\/noticias\/wp-content\/uploads\/sites\/32\/2022\/09\/semana_do_idoso_canil_gmj_m_-46-768x512.jpg 768w, https:\/\/jundiai.sp.gov.br\/noticias\/wp-content\/uploads\/sites\/32\/2022\/09\/semana_do_idoso_canil_gmj_m_-46-450x300.jpg 450w\" sizes=\"auto, (max-width: 1280px) 100vw, 1280px\" \/><figcaption>A dona Benedita L\u00facia foi uma das que n\u00e3o se renderam e precisou acariciar a Pantera <\/figcaption><\/figure>\n\n\n\n<p><strong>Semana da Pessoa Idosa<br><\/strong>A <a href=\"https:\/\/idoso.jundiai.sp.gov.br\/semana-da-pessoa-idosa-2022\/\">programa\u00e7\u00e3o da Semana encerra-se neste s\u00e1bado (01), das 14h \u00e0s 17h, com o tradicional Baile da Pessoa Idosa<\/a> no Centro de Conviv\u00eancia do Idoso (CCI) Argos (antigo Criju). O CCI fica na avenida Dr. Cavalcanti, 396 \u2013 Complexo Argos.<\/p>\n\n\n\n<p><strong>Assessoria de Imprensa<br>Foto: Fot\u00f3grafos PMJ<\/strong><\/p>\n","protected":false},"excerpt":{"rendered":"<p>Cerca de dez idosos moradores do Jardim Santa Gertrudes visitaram, na manh\u00e3 desta sexta-feira (30), o Canil da Guarda Municipal de Jundia\u00ed (GMJ), onde, ap\u00f3s assistirem ao \u201cdog show\u201d, puderam interagir com os c\u00e3es. A visita fez parte da programa\u00e7\u00e3o da Semana da Pessoa Idosa e foi promovida em parceria da Assessoria de Pol\u00edticas P\u00fablicas [&hellip;]<\/p>\n","protected":false},"author":14,"featured_media":302582,"comment_status":"closed","ping_status":"closed","sticky":false,"template":"","format":"standard","meta":{"footnotes":""},"categories":[2],"tags":[3471,980,1275,62,374,3227,31,1228,3444,779],"ods":[],"class_list":["post-302580","post","type-post","status-publish","format-standard","has-post-thumbnail","hentry","category-noticias","tag-assessoria-de-politicas-publicas-para-o-idoso","tag-assistencia-e-desenvolvimento-social","tag-canil","tag-casa-civil","tag-conselho-da-pessoa-idosa","tag-cras-sul","tag-guarda-municipal","tag-santa-gertrudes","tag-semana-da-pessoa-idosa","tag-semana-do-idoso"],"_links":{"self":[{"href":"https:\/\/jundiai.sp.gov.br\/noticias\/wp-json\/wp\/v2\/posts\/302580","targetHints":{"allow":["GET"]}}],"collection":[{"href":"https:\/\/jundiai.sp.gov.br\/noticias\/wp-json\/wp\/v2\/posts"}],"about":[{"href":"https:\/\/jundiai.sp.gov.br\/noticias\/wp-json\/wp\/v2\/types\/post"}],"author":[{"embeddable":true,"href":"https:\/\/jundiai.sp.gov.br\/noticias\/wp-json\/wp\/v2\/users\/14"}],"replies":[{"embeddable":true,"href":"https:\/\/jundiai.sp.gov.br\/noticias\/wp-json\/wp\/v2\/comments?post=302580"}],"version-history":[{"count":7,"href":"https:\/\/jundiai.sp.gov.br\/noticias\/wp-json\/wp\/v2\/posts\/302580\/revisions"}],"predecessor-version":[{"id":302651,"href":"https:\/\/jundiai.sp.gov.br\/noticias\/wp-json\/wp\/v2\/posts\/302580\/revisions\/302651"}],"wp:featuredmedia":[{"embeddable":true,"href":"https:\/\/jundiai.sp.gov.br\/noticias\/wp-json\/wp\/v2\/media\/302582"}],"wp:attachment":[{"href":"https:\/\/jundiai.sp.gov.br\/noticias\/wp-json\/wp\/v2\/media?parent=302580"}],"wp:term":[{"taxonomy":"category","embeddable":true,"href":"https:\/\/jundiai.sp.gov.br\/noticias\/wp-json\/wp\/v2\/categories?post=302580"},{"taxonomy":"post_tag","embeddable":true,"href":"https:\/\/jundiai.sp.gov.br\/noticias\/wp-json\/wp\/v2\/tags?post=302580"},{"taxonomy":"ods","embeddable":true,"href":"https:\/\/jundiai.sp.gov.br\/noticias\/wp-json\/wp\/v2\/ods?post=302580"}],"curies":[{"name":"wp","href":"https:\/\/api.w.org\/{rel}","templated":true}]}}