{"id":302658,"date":"2022-09-30T17:32:31","date_gmt":"2022-09-30T20:32:31","guid":{"rendered":"https:\/\/jundiai.sp.gov.br\/noticias\/?p=302658"},"modified":"2022-09-30T17:32:31","modified_gmt":"2022-09-30T20:32:31","slug":"para-atingir-a-meta-campanha-contra-poliomielite-e-prorrogada","status":"publish","type":"post","link":"https:\/\/jundiai.sp.gov.br\/noticias\/2022\/09\/30\/para-atingir-a-meta-campanha-contra-poliomielite-e-prorrogada\/","title":{"rendered":"Para atingir a meta, campanha contra Poliomielite \u00e9 prorrogada"},"content":{"rendered":"\n<p>A Campanha Nacional de Vacina\u00e7\u00e3o contra a Poliomielite e Multivacina\u00e7\u00e3o foi prorrogada pela Secretaria de Estado da Sa\u00fade at\u00e9 o dia 31 de outubro. Em Jundia\u00ed, as vacinas permanecem dispon\u00edveis em todas as Unidades B\u00e1sicas de Sa\u00fade (UBSs), no hor\u00e1rio das salas de vacina\u00e7\u00e3o.<br><br>A meta \u00e9 atingir com a vacina contra a Poliomielite pelo menos 95% do p\u00fablico-alvo. Dados do Minist\u00e9rio da Sa\u00fade apontam que apenas 58,14% das crian\u00e7as de 1 a 4 anos tomaram o refor\u00e7o. No Estado, foram 53,8%. Em Jundia\u00ed, segundo o \u00faltimo balan\u00e7o da Vigil\u00e2ncia Epidemiol\u00f3gica, 11.111 crian\u00e7as receberam as gotinhas contra a P\u00f3lio, o que representa 55,27% das 20.100 aptas a tomar a vacina. A a\u00e7\u00e3o foi desencadeada no dia 8 de agosto, sendo prorrogada pela segunda vez.<\/p>\n\n\n\n<p><\/p>\n\n\n\n<figure class=\"wp-block-image size-full\"><img loading=\"lazy\" decoding=\"async\" width=\"1280\" height=\"854\" src=\"https:\/\/jundiai.sp.gov.br\/noticias\/wp-content\/uploads\/sites\/32\/2022\/09\/campanha-de-vacinacao-contra-a-poliomielitw-e-o-sarampo-9.jpg\" alt=\"\" class=\"wp-image-302660\" srcset=\"https:\/\/jundiai.sp.gov.br\/noticias\/wp-content\/uploads\/sites\/32\/2022\/09\/campanha-de-vacinacao-contra-a-poliomielitw-e-o-sarampo-9.jpg 1280w, https:\/\/jundiai.sp.gov.br\/noticias\/wp-content\/uploads\/sites\/32\/2022\/09\/campanha-de-vacinacao-contra-a-poliomielitw-e-o-sarampo-9-300x200.jpg 300w, https:\/\/jundiai.sp.gov.br\/noticias\/wp-content\/uploads\/sites\/32\/2022\/09\/campanha-de-vacinacao-contra-a-poliomielitw-e-o-sarampo-9-768x512.jpg 768w, https:\/\/jundiai.sp.gov.br\/noticias\/wp-content\/uploads\/sites\/32\/2022\/09\/campanha-de-vacinacao-contra-a-poliomielitw-e-o-sarampo-9-450x300.jpg 450w\" sizes=\"auto, (max-width: 1280px) 100vw, 1280px\" \/><figcaption>O v\u00edrus permanece circulando em outros pa\u00edses. \u00c9 importante que as crian\u00e7as recebam o refor\u00e7o<\/figcaption><\/figure>\n\n\n\n<p>\u201cAlertamos aos pais para que n\u00e3o deixem de vacinar as crian\u00e7as. Se n\u00e3o houver esfor\u00e7o coletivo para aumentarmos a cobertura vacinal no Brasil, a doen\u00e7a pode voltar. O v\u00edrus permanece circulando em pa\u00edses com os Estados Unidos e em Israel, por exemplo. O cen\u00e1rio \u00e9 preocupante. A Poliomielite \u00e9 uma doen\u00e7a grave e n\u00e3o h\u00e1 cura, uma vez instalada a forma paral\u00edtica\u201d, ressalta a coordenadora da Vigil\u00e2ncia Epidemiol\u00f3gica, Maria do Carmo Possidente.<br><br>Na cidade, para aumentar a cobertura, tamb\u00e9m foi adotada como estrat\u00e9gia a aplica\u00e7\u00e3o das doses nas escolas de Educa\u00e7\u00e3o Infantil I da rede municipal de ensino e nas creches conveniadas, na presen\u00e7a dos pais ou respons\u00e1veis ou mediante autoriza\u00e7\u00e3o assinada.<\/p>\n\n\n\n<p><strong>Multivacina\u00e7\u00e3o<\/strong><br>J\u00e1 a multivacina\u00e7\u00e3o, voltada para crian\u00e7as e adolescentes de 2 meses a 14 anos, 11 meses e 29 dias, disponibiliza 18 imunizantes contra v\u00e1rias doen\u00e7as. A estrat\u00e9gia \u00e9 atualizar a caderneta de vacina\u00e7\u00e3o, de acordo com o Calend\u00e1rio Nacional de Vacina\u00e7\u00e3o.<\/p>\n\n\n\n<p><a href=\"https:\/\/jundiai.sp.gov.br\/saude\/rede-de-atendimento\/rede-completa-de-atendimento\/\">CONFIRA O ENDERE\u00c7O DAS UBSs<\/a><\/p>\n\n\n\n<p><strong>Assessoria de Imprensa<br>Fotos: Fot\u00f3grafos PMJ <\/strong><\/p>\n","protected":false},"excerpt":{"rendered":"<p>A Campanha Nacional de Vacina\u00e7\u00e3o contra a Poliomielite e Multivacina\u00e7\u00e3o foi prorrogada pela Secretaria de Estado da Sa\u00fade at\u00e9 o dia 31 de outubro. Em Jundia\u00ed, as vacinas permanecem dispon\u00edveis em todas as Unidades B\u00e1sicas de Sa\u00fade (UBSs), no hor\u00e1rio das salas de vacina\u00e7\u00e3o. A meta \u00e9 atingir com a vacina contra a Poliomielite pelo [&hellip;]<\/p>\n","protected":false},"author":50,"featured_media":302661,"comment_status":"closed","ping_status":"0","sticky":false,"template":"","format":"standard","meta":{"footnotes":""},"categories":[2],"tags":[981,1307],"ods":[],"class_list":["post-302658","post","type-post","status-publish","format-standard","has-post-thumbnail","hentry","category-noticias","tag-promocao-da-saude","tag-ubs"],"_links":{"self":[{"href":"https:\/\/jundiai.sp.gov.br\/noticias\/wp-json\/wp\/v2\/posts\/302658","targetHints":{"allow":["GET"]}}],"collection":[{"href":"https:\/\/jundiai.sp.gov.br\/noticias\/wp-json\/wp\/v2\/posts"}],"about":[{"href":"https:\/\/jundiai.sp.gov.br\/noticias\/wp-json\/wp\/v2\/types\/post"}],"author":[{"embeddable":true,"href":"https:\/\/jundiai.sp.gov.br\/noticias\/wp-json\/wp\/v2\/users\/50"}],"replies":[{"embeddable":true,"href":"https:\/\/jundiai.sp.gov.br\/noticias\/wp-json\/wp\/v2\/comments?post=302658"}],"version-history":[{"count":3,"href":"https:\/\/jundiai.sp.gov.br\/noticias\/wp-json\/wp\/v2\/posts\/302658\/revisions"}],"predecessor-version":[{"id":302668,"href":"https:\/\/jundiai.sp.gov.br\/noticias\/wp-json\/wp\/v2\/posts\/302658\/revisions\/302668"}],"wp:featuredmedia":[{"embeddable":true,"href":"https:\/\/jundiai.sp.gov.br\/noticias\/wp-json\/wp\/v2\/media\/302661"}],"wp:attachment":[{"href":"https:\/\/jundiai.sp.gov.br\/noticias\/wp-json\/wp\/v2\/media?parent=302658"}],"wp:term":[{"taxonomy":"category","embeddable":true,"href":"https:\/\/jundiai.sp.gov.br\/noticias\/wp-json\/wp\/v2\/categories?post=302658"},{"taxonomy":"post_tag","embeddable":true,"href":"https:\/\/jundiai.sp.gov.br\/noticias\/wp-json\/wp\/v2\/tags?post=302658"},{"taxonomy":"ods","embeddable":true,"href":"https:\/\/jundiai.sp.gov.br\/noticias\/wp-json\/wp\/v2\/ods?post=302658"}],"curies":[{"name":"wp","href":"https:\/\/api.w.org\/{rel}","templated":true}]}}