{"id":302680,"date":"2022-10-03T14:38:38","date_gmt":"2022-10-03T17:38:38","guid":{"rendered":"https:\/\/jundiai.sp.gov.br\/noticias\/?p=302680"},"modified":"2022-10-03T14:38:38","modified_gmt":"2022-10-03T17:38:38","slug":"outubro-rosa-mes-e-dedicado-ao-alerta-sobre-a-prevencao-a-doenca-com-atitudes-e-habitos-saudaveis","status":"publish","type":"post","link":"https:\/\/jundiai.sp.gov.br\/noticias\/2022\/10\/03\/outubro-rosa-mes-e-dedicado-ao-alerta-sobre-a-prevencao-a-doenca-com-atitudes-e-habitos-saudaveis\/","title":{"rendered":"Outubro Rosa: M\u00eas \u00e9 dedicado ao alerta sobre a preven\u00e7\u00e3o \u00e0 doen\u00e7a com atitudes e h\u00e1bitos saud\u00e1veis"},"content":{"rendered":"\n<p>Atualmente, Jundia\u00ed conta com 1.312 pessoas em tratamento contra o c\u00e2ncer de mama. No Brasil, excluindo os tumores de pele n\u00e3o melanoma, o c\u00e2ncer de mama \u00e9 o mais incidente em mulheres de todas as regi\u00f5es, com taxas mais altas nas regi\u00f5es Sul e Sudeste. Para o ano de 2022 foram estimados 66.280 casos novos. A ocorr\u00eancia, al\u00e9m de fatores gen\u00e9ticos, tem como situa\u00e7\u00f5es de aumento de risco causas conhecidas e que podem ser combatidas com h\u00e1bitos saud\u00e1veis e pequenas mudan\u00e7as no dia a dia.<\/p>\n\n\n\n<p>\u00c9 com esse enfoque que a Unidade de Gest\u00e3o de Promo\u00e7\u00e3o da Sa\u00fade (UGPS) trabalha o tema neste ano. &#8220;Al\u00e9m da Caminhada Pela Vida, que ser\u00e1 realizada no pr\u00f3ximo dia 9, o trabalho de conscientiza\u00e7\u00e3o e o incentivo \u00e0 pr\u00e1tica de atividades oferecidas na rede de Aten\u00e7\u00e3o B\u00e1sica ser\u00e1 intensificado neste m\u00eas por todas as equipes &#8220;, comenta a gestora-adjunta da UGPS, Dayane Martins. <\/p>\n\n\n\n<figure class=\"wp-block-image size-full\"><img loading=\"lazy\" decoding=\"async\" width=\"1280\" height=\"853\" src=\"https:\/\/jundiai.sp.gov.br\/noticias\/wp-content\/uploads\/sites\/32\/2022\/10\/liam_gong-39.jpg\" alt=\"\" class=\"wp-image-302699\" srcset=\"https:\/\/jundiai.sp.gov.br\/noticias\/wp-content\/uploads\/sites\/32\/2022\/10\/liam_gong-39.jpg 1280w, https:\/\/jundiai.sp.gov.br\/noticias\/wp-content\/uploads\/sites\/32\/2022\/10\/liam_gong-39-300x200.jpg 300w, https:\/\/jundiai.sp.gov.br\/noticias\/wp-content\/uploads\/sites\/32\/2022\/10\/liam_gong-39-768x512.jpg 768w, https:\/\/jundiai.sp.gov.br\/noticias\/wp-content\/uploads\/sites\/32\/2022\/10\/liam_gong-39-450x300.jpg 450w\" sizes=\"auto, (max-width: 1280px) 100vw, 1280px\" \/><figcaption>Lian gong \u00e9 uma das atividades que faz parte das pr\u00e1ticas integrativas dispon\u00edveis na Aten\u00e7\u00e3o B\u00e1sica de Jundia\u00ed que promovem o relaxamento e controle do estresse<\/figcaption><\/figure>\n\n\n\n<p>Al\u00e9m da obesidade, fatores gen\u00e9ticos e o sedentarismo, o estresse tamb\u00e9m engrossa a lista dos gatilhos para o desenvolvimento da doen\u00e7a. &#8220;O estresse \u00e9 um fator importante como desencadeador de c\u00e2ncer. As pessoas acabam por n\u00e3o dar a devida aten\u00e7\u00e3o a esta situa\u00e7\u00e3o, exatamente com causa da correria do dia a dia. No entanto, \u00e9 essencial reservar um tempo para cuidar da sa\u00fade, f\u00edsica e mental&#8221;, alertar a diretora de Regula\u00e7\u00e3o da UGPS, Fabiana de Alc\u00e2ntara.<\/p>\n\n\n\n<p>A rede de Aten\u00e7\u00e3o Prim\u00e1ria ou B\u00e1sica (UBSs e Cl\u00ednicas da Fam\u00edlia) contam com grupos de atividades, desenvolvidas pelos agentes comunit\u00e1rios de sa\u00fade ou pelo N\u00facleo de Apoio \u00e0 Sa\u00fade da Fam\u00edlia (Nasf). A oferta \u00e9 ampla e vai desde grupos de atividades e conviv\u00eancia, lian gong, alimenta\u00e7\u00e3o saud\u00e1vel, hipertens\u00e3o, diabetes e terapias ocupacionais. &#8220;Ao longo de todo o m\u00eas de outubro, as equipes de Sa\u00fade far\u00e3o atividades em seus territ\u00f3rios para ampliar a quantidade de pessoas participantes e assim, promover a qualidade de vida com informa\u00e7\u00f5es detalhadas e simples de como mudando pequenos h\u00e1bitos se alcan\u00e7a grandes resultados na promo\u00e7\u00e3o da sa\u00fade&#8221;, ressalta a diretora de Aten\u00e7\u00e3o B\u00e1sica, Ana Paula Rodrigues Rosa.<br><br><strong>Assessoria de Imprensa<br><\/strong><\/p>\n","protected":false},"excerpt":{"rendered":"<p>Atualmente, Jundia\u00ed conta com 1.312 pessoas em tratamento contra o c\u00e2ncer de mama. No Brasil, excluindo os tumores de pele n\u00e3o melanoma, o c\u00e2ncer de mama \u00e9 o mais incidente em mulheres de todas as regi\u00f5es, com taxas mais altas nas regi\u00f5es Sul e Sudeste. Para o ano de 2022 foram estimados 66.280 casos novos. [&hellip;]<\/p>\n","protected":false},"author":39,"featured_media":302699,"comment_status":"closed","ping_status":"0","sticky":false,"template":"","format":"standard","meta":{"footnotes":""},"categories":[2],"tags":[2789,981],"ods":[],"class_list":["post-302680","post","type-post","status-publish","format-standard","has-post-thumbnail","hentry","category-noticias","tag-cancer-de-mama","tag-promocao-da-saude"],"_links":{"self":[{"href":"https:\/\/jundiai.sp.gov.br\/noticias\/wp-json\/wp\/v2\/posts\/302680","targetHints":{"allow":["GET"]}}],"collection":[{"href":"https:\/\/jundiai.sp.gov.br\/noticias\/wp-json\/wp\/v2\/posts"}],"about":[{"href":"https:\/\/jundiai.sp.gov.br\/noticias\/wp-json\/wp\/v2\/types\/post"}],"author":[{"embeddable":true,"href":"https:\/\/jundiai.sp.gov.br\/noticias\/wp-json\/wp\/v2\/users\/39"}],"replies":[{"embeddable":true,"href":"https:\/\/jundiai.sp.gov.br\/noticias\/wp-json\/wp\/v2\/comments?post=302680"}],"version-history":[{"count":5,"href":"https:\/\/jundiai.sp.gov.br\/noticias\/wp-json\/wp\/v2\/posts\/302680\/revisions"}],"predecessor-version":[{"id":302700,"href":"https:\/\/jundiai.sp.gov.br\/noticias\/wp-json\/wp\/v2\/posts\/302680\/revisions\/302700"}],"wp:featuredmedia":[{"embeddable":true,"href":"https:\/\/jundiai.sp.gov.br\/noticias\/wp-json\/wp\/v2\/media\/302699"}],"wp:attachment":[{"href":"https:\/\/jundiai.sp.gov.br\/noticias\/wp-json\/wp\/v2\/media?parent=302680"}],"wp:term":[{"taxonomy":"category","embeddable":true,"href":"https:\/\/jundiai.sp.gov.br\/noticias\/wp-json\/wp\/v2\/categories?post=302680"},{"taxonomy":"post_tag","embeddable":true,"href":"https:\/\/jundiai.sp.gov.br\/noticias\/wp-json\/wp\/v2\/tags?post=302680"},{"taxonomy":"ods","embeddable":true,"href":"https:\/\/jundiai.sp.gov.br\/noticias\/wp-json\/wp\/v2\/ods?post=302680"}],"curies":[{"name":"wp","href":"https:\/\/api.w.org\/{rel}","templated":true}]}}