{"id":302971,"date":"2022-10-06T17:04:15","date_gmt":"2022-10-06T20:04:15","guid":{"rendered":"https:\/\/jundiai.sp.gov.br\/noticias\/?p=302971"},"modified":"2022-10-06T17:04:15","modified_gmt":"2022-10-06T20:04:15","slug":"nova-exposicao-no-espaco-expressa-traz-interpretacoes-artisticas-sobre-o-caos-crescimento-urbano-e-a-preservacao","status":"publish","type":"post","link":"https:\/\/jundiai.sp.gov.br\/noticias\/2022\/10\/06\/nova-exposicao-no-espaco-expressa-traz-interpretacoes-artisticas-sobre-o-caos-crescimento-urbano-e-a-preservacao\/","title":{"rendered":"Nova exposi\u00e7\u00e3o no Espa\u00e7o Expressa traz interpreta\u00e7\u00f5es art\u00edsticas sobre o caos, crescimento urbano e a preserva\u00e7\u00e3o"},"content":{"rendered":"\n<p>Ap\u00f3s temporada nos jardins da Casa das Rosas, em S\u00e3o Paulo, a exposi\u00e7\u00e3o \u201cCaos on Canvas\u201d chegou ao Espa\u00e7o Expressa (antigo Complexo Fepasa) para uma temporada com visita\u00e7\u00e3o gratuita at\u00e9 o dia 28. A abertura da exposi\u00e7\u00e3o foi na manh\u00e3 desta quarta-feira (05), com as presen\u00e7as dos curadores da exposi\u00e7\u00e3o, Didu Losso e S\u00e9rgio Scaff, e de convidados.<\/p>\n\n\n\n<p><a href=\"https:\/\/cultura.jundiai.sp.gov.br\/exposicoes\/caos-on-canvas\/\" target=\"_blank\" rel=\"noreferrer noopener\">CONFIRA AS FOTOS DA EXPOSI\u00c7\u00c3O<\/a><\/p>\n\n\n\n<p>Parte de um projeto de mesmo nome com 12 anos de exist\u00eancia, a exposi\u00e7\u00e3o traz as interven\u00e7\u00f5es de 18 artistas sobre fotografias impressas em canvas do fot\u00f3grafo Lucas Lenci e sobrepostas sobre peda\u00e7os de cont\u00eaineres, buscando ressignificar o conceito de caos e fazer uma leitura individual sobre o di\u00e1logo entre o crescimento urbano e a preserva\u00e7\u00e3o da natureza. Ao lado das obras h\u00e1 ainda um QR code que direciona o celular do visitante a um aplicativo com a imagem original da foto, antes das interven\u00e7\u00f5es, para que o visitante possa comparar.<\/p>\n\n\n\n<figure class=\"wp-block-image size-full\"><img loading=\"lazy\" decoding=\"async\" width=\"1280\" height=\"854\" src=\"https:\/\/jundiai.sp.gov.br\/noticias\/wp-content\/uploads\/sites\/32\/2022\/10\/espaco_expressa_exposicao_caos_on_canvas_m_-3.jpg\" alt=\"\" class=\"wp-image-302976\" srcset=\"https:\/\/jundiai.sp.gov.br\/noticias\/wp-content\/uploads\/sites\/32\/2022\/10\/espaco_expressa_exposicao_caos_on_canvas_m_-3.jpg 1280w, https:\/\/jundiai.sp.gov.br\/noticias\/wp-content\/uploads\/sites\/32\/2022\/10\/espaco_expressa_exposicao_caos_on_canvas_m_-3-300x200.jpg 300w, https:\/\/jundiai.sp.gov.br\/noticias\/wp-content\/uploads\/sites\/32\/2022\/10\/espaco_expressa_exposicao_caos_on_canvas_m_-3-768x512.jpg 768w, https:\/\/jundiai.sp.gov.br\/noticias\/wp-content\/uploads\/sites\/32\/2022\/10\/espaco_expressa_exposicao_caos_on_canvas_m_-3-450x300.jpg 450w\" sizes=\"auto, (max-width: 1280px) 100vw, 1280px\" \/><figcaption>Participante da abertura da exposi\u00e7\u00e3o puderam acompanhar a explica\u00e7\u00e3o de seus conceitos com seus curadores<\/figcaption><\/figure>\n\n\n\n<p>Didu Losso fez uma apresenta\u00e7\u00e3o da exposi\u00e7\u00e3o para os visitantes e explicou sua proposta. \u201cEsta exposi\u00e7\u00e3o sai da avenida Paulista, ap\u00f3s terminar sua temporada na capital, e chega ao interior atrav\u00e9s de Jundia\u00ed, pois \u00e9 uma cidade que merece e conquistou nosso amor e respeito. Em 2019, tamb\u00e9m a convite do Tauste Supermercados, que tamb\u00e9m patrocina esta exposi\u00e7\u00e3o, <a href=\"https:\/\/jundiai.sp.gov.br\/noticias\/2019\/10\/13\/beco-da-fepa-e-o-novo-cartao-postal-de-jundiai\/\">tive meu primeiro contato com a Prefeitura de Jundia\u00ed para a revitaliza\u00e7\u00e3o do Beco da Fepa, no Jardim Fepasa<\/a>, da qual fui curador, num trabalho junto com artistas locais em sua maioria. Por conta disso, desse amor pela cidade, decidimos trazer agora esta exposi\u00e7\u00e3o, que quando terminar sua temporada aqui no fim do m\u00eas ir\u00e1 para Itu e Sorocaba\u201d.<\/p>\n\n\n\n<p>Um dos visitantes da abertura da exposi\u00e7\u00e3o foi Jo\u00e3o Veras de Carvalho, que \u00e9 ator da Cia. de Teatro de Jundia\u00ed, corpo art\u00edstico ligado \u00e0 Unidade de Gest\u00e3o de Cultura. \u201cA companhia ensaia aqui no Espa\u00e7o Expressa todas as noites. Como sou curioso, vi a montagem da exposi\u00e7\u00e3o e quis conferir como ela ficou. Achei a proposta muito interessante. As obras t\u00eam todas uma particularidade, que \u00e9 o olhar individual do artista, mas elas t\u00eam algo em comum, que s\u00e3o as fotos feitas por um mesmo fot\u00f3grafo. Sem contar a proposta do QR code que acompanha, que permite um entendimento maior da obra\u201d, elogiou.<\/p>\n\n\n\n<p>Os artistas que integram a exposi\u00e7\u00e3o s\u00e3o Alessandra Rehder, Anna Guilhermina, California Locos (Dave Tourj\u00e9, John Van Hamersveld e Nano N\u00f3brega), Didu Losso, Fabio Haben, Felipe Innocente, Fernanda Eva, Gilberto Salvador, Guto Lacaz, Karl Limbeck, Laramara, Neno Ramos, Sandra Lapage, Skinny Dog, Soberana Ziza, Tch\u00e9 Ruggi, Tommy D e William Baglione. O apoio curatorial \u00e9 de Alexandre Enokawa e Nano N\u00f3brega.<\/p>\n\n\n\n<figure class=\"wp-block-image size-full\"><img loading=\"lazy\" decoding=\"async\" width=\"1280\" height=\"854\" src=\"https:\/\/jundiai.sp.gov.br\/noticias\/wp-content\/uploads\/sites\/32\/2022\/10\/espaco_expressa_exposicao_caos_on_canvas_m_-51.jpg\" alt=\"\" class=\"wp-image-302975\" srcset=\"https:\/\/jundiai.sp.gov.br\/noticias\/wp-content\/uploads\/sites\/32\/2022\/10\/espaco_expressa_exposicao_caos_on_canvas_m_-51.jpg 1280w, https:\/\/jundiai.sp.gov.br\/noticias\/wp-content\/uploads\/sites\/32\/2022\/10\/espaco_expressa_exposicao_caos_on_canvas_m_-51-300x200.jpg 300w, https:\/\/jundiai.sp.gov.br\/noticias\/wp-content\/uploads\/sites\/32\/2022\/10\/espaco_expressa_exposicao_caos_on_canvas_m_-51-768x512.jpg 768w, https:\/\/jundiai.sp.gov.br\/noticias\/wp-content\/uploads\/sites\/32\/2022\/10\/espaco_expressa_exposicao_caos_on_canvas_m_-51-450x300.jpg 450w\" sizes=\"auto, (max-width: 1280px) 100vw, 1280px\" \/><figcaption>Jo\u00e3o Veras veio, por curiosidade, e aprovou a exposi\u00e7\u00e3o<\/figcaption><\/figure>\n\n\n\n<p>A iniciativa \u00e9 uma realiza\u00e7\u00e3o do artista Didu Losso e Trilha, com patroc\u00ednio do Programa de A\u00e7\u00e3o Cultural (ProAC) e do Tauste Supermercados, com apoio cultural da Secretaria Estadual de Cultura e Economia Criativa e da Unidade de Gest\u00e3o de Cultura da Prefeitura de Jundia\u00ed.<\/p>\n\n\n\n<p>A exposi\u00e7\u00e3o pode ser visitada gratuitamente, de segunda a sexta-feira, das 8h \u00e0 21h30, e aos s\u00e1bados, das 8h \u00e0s 17h.<\/p>\n\n\n\n<p>O Espa\u00e7o Expressa fica na avenida Uni\u00e3o dos Ferrovi\u00e1rios, 1760. Al\u00e9m de entrada franca, o Espa\u00e7o conta ainda com estacionamento gratuito para os visitantes. Mais informa\u00e7\u00f5es pelo telefone 4589-6800.<\/p>\n\n\n\n<figure class=\"wp-block-image size-full\"><img loading=\"lazy\" decoding=\"async\" width=\"1280\" height=\"854\" src=\"https:\/\/jundiai.sp.gov.br\/noticias\/wp-content\/uploads\/sites\/32\/2022\/10\/espaco_expressa_exposicao_caos_on_canvas_m_-2.jpg\" alt=\"\" class=\"wp-image-302977\" srcset=\"https:\/\/jundiai.sp.gov.br\/noticias\/wp-content\/uploads\/sites\/32\/2022\/10\/espaco_expressa_exposicao_caos_on_canvas_m_-2.jpg 1280w, https:\/\/jundiai.sp.gov.br\/noticias\/wp-content\/uploads\/sites\/32\/2022\/10\/espaco_expressa_exposicao_caos_on_canvas_m_-2-300x200.jpg 300w, https:\/\/jundiai.sp.gov.br\/noticias\/wp-content\/uploads\/sites\/32\/2022\/10\/espaco_expressa_exposicao_caos_on_canvas_m_-2-768x512.jpg 768w, https:\/\/jundiai.sp.gov.br\/noticias\/wp-content\/uploads\/sites\/32\/2022\/10\/espaco_expressa_exposicao_caos_on_canvas_m_-2-450x300.jpg 450w\" sizes=\"auto, (max-width: 1280px) 100vw, 1280px\" \/><figcaption>Didu: &#8220;exposi\u00e7\u00e3o chega ao interior atrav\u00e9s de Jundia\u00ed, pois \u00e9 uma cidade que merece e conquistou nosso amor e respeito&#8221;<\/figcaption><\/figure>\n\n\n\n<p><strong>Assessoria de Imprensa<br>Fotos: Fot\u00f3grafos PMJ<\/strong><\/p>\n","protected":false},"excerpt":{"rendered":"<p>Ap\u00f3s temporada nos jardins da Casa das Rosas, em S\u00e3o Paulo, a exposi\u00e7\u00e3o \u201cCaos on Canvas\u201d chegou ao Espa\u00e7o Expressa (antigo Complexo Fepasa) para uma temporada com visita\u00e7\u00e3o gratuita at\u00e9 o dia 28. A abertura da exposi\u00e7\u00e3o foi na manh\u00e3 desta quarta-feira (05), com as presen\u00e7as dos curadores da exposi\u00e7\u00e3o, Didu Losso e S\u00e9rgio Scaff, [&hellip;]<\/p>\n","protected":false},"author":14,"featured_media":302976,"comment_status":"closed","ping_status":"0","sticky":false,"template":"","format":"standard","meta":{"footnotes":""},"categories":[2],"tags":[29,449,423],"ods":[],"class_list":["post-302971","post","type-post","status-publish","format-standard","has-post-thumbnail","hentry","category-noticias","tag-cultura","tag-espaco-expressa","tag-exposicao"],"_links":{"self":[{"href":"https:\/\/jundiai.sp.gov.br\/noticias\/wp-json\/wp\/v2\/posts\/302971","targetHints":{"allow":["GET"]}}],"collection":[{"href":"https:\/\/jundiai.sp.gov.br\/noticias\/wp-json\/wp\/v2\/posts"}],"about":[{"href":"https:\/\/jundiai.sp.gov.br\/noticias\/wp-json\/wp\/v2\/types\/post"}],"author":[{"embeddable":true,"href":"https:\/\/jundiai.sp.gov.br\/noticias\/wp-json\/wp\/v2\/users\/14"}],"replies":[{"embeddable":true,"href":"https:\/\/jundiai.sp.gov.br\/noticias\/wp-json\/wp\/v2\/comments?post=302971"}],"version-history":[{"count":1,"href":"https:\/\/jundiai.sp.gov.br\/noticias\/wp-json\/wp\/v2\/posts\/302971\/revisions"}],"predecessor-version":[{"id":302979,"href":"https:\/\/jundiai.sp.gov.br\/noticias\/wp-json\/wp\/v2\/posts\/302971\/revisions\/302979"}],"wp:featuredmedia":[{"embeddable":true,"href":"https:\/\/jundiai.sp.gov.br\/noticias\/wp-json\/wp\/v2\/media\/302976"}],"wp:attachment":[{"href":"https:\/\/jundiai.sp.gov.br\/noticias\/wp-json\/wp\/v2\/media?parent=302971"}],"wp:term":[{"taxonomy":"category","embeddable":true,"href":"https:\/\/jundiai.sp.gov.br\/noticias\/wp-json\/wp\/v2\/categories?post=302971"},{"taxonomy":"post_tag","embeddable":true,"href":"https:\/\/jundiai.sp.gov.br\/noticias\/wp-json\/wp\/v2\/tags?post=302971"},{"taxonomy":"ods","embeddable":true,"href":"https:\/\/jundiai.sp.gov.br\/noticias\/wp-json\/wp\/v2\/ods?post=302971"}],"curies":[{"name":"wp","href":"https:\/\/api.w.org\/{rel}","templated":true}]}}