{"id":303320,"date":"2022-10-16T08:00:00","date_gmt":"2022-10-16T11:00:00","guid":{"rendered":"https:\/\/jundiai.sp.gov.br\/noticias\/?p=303320"},"modified":"2022-10-13T17:54:53","modified_gmt":"2022-10-13T20:54:53","slug":"outubro-rosa-agendamento-de-mamografia-em-jundiai-e-rapido-e-facil","status":"publish","type":"post","link":"https:\/\/jundiai.sp.gov.br\/noticias\/2022\/10\/16\/outubro-rosa-agendamento-de-mamografia-em-jundiai-e-rapido-e-facil\/","title":{"rendered":"Outubro Rosa: agendamento de mamografia em Jundia\u00ed \u00e9 r\u00e1pido e f\u00e1cil"},"content":{"rendered":"\n<p>M\u00e3e e filha &#8211; Darci Aparecida Martins, de 78 anos, e Darci Geralda Martins Camargo, de 40 anos \u2013 t\u00eam em comum n\u00e3o s\u00f3 o nome, mas a preocupa\u00e7\u00e3o com a sa\u00fade. Tanto que, juntas, elas realizaram na \u00faltima quarta-feira (10) mais um exame de mamografia, fundamental para a detec\u00e7\u00e3o precoce do c\u00e2ncer de mama. Entre o pedido m\u00e9dico e o agendamento do exame foram apenas 15 dias.<br><br>\u201cPassamos por consulta na UBS (Unidade B\u00e1sica de Sa\u00fade) Rami e j\u00e1 sa\u00edmos com o agendamento. Foi r\u00e1pido e f\u00e1cil. Hoje, viemos juntas para esse exame de rotina, t\u00e3o importante. A minha m\u00e3e sempre foi muito cuidadosa e passou isso para mim. \u00c9 uma preocupa\u00e7\u00e3o necess\u00e1ria porque o c\u00e2ncer de mama mexe n\u00e3o s\u00f3 com a mulher, mas com a estrutura de toda a fam\u00edlia\u201d, comentou Darci Geralda. \u201cTemos que fazer e incentivar todas as mulheres fazerem\u201d, acrescentou com muita simpatia, Darci Aparecida.<\/p>\n\n\n\n<p>Neste m\u00eas, entre as a\u00e7\u00f5es do Outubro Rosa, a Unidade de Gest\u00e3o de Promo\u00e7\u00e3o da Sa\u00fade (UGPS) intensifica o convite para as mulheres com mais de 40 anos realizarem a mamografia. Por m\u00eas, 2,4 mil exames s\u00e3o ofertados na rede municipal de sa\u00fade, sem redu\u00e7\u00e3o desse quantitativo ao longo dos \u00faltimos anos. Contudo, mensalmente, sobram 20% das vagas.<\/p>\n\n\n\n<figure class=\"wp-block-image size-full\"><img loading=\"lazy\" decoding=\"async\" width=\"1280\" height=\"853\" src=\"https:\/\/jundiai.sp.gov.br\/noticias\/wp-content\/uploads\/sites\/32\/2022\/10\/mamografia_afip-15.jpg\" alt=\"\" class=\"wp-image-303321\" srcset=\"https:\/\/jundiai.sp.gov.br\/noticias\/wp-content\/uploads\/sites\/32\/2022\/10\/mamografia_afip-15.jpg 1280w, https:\/\/jundiai.sp.gov.br\/noticias\/wp-content\/uploads\/sites\/32\/2022\/10\/mamografia_afip-15-300x200.jpg 300w, https:\/\/jundiai.sp.gov.br\/noticias\/wp-content\/uploads\/sites\/32\/2022\/10\/mamografia_afip-15-768x512.jpg 768w, https:\/\/jundiai.sp.gov.br\/noticias\/wp-content\/uploads\/sites\/32\/2022\/10\/mamografia_afip-15-450x300.jpg 450w\" sizes=\"auto, (max-width: 1280px) 100vw, 1280px\" \/><figcaption>M\u00e3e e filha sabem da import\u00e2ncia de fazer o exame e foram juntas para o procedimento<\/figcaption><\/figure>\n\n\n\n<p>\u201cO c\u00e2ncer de mama \u00e9 uma doen\u00e7a silenciosa e a rapidez para a identifica\u00e7\u00e3o \u00e9 essencial para o sucesso do tratamento. Salientamos a import\u00e2ncia de as mulheres procurem a rede para o exame\u201d, ressalta a diretora do Departamento de Regula\u00e7\u00e3o da Sa\u00fade, Fabiana Barrete.<br><br>A solicita\u00e7\u00e3o \u00e9 simples e \u00e9 feita na Unidade de Aten\u00e7\u00e3o Prim\u00e1ria, pelo enfermeiro ou pelo m\u00e9dico. A pr\u00f3pria paciente pode manifestar interesse em fazer o exame, sendo que a realiza\u00e7\u00e3o \u00e9 no Hospital Universit\u00e1rio (HU) e na AFIP (Associa\u00e7\u00e3o Fundo de Incentivo \u00e0 Pesquisa), por meio de agendamento pr\u00e9vio.<br><br>Em 2021, foram realizadas 22.261 mamografias no Munic\u00edpio. Neste ano, at\u00e9 o momento, foram 18.992 procedimentos.<\/p>\n\n\n\n<figure class=\"wp-block-image size-full\"><img loading=\"lazy\" decoding=\"async\" width=\"1280\" height=\"853\" src=\"https:\/\/jundiai.sp.gov.br\/noticias\/wp-content\/uploads\/sites\/32\/2022\/10\/mamografia_afip-27.jpg\" alt=\"\" class=\"wp-image-303322\" srcset=\"https:\/\/jundiai.sp.gov.br\/noticias\/wp-content\/uploads\/sites\/32\/2022\/10\/mamografia_afip-27.jpg 1280w, https:\/\/jundiai.sp.gov.br\/noticias\/wp-content\/uploads\/sites\/32\/2022\/10\/mamografia_afip-27-300x200.jpg 300w, https:\/\/jundiai.sp.gov.br\/noticias\/wp-content\/uploads\/sites\/32\/2022\/10\/mamografia_afip-27-768x512.jpg 768w, https:\/\/jundiai.sp.gov.br\/noticias\/wp-content\/uploads\/sites\/32\/2022\/10\/mamografia_afip-27-450x300.jpg 450w\" sizes=\"auto, (max-width: 1280px) 100vw, 1280px\" \/><figcaption>Por m\u00eas, 2,4 mil exames s\u00e3o ofertados e sobram 20% das vagas<\/figcaption><\/figure>\n\n\n\n<p><strong>Acompanhamento<\/strong><br>De acordo com o Instituto Nacional de C\u00e2ncer (INCA), no Brasil, o c\u00e2ncer de mama \u00e9 o tipo de c\u00e2ncer mais comum, depois do c\u00e2ncer de pele n\u00e3o melanoma. Tamb\u00e9m \u00e9 o que causa mais mortes entre as mulheres. Para 2022, o INCA estima a ocorr\u00eancia de 66 mil novos casos. Atualmente, 1.312 mulheres est\u00e3o em tratamento contra a doen\u00e7a na cidade. O acompanhamento dos casos tem dura\u00e7\u00e3o de cinco anos.<br><br>\u201cA nossa rede de sa\u00fade disp\u00f5e de fluxos bem estabelecidos para que o diagn\u00f3stico e tratamento do c\u00e2ncer de mama sejam adequados, levando em m\u00e9dia, ap\u00f3s a descoberta, 15 dias para o in\u00edcio da interven\u00e7\u00e3o, prazo inferior ao preconizado pelo SUS. Durante todo o tratamento, a paciente tamb\u00e9m passa por equipe multiprofissional, incluindo os cuidados psicossociais. Sabemos o quanto \u00e9 importante voltar os olhos para essa doen\u00e7a, principalmente para a preven\u00e7\u00e3o\u201d, frisa o gestor de Promo\u00e7\u00e3o da Sa\u00fade, Tiago Texera.<br><br><strong>Programa\u00e7\u00e3o<\/strong><br>Ao longo do m\u00eas, a Prefeitura de Jundia\u00ed tamb\u00e9m realiza uma s\u00e9rie de atividades tem\u00e1ticas que fazem alus\u00e3o \u00e0 import\u00e2ncia da preven\u00e7\u00e3o e da ado\u00e7\u00e3o de medidas simples como a alimenta\u00e7\u00e3o adequada, redu\u00e7\u00e3o de estresse e atividades f\u00edsicas. Para participar, basta procurar a UBS de refer\u00eancia e conhecer o que est\u00e1 dispon\u00edvel gratuitamente.<\/p>\n\n\n\n<p><strong>Assessoria de Imprensa<br>Foto: Fot\u00f3grafos PMJ <\/strong><\/p>\n\n\n\n<p><\/p>\n","protected":false},"excerpt":{"rendered":"<p>M\u00e3e e filha &#8211; Darci Aparecida Martins, de 78 anos, e Darci Geralda Martins Camargo, de 40 anos \u2013 t\u00eam em comum n\u00e3o s\u00f3 o nome, mas a preocupa\u00e7\u00e3o com a sa\u00fade. Tanto que, juntas, elas realizaram na \u00faltima quarta-feira (10) mais um exame de mamografia, fundamental para a detec\u00e7\u00e3o precoce do c\u00e2ncer de mama. [&hellip;]<\/p>\n","protected":false},"author":50,"featured_media":303323,"comment_status":"closed","ping_status":"0","sticky":false,"template":"","format":"standard","meta":{"footnotes":""},"categories":[2],"tags":[319,981,1307,665],"ods":[],"class_list":["post-303320","post","type-post","status-publish","format-standard","has-post-thumbnail","hentry","category-noticias","tag-outubro-rosa","tag-promocao-da-saude","tag-ubs","tag-unidade-basica-de-saude-ubs"],"_links":{"self":[{"href":"https:\/\/jundiai.sp.gov.br\/noticias\/wp-json\/wp\/v2\/posts\/303320","targetHints":{"allow":["GET"]}}],"collection":[{"href":"https:\/\/jundiai.sp.gov.br\/noticias\/wp-json\/wp\/v2\/posts"}],"about":[{"href":"https:\/\/jundiai.sp.gov.br\/noticias\/wp-json\/wp\/v2\/types\/post"}],"author":[{"embeddable":true,"href":"https:\/\/jundiai.sp.gov.br\/noticias\/wp-json\/wp\/v2\/users\/50"}],"replies":[{"embeddable":true,"href":"https:\/\/jundiai.sp.gov.br\/noticias\/wp-json\/wp\/v2\/comments?post=303320"}],"version-history":[{"count":11,"href":"https:\/\/jundiai.sp.gov.br\/noticias\/wp-json\/wp\/v2\/posts\/303320\/revisions"}],"predecessor-version":[{"id":303530,"href":"https:\/\/jundiai.sp.gov.br\/noticias\/wp-json\/wp\/v2\/posts\/303320\/revisions\/303530"}],"wp:featuredmedia":[{"embeddable":true,"href":"https:\/\/jundiai.sp.gov.br\/noticias\/wp-json\/wp\/v2\/media\/303323"}],"wp:attachment":[{"href":"https:\/\/jundiai.sp.gov.br\/noticias\/wp-json\/wp\/v2\/media?parent=303320"}],"wp:term":[{"taxonomy":"category","embeddable":true,"href":"https:\/\/jundiai.sp.gov.br\/noticias\/wp-json\/wp\/v2\/categories?post=303320"},{"taxonomy":"post_tag","embeddable":true,"href":"https:\/\/jundiai.sp.gov.br\/noticias\/wp-json\/wp\/v2\/tags?post=303320"},{"taxonomy":"ods","embeddable":true,"href":"https:\/\/jundiai.sp.gov.br\/noticias\/wp-json\/wp\/v2\/ods?post=303320"}],"curies":[{"name":"wp","href":"https:\/\/api.w.org\/{rel}","templated":true}]}}