{"id":303722,"date":"2022-10-18T16:38:25","date_gmt":"2022-10-18T19:38:25","guid":{"rendered":"https:\/\/jundiai.sp.gov.br\/noticias\/?p=303722"},"modified":"2022-10-18T16:38:25","modified_gmt":"2022-10-18T19:38:25","slug":"biblioteca-municipal-recebe-esquenta-da-semana-senac-de-leitura-nesta-quinta-20","status":"publish","type":"post","link":"https:\/\/jundiai.sp.gov.br\/noticias\/2022\/10\/18\/biblioteca-municipal-recebe-esquenta-da-semana-senac-de-leitura-nesta-quinta-20\/","title":{"rendered":"Biblioteca Municipal recebe \u2018esquenta\u2019 da Semana Senac de Leitura nesta quinta (20)"},"content":{"rendered":"\n<p>O Senac realiza na Biblioteca Municipal Professor Nelson Foot nesta quinta-feira (20) um \u201cesquenta\u201d da programa\u00e7\u00e3o da sua 7\u00aa Semana Senac de Leitura.<\/p>\n\n\n\n<p>Durante o per\u00edodo da tarde, a arte-educadora Sheila Rocha realiza, a partir das 14h, a conta\u00e7\u00e3o da hist\u00f3ria &#8220;Josi em Busca do tesouro&#8221; e, em seguida, uma oficina de \u201cfanzine\u201d, g\u00eanero de divulga\u00e7\u00e3o voltada para f\u00e3s e entusiastas de determinados assuntos, com o tema &#8220;Crie o seu pr\u00f3prio livro de ilustra\u00e7\u00f5es&#8221;.<\/p>\n\n\n\n<p>Tamb\u00e9m \u00e0 tarde, \u00e0s 15h, a arte -educadora promove uma nova conta\u00e7\u00e3o de hist\u00f3rias com bonecos &#8220;Guto e a \u00e1rvore m\u00e1gica&#8221; e uma oficina de cria\u00e7\u00e3o de personagem com material sustent\u00e1vel, com o tema &#8220;bonecos de feltro marcadores de livro&#8221;.<\/p>\n\n\n\n<p>J\u00e1 no per\u00edodo da noite, \u00e0s 19h30, \u00e9 o Slam do Z\u00e9 traz uma interven\u00e7\u00e3o po\u00e9tica e de m\u00fasica nos moldes de um sarau. Para a apresenta\u00e7\u00e3o, os artistas Gabizine, Canuto e Amanda do Slam do Z\u00e9 contar\u00e3o com a participa\u00e7\u00e3o especial do Mc Molotov.<\/p>\n\n\n\n<p>As a\u00e7\u00f5es ser\u00e3o todas gratuitas e de participa\u00e7\u00e3o livre e por ordem de chegada, e ser\u00e3o realizadas na \u00e1rea livre, logo na entrada da Biblioteca.<\/p>\n\n\n\n<p>A Semana Senac de Leitura \u00e9 uma a\u00e7\u00e3o que visa promover uma s\u00e9rie de debates e atividades para estimular a leitura e o seu poder de transforma\u00e7\u00e3o social e a programa\u00e7\u00e3o deste ano vai de 24 a 29 de outubro. Durante a a\u00e7\u00e3o, o Senac ir\u00e1 distribuir livros de literatura e did\u00e1ticos de sua editora aos participantes.<\/p>\n\n\n\n<p>A Biblioteca Municipal fica na avenida Dr. Cavalcanti, 396 \u2013 Complexo Argos. Mais informa\u00e7\u00f5es pelo telefone 4527-2110.<\/p>\n\n\n\n<p><strong>Assessoria de Imprensa<br>Foto: Fot\u00f3grafos PMJ <\/strong><\/p>\n","protected":false},"excerpt":{"rendered":"<p>O Senac realiza na Biblioteca Municipal Professor Nelson Foot nesta quinta-feira (20) um \u201cesquenta\u201d da programa\u00e7\u00e3o da sua 7\u00aa Semana Senac de Leitura. Durante o per\u00edodo da tarde, a arte-educadora Sheila Rocha realiza, a partir das 14h, a conta\u00e7\u00e3o da hist\u00f3ria &#8220;Josi em Busca do tesouro&#8221; e, em seguida, uma oficina de \u201cfanzine\u201d, g\u00eanero de [&hellip;]<\/p>\n","protected":false},"author":14,"featured_media":303726,"comment_status":"closed","ping_status":"0","sticky":false,"template":"","format":"standard","meta":{"footnotes":""},"categories":[2],"tags":[505,419,29,252],"ods":[],"class_list":["post-303722","post","type-post","status-publish","format-standard","has-post-thumbnail","hentry","category-noticias","tag-biblioteca-municipal-professor-nelson-foot","tag-complexo-argos","tag-cultura","tag-senac"],"_links":{"self":[{"href":"https:\/\/jundiai.sp.gov.br\/noticias\/wp-json\/wp\/v2\/posts\/303722","targetHints":{"allow":["GET"]}}],"collection":[{"href":"https:\/\/jundiai.sp.gov.br\/noticias\/wp-json\/wp\/v2\/posts"}],"about":[{"href":"https:\/\/jundiai.sp.gov.br\/noticias\/wp-json\/wp\/v2\/types\/post"}],"author":[{"embeddable":true,"href":"https:\/\/jundiai.sp.gov.br\/noticias\/wp-json\/wp\/v2\/users\/14"}],"replies":[{"embeddable":true,"href":"https:\/\/jundiai.sp.gov.br\/noticias\/wp-json\/wp\/v2\/comments?post=303722"}],"version-history":[{"count":2,"href":"https:\/\/jundiai.sp.gov.br\/noticias\/wp-json\/wp\/v2\/posts\/303722\/revisions"}],"predecessor-version":[{"id":303734,"href":"https:\/\/jundiai.sp.gov.br\/noticias\/wp-json\/wp\/v2\/posts\/303722\/revisions\/303734"}],"wp:featuredmedia":[{"embeddable":true,"href":"https:\/\/jundiai.sp.gov.br\/noticias\/wp-json\/wp\/v2\/media\/303726"}],"wp:attachment":[{"href":"https:\/\/jundiai.sp.gov.br\/noticias\/wp-json\/wp\/v2\/media?parent=303722"}],"wp:term":[{"taxonomy":"category","embeddable":true,"href":"https:\/\/jundiai.sp.gov.br\/noticias\/wp-json\/wp\/v2\/categories?post=303722"},{"taxonomy":"post_tag","embeddable":true,"href":"https:\/\/jundiai.sp.gov.br\/noticias\/wp-json\/wp\/v2\/tags?post=303722"},{"taxonomy":"ods","embeddable":true,"href":"https:\/\/jundiai.sp.gov.br\/noticias\/wp-json\/wp\/v2\/ods?post=303722"}],"curies":[{"name":"wp","href":"https:\/\/api.w.org\/{rel}","templated":true}]}}