{"id":303840,"date":"2022-10-20T09:00:00","date_gmt":"2022-10-20T12:00:00","guid":{"rendered":"https:\/\/jundiai.sp.gov.br\/noticias\/?p=303840"},"modified":"2022-10-19T16:37:05","modified_gmt":"2022-10-19T19:37:05","slug":"cultura-abre-inscricoes-para-concurso-de-decoracao-natalina","status":"publish","type":"post","link":"https:\/\/jundiai.sp.gov.br\/noticias\/2022\/10\/20\/cultura-abre-inscricoes-para-concurso-de-decoracao-natalina\/","title":{"rendered":"Cultura abre inscri\u00e7\u00f5es para concurso de Decora\u00e7\u00e3o Natalina"},"content":{"rendered":"\n<p>At\u00e9 o dia 04 de dezembro, a Unidade de Gest\u00e3o de Cultura (UGC) recebe as inscri\u00e7\u00f5es dos interessados em participar do concurso que vai premiar im\u00f3veis comerciais e residenciais de Jundia\u00ed decorados na tem\u00e1tica natalina.<\/p>\n\n\n\n<p>De acordo com o gestor de Cultura, Marcelo Peroni, a iniciativa tem como proposta preservar e incentivar a decora\u00e7\u00e3o como forma de cultura popular e ao mesmo tempo estimular a criatividade e aptid\u00f5es da comunidade, entidades e associa\u00e7\u00f5es e assim, tamb\u00e9m deixar a cidade mais bela, alegre e atraente para as festividades natalinas.<\/p>\n\n\n\n<p>\u201cEm Jundia\u00ed, a tradi\u00e7\u00e3o de enfeitar as fachadas e vitrines dos estabelecimentos comerciais sempre foi muito forte. Tamb\u00e9m nas resid\u00eancias dos jundiaienses o esp\u00edrito natalino se faz presente, com fam\u00edlias se dedicando a decorar n\u00e3o apenas a sala, com a tradicional \u00e1rvore de Natal, mas as janelas, jardins, portas e varandas de suas casas, algo que se estendeu para os pr\u00e9dios e condom\u00ednios da cidade. Assim, precisamos incentivar e preservar essa cultura popular\u201d, comentou.<\/p>\n\n\n\n<figure class=\"wp-block-image size-full\"><img loading=\"lazy\" decoding=\"async\" width=\"1280\" height=\"853\" src=\"https:\/\/jundiai.sp.gov.br\/noticias\/wp-content\/uploads\/sites\/32\/2022\/10\/solar-do-barao-noturna-natal-49.jpg\" alt=\"\" class=\"wp-image-303844\" srcset=\"https:\/\/jundiai.sp.gov.br\/noticias\/wp-content\/uploads\/sites\/32\/2022\/10\/solar-do-barao-noturna-natal-49.jpg 1280w, https:\/\/jundiai.sp.gov.br\/noticias\/wp-content\/uploads\/sites\/32\/2022\/10\/solar-do-barao-noturna-natal-49-300x200.jpg 300w, https:\/\/jundiai.sp.gov.br\/noticias\/wp-content\/uploads\/sites\/32\/2022\/10\/solar-do-barao-noturna-natal-49-768x512.jpg 768w, https:\/\/jundiai.sp.gov.br\/noticias\/wp-content\/uploads\/sites\/32\/2022\/10\/solar-do-barao-noturna-natal-49-450x300.jpg 450w\" sizes=\"auto, (max-width: 1280px) 100vw, 1280px\" \/><figcaption>Podem se inscrever interessados em concorrer nas categorias de im\u00f3veis residenciais e comerciais de Jundia\u00ed<\/figcaption><\/figure>\n\n\n\n<p><a href=\"https:\/\/docs.google.com\/forms\/d\/e\/1FAIpQLSeoL0N1nZLifcl-Bdg8B3fsBrdcExE94nsVm1NVCWMUB8X0Rw\/viewform\" target=\"_blank\" rel=\"noreferrer noopener\">As inscri\u00e7\u00f5es gratuitas devem ser feitas pela internet, por meio de formul\u00e1rio on-line, estando o interessado logado em alguma conta Google<\/a>. O concurso ir\u00e1 selecionar tr\u00eas im\u00f3veis na categoria comercial e tr\u00eas im\u00f3veis na categoria residencial. A premia\u00e7\u00e3o est\u00e1 assim definida para as duas categorias: R$ 2 mil para o primeiro lugar, R$ 1,5 mil para o segundo lugar e R$ 1 mil para o terceiro lugar.<\/p>\n\n\n\n<p>Tamb\u00e9m neste concurso ser\u00e1 premiada uma decora\u00e7\u00e3o por meio do voto popular. A vota\u00e7\u00e3o ser\u00e1 por meio de <a href=\"https:\/\/pt-br.facebook.com\/culturajundiai\/\" target=\"_blank\" rel=\"noreferrer noopener\">foto publicada na p\u00e1gina da Cultura no Facebook<\/a>. O respons\u00e1vel pela decora\u00e7\u00e3o escolhida pela popula\u00e7\u00e3o receber\u00e1 o trof\u00e9u \u201cNatal Jundia\u00ed \u2013 Voto Popular\u201d.<\/p>\n\n\n\n<p>Mais informa\u00e7\u00f5es podem ser obtidas no <a href=\"https:\/\/cultura.jundiai.sp.gov.br\/wp-content\/uploads\/2022\/10\/Concurso-09_2022-Decoracao-Natalina-2022.pdf\" target=\"_blank\" rel=\"noreferrer noopener\">edital de concurso n\u00ba 09\/2022<\/a>, no <a href=\"https:\/\/cultura.jundiai.sp.gov.br\/editais-e-regulamentos\/\" target=\"_blank\" rel=\"noreferrer noopener\">site da Cultura<\/a>, pelo e-mail <a href=\"mailto:dcultura@jundiai.sp.gov.br\" target=\"_blank\" rel=\"noreferrer noopener\">dcultura@jundiai.sp.gov.br<\/a> e pelo telefone 4589-6800<\/p>\n\n\n\n<p><strong>Assessoria de Imprensa<br>Foto: Arquivo PMJ<\/strong><\/p>\n","protected":false},"excerpt":{"rendered":"<p>At\u00e9 o dia 04 de dezembro, a Unidade de Gest\u00e3o de Cultura (UGC) recebe as inscri\u00e7\u00f5es dos interessados em participar do concurso que vai premiar im\u00f3veis comerciais e residenciais de Jundia\u00ed decorados na tem\u00e1tica natalina. De acordo com o gestor de Cultura, Marcelo Peroni, a iniciativa tem como proposta preservar e incentivar a decora\u00e7\u00e3o como [&hellip;]<\/p>\n","protected":false},"author":14,"featured_media":303843,"comment_status":"closed","ping_status":"0","sticky":false,"template":"","format":"standard","meta":{"footnotes":""},"categories":[2],"tags":[29],"ods":[],"class_list":["post-303840","post","type-post","status-publish","format-standard","has-post-thumbnail","hentry","category-noticias","tag-cultura"],"_links":{"self":[{"href":"https:\/\/jundiai.sp.gov.br\/noticias\/wp-json\/wp\/v2\/posts\/303840","targetHints":{"allow":["GET"]}}],"collection":[{"href":"https:\/\/jundiai.sp.gov.br\/noticias\/wp-json\/wp\/v2\/posts"}],"about":[{"href":"https:\/\/jundiai.sp.gov.br\/noticias\/wp-json\/wp\/v2\/types\/post"}],"author":[{"embeddable":true,"href":"https:\/\/jundiai.sp.gov.br\/noticias\/wp-json\/wp\/v2\/users\/14"}],"replies":[{"embeddable":true,"href":"https:\/\/jundiai.sp.gov.br\/noticias\/wp-json\/wp\/v2\/comments?post=303840"}],"version-history":[{"count":2,"href":"https:\/\/jundiai.sp.gov.br\/noticias\/wp-json\/wp\/v2\/posts\/303840\/revisions"}],"predecessor-version":[{"id":303845,"href":"https:\/\/jundiai.sp.gov.br\/noticias\/wp-json\/wp\/v2\/posts\/303840\/revisions\/303845"}],"wp:featuredmedia":[{"embeddable":true,"href":"https:\/\/jundiai.sp.gov.br\/noticias\/wp-json\/wp\/v2\/media\/303843"}],"wp:attachment":[{"href":"https:\/\/jundiai.sp.gov.br\/noticias\/wp-json\/wp\/v2\/media?parent=303840"}],"wp:term":[{"taxonomy":"category","embeddable":true,"href":"https:\/\/jundiai.sp.gov.br\/noticias\/wp-json\/wp\/v2\/categories?post=303840"},{"taxonomy":"post_tag","embeddable":true,"href":"https:\/\/jundiai.sp.gov.br\/noticias\/wp-json\/wp\/v2\/tags?post=303840"},{"taxonomy":"ods","embeddable":true,"href":"https:\/\/jundiai.sp.gov.br\/noticias\/wp-json\/wp\/v2\/ods?post=303840"}],"curies":[{"name":"wp","href":"https:\/\/api.w.org\/{rel}","templated":true}]}}