{"id":304190,"date":"2022-10-25T18:06:12","date_gmt":"2022-10-25T21:06:12","guid":{"rendered":"https:\/\/jundiai.sp.gov.br\/noticias\/?p=304190"},"modified":"2022-10-27T11:32:02","modified_gmt":"2022-10-27T14:32:02","slug":"campanha-de-reforco-contra-paralisia-infantil-termina-dia-31","status":"publish","type":"post","link":"https:\/\/jundiai.sp.gov.br\/noticias\/2022\/10\/25\/campanha-de-reforco-contra-paralisia-infantil-termina-dia-31\/","title":{"rendered":"Campanha de refor\u00e7o contra paralisia infantil termina dia 29"},"content":{"rendered":"\n<p>A campanha de refor\u00e7o contra a paralisia infantil para crian\u00e7as de 1 a 4 anos termina no pr\u00f3ximo s\u00e1bado (29). Jundia\u00ed segue disponibilizando as gotinhas em todas as Unidades B\u00e1sicas de Sa\u00fade (UBSs), no hor\u00e1rio das salas de vacina\u00e7\u00e3o, e tamb\u00e9m com as equipes da Unidade de Gest\u00e3o de Promo\u00e7\u00e3o da Sa\u00fade (UGPS) percorrendo escolas de Educa\u00e7\u00e3o Infantil para a aplica\u00e7\u00e3o das doses, na presen\u00e7a dos pais ou respons\u00e1veis ou mediante autoriza\u00e7\u00e3o assinada.<\/p>\n\n\n\n<p>A partir da atualiza\u00e7\u00e3o realizada pelo Minist\u00e9rio da Sa\u00fade na popula\u00e7\u00e3o alvo, Jundia\u00ed vacinou 13.869 crian\u00e7as, o que representa 66,15% das 20.967 aptas a tomar a vacina. No Brasil, a vacina\u00e7\u00e3o alcan\u00e7a 70,18% do p\u00fablico-alvo e no Estado, 64,70%. A a\u00e7\u00e3o foi desencadeada no dia 8 de agosto, com a meta de atingir pelo menos 95% da popula\u00e7\u00e3o de 1 a 4 anos.<\/p>\n\n\n\n<p>&nbsp;\u201cReiteramos a import\u00e2ncia de os pais se atentarem ao fato de que o v\u00edrus da P\u00f3lio permanece em circula\u00e7\u00e3o e a doen\u00e7a voltou em pa\u00edses como os Estados Unidos e Israel. \u00c9 necess\u00e1rio um esfor\u00e7o coletivo para n\u00e3o vermos a volta a paralisia infantil. A doen\u00e7a \u00e9 grave e n\u00e3o tem volta quando instalada a forma paral\u00edtica. As gotinhas est\u00e3o dispon\u00edveis em todas as UBSs e temos equipamentos que, inclusive, atendem at\u00e9 mais tarde. Basta levar a crian\u00e7a a qualquer uma, no hor\u00e1rio de atendimento, para receber o refor\u00e7o\u201d, alerta a coordenadora da Vigil\u00e2ncia Epidemiol\u00f3gica, Maria do Carmo Possidente.<\/p>\n\n\n\n<figure class=\"wp-block-image size-full\"><img loading=\"lazy\" decoding=\"async\" width=\"1280\" height=\"853\" src=\"https:\/\/jundiai.sp.gov.br\/noticias\/wp-content\/uploads\/sites\/32\/2022\/10\/multivacinacao-na-ubs-da-vila-hortolandia_fm_-24.jpg\" alt=\"\" class=\"wp-image-304193\" srcset=\"https:\/\/jundiai.sp.gov.br\/noticias\/wp-content\/uploads\/sites\/32\/2022\/10\/multivacinacao-na-ubs-da-vila-hortolandia_fm_-24.jpg 1280w, https:\/\/jundiai.sp.gov.br\/noticias\/wp-content\/uploads\/sites\/32\/2022\/10\/multivacinacao-na-ubs-da-vila-hortolandia_fm_-24-300x200.jpg 300w, https:\/\/jundiai.sp.gov.br\/noticias\/wp-content\/uploads\/sites\/32\/2022\/10\/multivacinacao-na-ubs-da-vila-hortolandia_fm_-24-768x512.jpg 768w, https:\/\/jundiai.sp.gov.br\/noticias\/wp-content\/uploads\/sites\/32\/2022\/10\/multivacinacao-na-ubs-da-vila-hortolandia_fm_-24-450x300.jpg 450w\" sizes=\"auto, (max-width: 1280px) 100vw, 1280px\" \/><figcaption>\u00c9 importante que as crian\u00e7as recebam o refor\u00e7o. A paralisia infantil \u00e9 uma doen\u00e7a grave<\/figcaption><\/figure>\n\n\n\n<p>A Prefeitura de Jundia\u00ed, para alavancar a campanha nacional, firmou parceria com os Rotarys Clubs do Munic\u00edpio e uniu esfor\u00e7os com as igrejas Cat\u00f3lica e Evang\u00e9lica para conscientizar os pais a levarem os filhos para receber as gotinhas. O Brasil n\u00e3o detecta casos de paralisia infantil desde 1990 e, em 1994, recebeu da Organiza\u00e7\u00e3o Pan-Americana da Sa\u00fade (Opas) a certifica\u00e7\u00e3o de \u00e1rea livre da doen\u00e7a.<\/p>\n\n\n\n<p><strong>Multivacina\u00e7\u00e3o<\/strong><br>A campanha nacional tamb\u00e9m \u00e9 voltada para a multivacina\u00e7\u00e3o de crian\u00e7as e adolescentes de 2 meses a 14 anos, 11 meses e 29 dias. Est\u00e3o sendo disponibilizados 18 imunizantes contra v\u00e1rias doen\u00e7as. A estrat\u00e9gia \u00e9 atualizar a caderneta de vacina\u00e7\u00e3o, de acordo com o Calend\u00e1rio Nacional de Vacina\u00e7\u00e3o.<\/p>\n\n\n\n<p><a href=\"https:\/\/jundiai.sp.gov.br\/saude\/rede-de-atendimento\/rede-completa-de-atendimento\/\">CONFIRA O ENDERE\u00c7O DAS UBSs<\/a><\/p>\n\n\n\n<p><strong>Assessoria de Imprensa<br>Foto: Fot\u00f3grafos PMJ<\/strong> <\/p>\n","protected":false},"excerpt":{"rendered":"<p>A campanha de refor\u00e7o contra a paralisia infantil para crian\u00e7as de 1 a 4 anos termina no pr\u00f3ximo s\u00e1bado (29). Jundia\u00ed segue disponibilizando as gotinhas em todas as Unidades B\u00e1sicas de Sa\u00fade (UBSs), no hor\u00e1rio das salas de vacina\u00e7\u00e3o, e tamb\u00e9m com as equipes da Unidade de Gest\u00e3o de Promo\u00e7\u00e3o da Sa\u00fade (UGPS) percorrendo escolas [&hellip;]<\/p>\n","protected":false},"author":50,"featured_media":304193,"comment_status":"closed","ping_status":"0","sticky":false,"template":"","format":"standard","meta":{"footnotes":""},"categories":[2],"tags":[3456,981,1307],"ods":[],"class_list":["post-304190","post","type-post","status-publish","format-standard","has-post-thumbnail","hentry","category-noticias","tag-paralisia-infantil","tag-promocao-da-saude","tag-ubs"],"_links":{"self":[{"href":"https:\/\/jundiai.sp.gov.br\/noticias\/wp-json\/wp\/v2\/posts\/304190","targetHints":{"allow":["GET"]}}],"collection":[{"href":"https:\/\/jundiai.sp.gov.br\/noticias\/wp-json\/wp\/v2\/posts"}],"about":[{"href":"https:\/\/jundiai.sp.gov.br\/noticias\/wp-json\/wp\/v2\/types\/post"}],"author":[{"embeddable":true,"href":"https:\/\/jundiai.sp.gov.br\/noticias\/wp-json\/wp\/v2\/users\/50"}],"replies":[{"embeddable":true,"href":"https:\/\/jundiai.sp.gov.br\/noticias\/wp-json\/wp\/v2\/comments?post=304190"}],"version-history":[{"count":7,"href":"https:\/\/jundiai.sp.gov.br\/noticias\/wp-json\/wp\/v2\/posts\/304190\/revisions"}],"predecessor-version":[{"id":304426,"href":"https:\/\/jundiai.sp.gov.br\/noticias\/wp-json\/wp\/v2\/posts\/304190\/revisions\/304426"}],"wp:featuredmedia":[{"embeddable":true,"href":"https:\/\/jundiai.sp.gov.br\/noticias\/wp-json\/wp\/v2\/media\/304193"}],"wp:attachment":[{"href":"https:\/\/jundiai.sp.gov.br\/noticias\/wp-json\/wp\/v2\/media?parent=304190"}],"wp:term":[{"taxonomy":"category","embeddable":true,"href":"https:\/\/jundiai.sp.gov.br\/noticias\/wp-json\/wp\/v2\/categories?post=304190"},{"taxonomy":"post_tag","embeddable":true,"href":"https:\/\/jundiai.sp.gov.br\/noticias\/wp-json\/wp\/v2\/tags?post=304190"},{"taxonomy":"ods","embeddable":true,"href":"https:\/\/jundiai.sp.gov.br\/noticias\/wp-json\/wp\/v2\/ods?post=304190"}],"curies":[{"name":"wp","href":"https:\/\/api.w.org\/{rel}","templated":true}]}}