{"id":304687,"date":"2022-11-06T08:00:00","date_gmt":"2022-11-06T11:00:00","guid":{"rendered":"https:\/\/jundiai.sp.gov.br\/noticias\/?p=304687"},"modified":"2022-11-04T11:09:24","modified_gmt":"2022-11-04T14:09:24","slug":"saude-amplia-em-mais-de-24-oferta-de-exames-de-diagnosticos","status":"publish","type":"post","link":"https:\/\/jundiai.sp.gov.br\/noticias\/2022\/11\/06\/saude-amplia-em-mais-de-24-oferta-de-exames-de-diagnosticos\/","title":{"rendered":"Sa\u00fade amplia em mais de 24% oferta de exames de diagn\u00f3sticos"},"content":{"rendered":"\n<p>Jundia\u00ed registra aumento de mais de 24% no quantitativo de exames diagn\u00f3sticos de ultrassonografia e raio-X ofertados pela rede municipal de sa\u00fade. Com a abertura da Cl\u00ednica da Fam\u00edlia e Pronto Atendimento Hortol\u00e2ndia &#8211; no dia 19 de setembro -, o n\u00famero de procedimentos saltou de 9.508 para 11.850, em m\u00e9dia. A amplia\u00e7\u00e3o possibilitou reduzir significativamente o tempo de acesso dos pacientes das regi\u00f5es Norte e Noroeste, que aguardam os dois exames.<br><br>\u201cFicou muito mais r\u00e1pido. O meu exame foi pedido segunda-feira (24) e agora eu j\u00e1 vou fazer. Tudo aqui \u00e9 novinho, uma ben\u00e7\u00e3o\u201d, comentou Maria Aparecida Batista, de 69 anos, uma das usu\u00e1rias do sistema que na \u00faltima quinta-feira (27) fizeram radiografia.<\/p>\n\n\n\n<p>Somente no exame de raio-X, a amplia\u00e7\u00e3o foi de 31,2%. At\u00e9 agosto eram realizados 4.516 exames; ap\u00f3s setembro, a m\u00e9dia passou a ser de 5.925. Em rela\u00e7\u00e3o a ultrassonografia, o aumento foi de 18,6%, saindo de uma m\u00e9dia de 4.992 para 5.925 neste m\u00eas.<\/p>\n\n\n\n<figure class=\"wp-block-image size-full\"><img loading=\"lazy\" decoding=\"async\" width=\"1280\" height=\"855\" src=\"https:\/\/jundiai.sp.gov.br\/noticias\/wp-content\/uploads\/sites\/32\/2022\/10\/maria-aparecida-batista.jpeg\" alt=\"\" class=\"wp-image-304696\" srcset=\"https:\/\/jundiai.sp.gov.br\/noticias\/wp-content\/uploads\/sites\/32\/2022\/10\/maria-aparecida-batista.jpeg 1280w, https:\/\/jundiai.sp.gov.br\/noticias\/wp-content\/uploads\/sites\/32\/2022\/10\/maria-aparecida-batista-300x200.jpeg 300w, https:\/\/jundiai.sp.gov.br\/noticias\/wp-content\/uploads\/sites\/32\/2022\/10\/maria-aparecida-batista-768x513.jpeg 768w, https:\/\/jundiai.sp.gov.br\/noticias\/wp-content\/uploads\/sites\/32\/2022\/10\/maria-aparecida-batista-450x300.jpeg 450w\" sizes=\"auto, (max-width: 1280px) 100vw, 1280px\" \/><figcaption>Maria Aparecida foi encaminhada para fazer raio-X no novo equipamento e aprovou<\/figcaption><\/figure>\n\n\n\n<p>\u201cA sa\u00fade \u00e9 a nossa prioridade e seguimos avan\u00e7ando com obras em Unidades B\u00e1sicas de Sa\u00fade (UBSs) e para a constru\u00e7\u00e3o de novos equipamentos, como a Cl\u00ednica da Fam\u00edlia e PA Ponte S\u00e3o Jo\u00e3o e o Ambulat\u00f3rio de Especialidades M\u00e9dicas e Diagn\u00f3sticos e Pronto Atendimento da Vila Progresso. S\u00e3o servi\u00e7os que agregam cada vez mais oferta completa de atendimento pr\u00f3ximo da casa das pessoas, permitindo a redu\u00e7\u00e3o de filas e maior resolutividade \u00e0 demanda, o que \u00e9 a nossa meta\u201d, afirma o prefeito Luiz Fernando Machado.<br><br>\u201cAssim como a Unidade de Pronto Atendimento (UPA) Vetor Oeste, o equipamento da Vila Hortol\u00e2ndia que passou a integrar a rede em setembro, permitiu a amplia\u00e7\u00e3o de servi\u00e7os a partir da regionaliza\u00e7\u00e3o da aten\u00e7\u00e3o b\u00e1sica e urg\u00eancia e emerg\u00eancia. No primeiro m\u00eas de funcionamento, foram mais de 8,7 mil atendimentos na Cl\u00ednica da Fam\u00edlia, com 80% de resolutividade nas demandas, e mais de 6 mil atendimentos no PA geral 12h, com cerca de 95% de resolutividade. S\u00e3o n\u00fameros positivos para a rede\u201d, ressalta o gestor de Promo\u00e7\u00e3o da Sa\u00fade, Tiago Texera.<\/p>\n\n\n\n<figure class=\"wp-block-image size-full\"><img loading=\"lazy\" decoding=\"async\" width=\"1280\" height=\"853\" src=\"https:\/\/jundiai.sp.gov.br\/noticias\/wp-content\/uploads\/sites\/32\/2022\/10\/inauguracao-clinica-da-familia-pa-hortolandia_fm_-292.jpg\" alt=\"\" class=\"wp-image-304688\" srcset=\"https:\/\/jundiai.sp.gov.br\/noticias\/wp-content\/uploads\/sites\/32\/2022\/10\/inauguracao-clinica-da-familia-pa-hortolandia_fm_-292.jpg 1280w, https:\/\/jundiai.sp.gov.br\/noticias\/wp-content\/uploads\/sites\/32\/2022\/10\/inauguracao-clinica-da-familia-pa-hortolandia_fm_-292-300x200.jpg 300w, https:\/\/jundiai.sp.gov.br\/noticias\/wp-content\/uploads\/sites\/32\/2022\/10\/inauguracao-clinica-da-familia-pa-hortolandia_fm_-292-768x512.jpg 768w, https:\/\/jundiai.sp.gov.br\/noticias\/wp-content\/uploads\/sites\/32\/2022\/10\/inauguracao-clinica-da-familia-pa-hortolandia_fm_-292-450x300.jpg 450w\" sizes=\"auto, (max-width: 1280px) 100vw, 1280px\" \/><figcaption>A Cl\u00ednica da Fam\u00edlia e Pronto Atendimento Hortol\u00e2ndia foi inaugurada em setembro <\/figcaption><\/figure>\n\n\n\n<p><strong>Investimento<\/strong><br>O pr\u00e9dio da Cl\u00ednica da Fam\u00edlia e Pronto Atendimento Hortol\u00e2ndia possui dois pavimentos, totalizando 1,5 mil m\u00b2 de constru\u00e7\u00e3o, com entradas separadas, sistema de ar condicionado central e elevador. Foram investidos R$ 6 milh\u00f5es para constru\u00e7\u00e3o e mais R$ 500 mil com mobili\u00e1rio.<br><br>O complexo sa\u00fade Hortol\u00e2ndia tamb\u00e9m conta com uma Unidade de Apoio, que agrega todo o apoio log\u00edstico \u00e0s equipes e atividades complementares, como farm\u00e1cia com a dispensa\u00e7\u00e3o de medicamentos de uso cont\u00ednuo e eventuais, medicamentos controlados com prescri\u00e7\u00e3o de controle especial, psicotr\u00f3picos, insumos para diabetes, al\u00e9m dos medicamentos e insumos do Programa de Assist\u00eancia Intensiva ao Tabagismo (PAIT). O espa\u00e7o recebeu R$ 1,6 milh\u00e3o de investimento.<br><br><strong>Assessoria de Imprensa<br>Foto: Fot\u00f3grafos PMJ<\/strong><\/p>\n","protected":false},"excerpt":{"rendered":"<p>Jundia\u00ed registra aumento de mais de 24% no quantitativo de exames diagn\u00f3sticos de ultrassonografia e raio-X ofertados pela rede municipal de sa\u00fade. Com a abertura da Cl\u00ednica da Fam\u00edlia e Pronto Atendimento Hortol\u00e2ndia &#8211; no dia 19 de setembro -, o n\u00famero de procedimentos saltou de 9.508 para 11.850, em m\u00e9dia. A amplia\u00e7\u00e3o possibilitou reduzir [&hellip;]<\/p>\n","protected":false},"author":50,"featured_media":304688,"comment_status":"closed","ping_status":"0","sticky":false,"template":"","format":"standard","meta":{"footnotes":""},"categories":[2],"tags":[3402,981],"ods":[],"class_list":["post-304687","post","type-post","status-publish","format-standard","has-post-thumbnail","hentry","category-noticias","tag-clinica-da-familia-hortolandia","tag-promocao-da-saude"],"_links":{"self":[{"href":"https:\/\/jundiai.sp.gov.br\/noticias\/wp-json\/wp\/v2\/posts\/304687","targetHints":{"allow":["GET"]}}],"collection":[{"href":"https:\/\/jundiai.sp.gov.br\/noticias\/wp-json\/wp\/v2\/posts"}],"about":[{"href":"https:\/\/jundiai.sp.gov.br\/noticias\/wp-json\/wp\/v2\/types\/post"}],"author":[{"embeddable":true,"href":"https:\/\/jundiai.sp.gov.br\/noticias\/wp-json\/wp\/v2\/users\/50"}],"replies":[{"embeddable":true,"href":"https:\/\/jundiai.sp.gov.br\/noticias\/wp-json\/wp\/v2\/comments?post=304687"}],"version-history":[{"count":8,"href":"https:\/\/jundiai.sp.gov.br\/noticias\/wp-json\/wp\/v2\/posts\/304687\/revisions"}],"predecessor-version":[{"id":304837,"href":"https:\/\/jundiai.sp.gov.br\/noticias\/wp-json\/wp\/v2\/posts\/304687\/revisions\/304837"}],"wp:featuredmedia":[{"embeddable":true,"href":"https:\/\/jundiai.sp.gov.br\/noticias\/wp-json\/wp\/v2\/media\/304688"}],"wp:attachment":[{"href":"https:\/\/jundiai.sp.gov.br\/noticias\/wp-json\/wp\/v2\/media?parent=304687"}],"wp:term":[{"taxonomy":"category","embeddable":true,"href":"https:\/\/jundiai.sp.gov.br\/noticias\/wp-json\/wp\/v2\/categories?post=304687"},{"taxonomy":"post_tag","embeddable":true,"href":"https:\/\/jundiai.sp.gov.br\/noticias\/wp-json\/wp\/v2\/tags?post=304687"},{"taxonomy":"ods","embeddable":true,"href":"https:\/\/jundiai.sp.gov.br\/noticias\/wp-json\/wp\/v2\/ods?post=304687"}],"curies":[{"name":"wp","href":"https:\/\/api.w.org\/{rel}","templated":true}]}}