{"id":305089,"date":"2022-11-09T07:32:40","date_gmt":"2022-11-09T10:32:40","guid":{"rendered":"https:\/\/jundiai.sp.gov.br\/noticias\/?p=305089"},"modified":"2022-11-09T07:32:40","modified_gmt":"2022-11-09T10:32:40","slug":"unidades-de-gestao-discutem-entregas-de-final-de-ano","status":"publish","type":"post","link":"https:\/\/jundiai.sp.gov.br\/noticias\/2022\/11\/09\/unidades-de-gestao-discutem-entregas-de-final-de-ano\/","title":{"rendered":"Unidades de Gest\u00e3o discutem entregas de final de ano"},"content":{"rendered":"\n<p>Na manh\u00e3 desta ter\u00e7a-feira (08), o Gestor de Governo e Finan\u00e7as, Jos\u00e9 Antonio Parimoschi, liderou a 18\u00aa rodada da Reuni\u00e3o de Monitoramento dos projetos priorit\u00e1rios a serem entregues \u00e0 popula\u00e7\u00e3o. No pen\u00faltimo encontro do ano, o tema principal foi as entregas previstas para o m\u00eas de dezembro.<\/p>\n\n\n\n<p>\u201cFaltam dois meses para terminar o ano, mas ainda temos muito trabalho a fazer. Essas reuni\u00f5es s\u00e3o fundamentais para que o governo atualize os cronogramas das obras em andamento e defina quais ser\u00e3o as entregas deste final de ano e como isso pode aumentar a oferta e a qualidade do servi\u00e7o prestado ao mun\u00edcipe\u201d, explica Parimoschi.<\/p>\n\n\n\n<p>Entre os projetos discutidos est\u00e3o a entrega dos vesti\u00e1rios no CECE Professora Helena Cestari, na Vila Comercial, a primeira fase da regulariza\u00e7\u00e3o fundi\u00e1ria de lotes no bairro Jardim Novo Horizonte, o diagn\u00f3stico pr\u00e9vio para o desenvolvimento do Plano Municipal de Seguran\u00e7a, investimentos em infraestrutura como o Complexo Vi\u00e1rio da Regi\u00e3o Sul, as a\u00e7\u00f5es de recapeamento e asfaltamento ecol\u00f3gico do Recanto da Prata, Fernandes\/Corrupira e Medeiros a Cl\u00ednica da Fam\u00edlia e Pronto Atendimento da Ponte S\u00e3o Jo\u00e3o, o Centro de Especialidades M\u00e9dicas e Diagn\u00f3stico e Pronto Atendimento da Vila Progresso, al\u00e9m das UBSs em reforma como Sarapiranga, Rio Branco, Morada das Vinhas e Alvorada. Ainda foram avaliados o andamento das obras de constru\u00e7\u00e3o das novas sedes das for\u00e7as de seguran\u00e7a e servi\u00e7os de urg\u00eancia e emerg\u00eancia, canil da GM, dentre outras obras que est\u00e3o em ajustes finais de contrato e licita\u00e7\u00e3o para iniciarem em 2023.<\/p>\n\n\n\n<figure class=\"wp-block-image size-full\"><img loading=\"lazy\" decoding=\"async\" width=\"1280\" height=\"853\" src=\"https:\/\/jundiai.sp.gov.br\/noticias\/wp-content\/uploads\/sites\/32\/2022\/11\/18_reuniao_de_plataforma-37.jpg\" alt=\"DESCRI\u00c7\u00c3O DE IMAGEM: Na sala de situa\u00e7\u00e3o, gestores e diretores das uni\" class=\"wp-image-305095\" srcset=\"https:\/\/jundiai.sp.gov.br\/noticias\/wp-content\/uploads\/sites\/32\/2022\/11\/18_reuniao_de_plataforma-37.jpg 1280w, https:\/\/jundiai.sp.gov.br\/noticias\/wp-content\/uploads\/sites\/32\/2022\/11\/18_reuniao_de_plataforma-37-300x200.jpg 300w, https:\/\/jundiai.sp.gov.br\/noticias\/wp-content\/uploads\/sites\/32\/2022\/11\/18_reuniao_de_plataforma-37-768x512.jpg 768w, https:\/\/jundiai.sp.gov.br\/noticias\/wp-content\/uploads\/sites\/32\/2022\/11\/18_reuniao_de_plataforma-37-450x300.jpg 450w\" sizes=\"auto, (max-width: 1280px) 100vw, 1280px\" \/><figcaption>Reuni\u00e3o de Plataforma chega a sua 18\u00aa rodada com monitoramento de projetos e entregas para a cidade<\/figcaption><\/figure>\n\n\n\n<p>A reuni\u00e3o teve a presen\u00e7a de gestores e diretores das Unidades de Gest\u00e3o de Promo\u00e7\u00e3o da Sa\u00fade (UGPS), Esporte e Lazer (UGEL), Educa\u00e7\u00e3o (UGE), Cultura (UGC), Seguran\u00e7a Municipal (UGSM), Assist\u00eancia e Desenvolvimento Social (UGADS), Funda\u00e7\u00e3o Municipal de A\u00e7\u00e3o Social (FUMAS), Infraestrutura e Servi\u00e7os P\u00fablicos (UGISP), Mobilidade e Transporte (UGMT), Planejamento Urbano e Meio Ambiente (UGPUMA), Desenvolvimento Econ\u00f4mico, Ci\u00eancia e Tecnologia (UGDECT), Neg\u00f3cios Jur\u00eddicos e Cidadania (UGNJC), Administra\u00e7\u00e3o e Gest\u00e3o de Pessoas (UGAGP), DAE e Agroneg\u00f3cio, Abastecimento e Turismo (UGAAT) e Inova\u00e7\u00e3o e Rela\u00e7\u00e3o com o Cidad\u00e3o (UGIRC). Cada um teve a oportunidade de discutir os projetos de forma individual e detalhada.<\/p>\n\n\n\n<p><strong>Assessoria de Imprensa<br>Fotos: Fot\u00f3grafos PMJ<\/strong><\/p>\n","protected":false},"excerpt":{"rendered":"<p>Na manh\u00e3 desta ter\u00e7a-feira (08), o Gestor de Governo e Finan\u00e7as, Jos\u00e9 Antonio Parimoschi, liderou a 18\u00aa rodada da Reuni\u00e3o de Monitoramento dos projetos priorit\u00e1rios a serem entregues \u00e0 popula\u00e7\u00e3o. No pen\u00faltimo encontro do ano, o tema principal foi as entregas previstas para o m\u00eas de dezembro. \u201cFaltam dois meses para terminar o ano, mas [&hellip;]<\/p>\n","protected":false},"author":39,"featured_media":305095,"comment_status":"closed","ping_status":"0","sticky":false,"template":"","format":"standard","meta":{"footnotes":""},"categories":[2],"tags":[983,1585],"ods":[],"class_list":["post-305089","post","type-post","status-publish","format-standard","has-post-thumbnail","hentry","category-noticias","tag-governo-e-financas","tag-reuniao-de-plataforma"],"_links":{"self":[{"href":"https:\/\/jundiai.sp.gov.br\/noticias\/wp-json\/wp\/v2\/posts\/305089","targetHints":{"allow":["GET"]}}],"collection":[{"href":"https:\/\/jundiai.sp.gov.br\/noticias\/wp-json\/wp\/v2\/posts"}],"about":[{"href":"https:\/\/jundiai.sp.gov.br\/noticias\/wp-json\/wp\/v2\/types\/post"}],"author":[{"embeddable":true,"href":"https:\/\/jundiai.sp.gov.br\/noticias\/wp-json\/wp\/v2\/users\/39"}],"replies":[{"embeddable":true,"href":"https:\/\/jundiai.sp.gov.br\/noticias\/wp-json\/wp\/v2\/comments?post=305089"}],"version-history":[{"count":9,"href":"https:\/\/jundiai.sp.gov.br\/noticias\/wp-json\/wp\/v2\/posts\/305089\/revisions"}],"predecessor-version":[{"id":305099,"href":"https:\/\/jundiai.sp.gov.br\/noticias\/wp-json\/wp\/v2\/posts\/305089\/revisions\/305099"}],"wp:featuredmedia":[{"embeddable":true,"href":"https:\/\/jundiai.sp.gov.br\/noticias\/wp-json\/wp\/v2\/media\/305095"}],"wp:attachment":[{"href":"https:\/\/jundiai.sp.gov.br\/noticias\/wp-json\/wp\/v2\/media?parent=305089"}],"wp:term":[{"taxonomy":"category","embeddable":true,"href":"https:\/\/jundiai.sp.gov.br\/noticias\/wp-json\/wp\/v2\/categories?post=305089"},{"taxonomy":"post_tag","embeddable":true,"href":"https:\/\/jundiai.sp.gov.br\/noticias\/wp-json\/wp\/v2\/tags?post=305089"},{"taxonomy":"ods","embeddable":true,"href":"https:\/\/jundiai.sp.gov.br\/noticias\/wp-json\/wp\/v2\/ods?post=305089"}],"curies":[{"name":"wp","href":"https:\/\/api.w.org\/{rel}","templated":true}]}}