{"id":305118,"date":"2022-12-27T08:15:00","date_gmt":"2022-12-27T11:15:00","guid":{"rendered":"https:\/\/jundiai.sp.gov.br\/noticias\/?p=305118"},"modified":"2022-12-20T19:03:04","modified_gmt":"2022-12-20T22:03:04","slug":"em-pesquisa-pacientes-aprovam-servico-de-saude","status":"publish","type":"post","link":"https:\/\/jundiai.sp.gov.br\/noticias\/2022\/12\/27\/em-pesquisa-pacientes-aprovam-servico-de-saude\/","title":{"rendered":"Em pesquisa, pacientes aprovam servi\u00e7o de sa\u00fade"},"content":{"rendered":"\n<p>A avalia\u00e7\u00e3o positiva dos servi\u00e7os ofertados pela rede de sa\u00fade de Jundia\u00ed supera os 80%. Os dados est\u00e3o em pesquisa realizada a partir dos totens \u201cGuardi\u00e3o da Sa\u00fade&#8221;, entre os meses de maio e agosto &#8211; segundo quadrimestre do ano. Os 15 equipamentos espalhados pela cidade s\u00e3o conectados via internet e permitem ao usu\u00e1rio opinar e registrar cr\u00edticas, elogios, sugest\u00f5es e reclama\u00e7\u00f5es sem a necessidade de identifica\u00e7\u00e3o.<br><br>Dos 9.424 usu\u00e1rios participantes no per\u00edodo, 85% indicam os servi\u00e7os prestados pela Prefeitura de Jundia\u00ed, por meio da Unidade de Gest\u00e3o de Promo\u00e7\u00e3o da Sa\u00fade (UGPS), para outras pessoas.<br><br>Al\u00e9m desse quesito, o mun\u00edcipe pode responder outras tr\u00eas quest\u00f5es de m\u00faltiplas escolhas. No per\u00edodo, no quesito recep\u00e7\u00e3o, 81% avaliaram positivamente (56% \u00f3timo e 25% bom); em profissionais, a valida\u00e7\u00e3o chega a 77% (54% \u00f3timo e 23% bom); e em limpeza, higiene e organiza\u00e7\u00e3o, as avali\u00e7\u00f5es como \u00f3timo e bom somam 83% (54% \u00f3timo e 29% bom).<\/p>\n\n\n\n<p>O sistema \u00e9 um dos principais instrumentos utilizados pela gest\u00e3o para que a popula\u00e7\u00e3o se comunique com a Prefeitura, apontando o que \u00e9 necess\u00e1rio melhorar e o que est\u00e1 correto.<\/p>\n\n\n\n<figure class=\"wp-block-image size-full\"><img loading=\"lazy\" decoding=\"async\" width=\"1280\" height=\"769\" src=\"https:\/\/jundiai.sp.gov.br\/noticias\/wp-content\/uploads\/sites\/32\/2022\/11\/grafico-guardiao-da-saude.png\" alt=\"\" class=\"wp-image-305149\" srcset=\"https:\/\/jundiai.sp.gov.br\/noticias\/wp-content\/uploads\/sites\/32\/2022\/11\/grafico-guardiao-da-saude.png 1280w, https:\/\/jundiai.sp.gov.br\/noticias\/wp-content\/uploads\/sites\/32\/2022\/11\/grafico-guardiao-da-saude-300x180.png 300w, https:\/\/jundiai.sp.gov.br\/noticias\/wp-content\/uploads\/sites\/32\/2022\/11\/grafico-guardiao-da-saude-768x461.png 768w\" sizes=\"auto, (max-width: 1280px) 100vw, 1280px\" \/><\/figure>\n\n\n\n<p>\u201cCom base nessas opini\u00f5es, qualificamos os servi\u00e7os, organizamos o atendimento e trazemos uma melhor forma de cuidar do usu\u00e1rio da nossa rede. A sa\u00fade \u00e9 a nossa prioridade e, desde 2017, investimentos na melhoria da ambi\u00eancia e em tecnologia, e tamb\u00e9m na implementa\u00e7\u00e3o do atendimento humanizado, por meio de capacita\u00e7\u00f5es voltadas aos servidores e da amplia\u00e7\u00e3o do Programa Posso Ajudar. Pelo que indica a avalia\u00e7\u00e3o, estamos no caminho certo\u201d, ressalta o prefeito Luiz Fernando Machado.<br><br>\u201cTodas as indica\u00e7\u00f5es s\u00e3o recebidas em tempo real pela gest\u00e3o. As pontua\u00e7\u00f5es negativas, ou seja, com indicativo de ruim \u2013 em torno de 7%, em m\u00e9dia &#8211; s\u00e3o extremamente importantes e s\u00e3o analisadas pontualmente para que, de imediato, sejam feitas as interven\u00e7\u00f5es com as equipes para a solu\u00e7\u00e3o\u201d, informa o gestor de Promo\u00e7\u00e3o da Sa\u00fade, Tiago Texera.<\/p>\n\n\n\n<figure class=\"wp-block-image size-full\"><img loading=\"lazy\" decoding=\"async\" width=\"1280\" height=\"857\" src=\"https:\/\/jundiai.sp.gov.br\/noticias\/wp-content\/uploads\/sites\/32\/2022\/11\/nova-ubs-jundiai-mirim-posso-ajudar-e-totem-guardiao-da-saude-priscila-regina-rodrigues-garcia_fm_-7.jpg\" alt=\"\" class=\"wp-image-305120\" srcset=\"https:\/\/jundiai.sp.gov.br\/noticias\/wp-content\/uploads\/sites\/32\/2022\/11\/nova-ubs-jundiai-mirim-posso-ajudar-e-totem-guardiao-da-saude-priscila-regina-rodrigues-garcia_fm_-7.jpg 1280w, https:\/\/jundiai.sp.gov.br\/noticias\/wp-content\/uploads\/sites\/32\/2022\/11\/nova-ubs-jundiai-mirim-posso-ajudar-e-totem-guardiao-da-saude-priscila-regina-rodrigues-garcia_fm_-7-300x201.jpg 300w, https:\/\/jundiai.sp.gov.br\/noticias\/wp-content\/uploads\/sites\/32\/2022\/11\/nova-ubs-jundiai-mirim-posso-ajudar-e-totem-guardiao-da-saude-priscila-regina-rodrigues-garcia_fm_-7-768x514.jpg 768w, https:\/\/jundiai.sp.gov.br\/noticias\/wp-content\/uploads\/sites\/32\/2022\/11\/nova-ubs-jundiai-mirim-posso-ajudar-e-totem-guardiao-da-saude-priscila-regina-rodrigues-garcia_fm_-7-450x300.jpg 450w\" sizes=\"auto, (max-width: 1280px) 100vw, 1280px\" \/><figcaption class=\"wp-element-caption\">Ap\u00f3s conhecer a ferramenta, Priscila participou da pesquisa<\/figcaption><\/figure>\n\n\n\n<p><strong>Facilidade<\/strong><br>Para a dona de casa Priscila Regina Rodrigues Garcia, que utilizou o equipamento pela primeira vez na UBS Jundia\u00ed Mirim, deixar sua avalia\u00e7\u00e3o foi importante. \u201cFoi bom poder opinar e de um jeito t\u00e3o f\u00e1cil\u201d.<\/p>\n\n\n\n<p>\u201c\u00c9 uma ferramenta muito bacana para que fiquem sabendo na Prefeitura o que achamos do servi\u00e7o e como fomos atendidos. Foi muito r\u00e1pido fazer o meu registro\u201d, tamb\u00e9m comentou a dona de casa Maria Regina Patelli.<br><br>Ao todo, desde o in\u00edcio da opera\u00e7\u00e3o do \u201cGuardi\u00e3o da Sa\u00fade\u201d, 153.193 avalia\u00e7\u00f5es foram registradas no sistema. Novo balan\u00e7o ser\u00e1 divulgado no final do terceiro quadrimestre do ano.<\/p>\n\n\n\n<figure class=\"wp-block-image size-full\"><img loading=\"lazy\" decoding=\"async\" width=\"1280\" height=\"853\" src=\"https:\/\/jundiai.sp.gov.br\/noticias\/wp-content\/uploads\/sites\/32\/2022\/11\/nova-ubs-jundiai-mirim-posso-ajudar-e-totem-guardiao-da-saude-maria-regina-patelli_fm_-12.jpg\" alt=\"\" class=\"wp-image-305121\" srcset=\"https:\/\/jundiai.sp.gov.br\/noticias\/wp-content\/uploads\/sites\/32\/2022\/11\/nova-ubs-jundiai-mirim-posso-ajudar-e-totem-guardiao-da-saude-maria-regina-patelli_fm_-12.jpg 1280w, https:\/\/jundiai.sp.gov.br\/noticias\/wp-content\/uploads\/sites\/32\/2022\/11\/nova-ubs-jundiai-mirim-posso-ajudar-e-totem-guardiao-da-saude-maria-regina-patelli_fm_-12-300x200.jpg 300w, https:\/\/jundiai.sp.gov.br\/noticias\/wp-content\/uploads\/sites\/32\/2022\/11\/nova-ubs-jundiai-mirim-posso-ajudar-e-totem-guardiao-da-saude-maria-regina-patelli_fm_-12-768x512.jpg 768w, https:\/\/jundiai.sp.gov.br\/noticias\/wp-content\/uploads\/sites\/32\/2022\/11\/nova-ubs-jundiai-mirim-posso-ajudar-e-totem-guardiao-da-saude-maria-regina-patelli_fm_-12-450x300.jpg 450w\" sizes=\"auto, (max-width: 1280px) 100vw, 1280px\" \/><figcaption class=\"wp-element-caption\">Maria Regina aprovou a ferramenta e deixou sua opini\u00e3o registrada<\/figcaption><\/figure>\n\n\n\n<p><strong>Posso Ajudar<\/strong><br>A UGPS, tamb\u00e9m dentro das a\u00e7\u00f5es que proporcionam qualifica\u00e7\u00e3o ao atendimento, tem o Programa Posso Ajudar, servi\u00e7o baseado na orienta\u00e7\u00e3o feita por atendente qualificado para solucionar as d\u00favidas dos pacientes, antes ou ap\u00f3s consultas ou procedimentos realizados.<br><br>Al\u00e9m das 35 UBSs, em locais como o Centro de Conviv\u00eancia, Cultura, Trabalho e Gera\u00e7\u00e3o de Renda (CECCO), a Academia de Sa\u00fade e o Centro de Testagem e Aconselhamento (CTA), os usu\u00e1rios s\u00e3o recepcionados e acolhidos pelos atendentes, o que tamb\u00e9m otimiza o tempo de perman\u00eancia nos servi\u00e7os.<br><br>\u201c\u00c9 fundamental que o bom atendimento comece na porta de entrada do servi\u00e7o e que o usu\u00e1rio possa monitorar a qualidade dos nossos servi\u00e7os, indicando melhorias necess\u00e1rias e apontando o que est\u00e1 dando certo. Desta forma, vamos melhorando cada vez mais as pol\u00edticas p\u00fablicas a partir de planejamento estrat\u00e9gico em sa\u00fade\u201d, acrescenta a diretora do Departamento de Planejamento, Gest\u00e3o e Finan\u00e7as da UGPS, Daniela Regina Tafarelo Zito.<br><br><strong>Assessoria de Imprensa<br>Fotos: Fot\u00f3grafos PMJ<\/strong><\/p>\n","protected":false},"excerpt":{"rendered":"<p>A avalia\u00e7\u00e3o positiva dos servi\u00e7os ofertados pela rede de sa\u00fade de Jundia\u00ed supera os 80%. Os dados est\u00e3o em pesquisa realizada a partir dos totens \u201cGuardi\u00e3o da Sa\u00fade&#8221;, entre os meses de maio e agosto &#8211; segundo quadrimestre do ano. Os 15 equipamentos espalhados pela cidade s\u00e3o conectados via internet e permitem ao usu\u00e1rio opinar [&hellip;]<\/p>\n","protected":false},"author":50,"featured_media":305123,"comment_status":"closed","ping_status":"0","sticky":false,"template":"","format":"standard","meta":{"footnotes":""},"categories":[2],"tags":[1138,3353,981],"ods":[],"class_list":["post-305118","post","type-post","status-publish","format-standard","has-post-thumbnail","hentry","category-noticias","tag-guardiao-da-saude","tag-posso-ajudar","tag-promocao-da-saude"],"_links":{"self":[{"href":"https:\/\/jundiai.sp.gov.br\/noticias\/wp-json\/wp\/v2\/posts\/305118","targetHints":{"allow":["GET"]}}],"collection":[{"href":"https:\/\/jundiai.sp.gov.br\/noticias\/wp-json\/wp\/v2\/posts"}],"about":[{"href":"https:\/\/jundiai.sp.gov.br\/noticias\/wp-json\/wp\/v2\/types\/post"}],"author":[{"embeddable":true,"href":"https:\/\/jundiai.sp.gov.br\/noticias\/wp-json\/wp\/v2\/users\/50"}],"replies":[{"embeddable":true,"href":"https:\/\/jundiai.sp.gov.br\/noticias\/wp-json\/wp\/v2\/comments?post=305118"}],"version-history":[{"count":13,"href":"https:\/\/jundiai.sp.gov.br\/noticias\/wp-json\/wp\/v2\/posts\/305118\/revisions"}],"predecessor-version":[{"id":308013,"href":"https:\/\/jundiai.sp.gov.br\/noticias\/wp-json\/wp\/v2\/posts\/305118\/revisions\/308013"}],"wp:featuredmedia":[{"embeddable":true,"href":"https:\/\/jundiai.sp.gov.br\/noticias\/wp-json\/wp\/v2\/media\/305123"}],"wp:attachment":[{"href":"https:\/\/jundiai.sp.gov.br\/noticias\/wp-json\/wp\/v2\/media?parent=305118"}],"wp:term":[{"taxonomy":"category","embeddable":true,"href":"https:\/\/jundiai.sp.gov.br\/noticias\/wp-json\/wp\/v2\/categories?post=305118"},{"taxonomy":"post_tag","embeddable":true,"href":"https:\/\/jundiai.sp.gov.br\/noticias\/wp-json\/wp\/v2\/tags?post=305118"},{"taxonomy":"ods","embeddable":true,"href":"https:\/\/jundiai.sp.gov.br\/noticias\/wp-json\/wp\/v2\/ods?post=305118"}],"curies":[{"name":"wp","href":"https:\/\/api.w.org\/{rel}","templated":true}]}}