{"id":305269,"date":"2022-11-15T10:00:00","date_gmt":"2022-11-15T13:00:00","guid":{"rendered":"https:\/\/jundiai.sp.gov.br\/noticias\/?p=305269"},"modified":"2022-11-10T15:37:48","modified_gmt":"2022-11-10T18:37:48","slug":"cursos-descentralizados-facilitam-o-acesso-ao-conhecimento-e-a-qualificacao-profissional","status":"publish","type":"post","link":"https:\/\/jundiai.sp.gov.br\/noticias\/2022\/11\/15\/cursos-descentralizados-facilitam-o-acesso-ao-conhecimento-e-a-qualificacao-profissional\/","title":{"rendered":"<strong>Cursos descentralizados facilitam o acesso ao conhecimento e \u00e0 qualifica\u00e7\u00e3o profissional<\/strong>"},"content":{"rendered":"\n<p>Bastante conhecido por oferecer cursos gratuitos de qualifica\u00e7\u00e3o profissional \u00e0 popula\u00e7\u00e3o, o Fundo Social de Solidariedade de Jundia\u00ed (Funss) refor\u00e7a esta sua voca\u00e7\u00e3o tamb\u00e9m por meio da descentraliza\u00e7\u00e3o de capacita\u00e7\u00f5es. De fevereiro a outubro deste ano, 1988 vagas foram disponibilizadas pelo Funss. Destas, 543 foram ofertadas, exclusivamente, para turmas com aulas realizadas em localidades mais afastadas da regi\u00e3o central.<\/p>\n\n\n\n<p>De acordo com a primeira-dama e presidente do Funss, Vanessa Machado, o avan\u00e7o firme e consistente na oferta de capacita\u00e7\u00f5es, workshops e oficinas \u00e9 resultado do comprometimento com as necessidades e os anseios das pessoas que residem em Jundia\u00ed. \u201cAcreditamos que a forma\u00e7\u00e3o \u00e9 o alicerce da transforma\u00e7\u00e3o de realidades. Por isso, assumimos e cumprimos o nosso compromisso de levar os cursos aos bairros. Desta maneira, facilitamos ainda mais o acesso \u00e0 capacita\u00e7\u00e3o e, tamb\u00e9m, integramos toda a comunidade\u201d, explicou.<\/p>\n\n\n\n<figure class=\"wp-block-image size-full\"><img loading=\"lazy\" decoding=\"async\" width=\"1280\" height=\"853\" src=\"https:\/\/jundiai.sp.gov.br\/noticias\/wp-content\/uploads\/sites\/32\/2022\/11\/cuidador_elisabete.jpg\" alt=\"\" class=\"wp-image-305277\" srcset=\"https:\/\/jundiai.sp.gov.br\/noticias\/wp-content\/uploads\/sites\/32\/2022\/11\/cuidador_elisabete.jpg 1280w, https:\/\/jundiai.sp.gov.br\/noticias\/wp-content\/uploads\/sites\/32\/2022\/11\/cuidador_elisabete-300x200.jpg 300w, https:\/\/jundiai.sp.gov.br\/noticias\/wp-content\/uploads\/sites\/32\/2022\/11\/cuidador_elisabete-768x512.jpg 768w, https:\/\/jundiai.sp.gov.br\/noticias\/wp-content\/uploads\/sites\/32\/2022\/11\/cuidador_elisabete-450x300.jpg 450w\" sizes=\"auto, (max-width: 1280px) 100vw, 1280px\" \/><figcaption class=\"wp-element-caption\">Elisabete buscou o curso do Fundo Social para ter uma profiss\u00e3o<\/figcaption><\/figure>\n\n\n\n<p>Os cursos que s\u00e3o realizados de forma descentralizada possuem a mesma qualidade e o mesmo conte\u00fado program\u00e1tico daqueles que s\u00e3o desenvolvidos na sede do Fundo Social, no Parque da Uva. Al\u00e9m de forma\u00e7\u00f5es que exigem investimento inicial baixo e t\u00eam capacidade de gera\u00e7\u00e3o de renda r\u00e1pida, como Manicure e Pedicure, Designer de Sobrancelhas, Eletricista, Costura Criativa e Gastronomia, o Funss tamb\u00e9m est\u00e1 atento \u00e0s exig\u00eancias e necessidades do mercado de trabalho, como \u00e9 o caso das turmas de Cuidador de Idosos, promovidas em parceria com o Conselho Municipal de Direitos da Pessoa Idosa (COMDIPI). A \u00faltima foi promovida na regi\u00e3o do bairro Morada das Vinhas, com aulas no Centro de Integra\u00e7\u00e3o da Cidadania (CIC) Ary Fossen.<\/p>\n\n\n\n<p>\u201cEu procurei o curso do Fundo Social para ter uma profiss\u00e3o. Aos finais de semana, eu trabalho como folguista na casa de uma fam\u00edlia, mas a minha ideia \u00e9 tamb\u00e9m buscar uma oportunidade de trabalho em uma cl\u00ednica de repouso a partir do meu diploma\u201d, contou a aluna Elisabete Kuntgen Pereira da Costa, de 38 anos, moradora no Jardim Bonfiglioli.<\/p>\n\n\n\n<figure class=\"wp-block-image size-full\"><img loading=\"lazy\" decoding=\"async\" width=\"1280\" height=\"853\" src=\"https:\/\/jundiai.sp.gov.br\/noticias\/wp-content\/uploads\/sites\/32\/2022\/11\/dpf0373.jpg\" alt=\"\" class=\"wp-image-305279\" srcset=\"https:\/\/jundiai.sp.gov.br\/noticias\/wp-content\/uploads\/sites\/32\/2022\/11\/dpf0373.jpg 1280w, https:\/\/jundiai.sp.gov.br\/noticias\/wp-content\/uploads\/sites\/32\/2022\/11\/dpf0373-300x200.jpg 300w, https:\/\/jundiai.sp.gov.br\/noticias\/wp-content\/uploads\/sites\/32\/2022\/11\/dpf0373-768x512.jpg 768w, https:\/\/jundiai.sp.gov.br\/noticias\/wp-content\/uploads\/sites\/32\/2022\/11\/dpf0373-450x300.jpg 450w\" sizes=\"auto, (max-width: 1280px) 100vw, 1280px\" \/><figcaption class=\"wp-element-caption\">Ednaldo: oportunidade de aprendizado de qualidade<\/figcaption><\/figure>\n\n\n\n<p>Atualmente trabalhando em uma empresa metal\u00fargica, Ednaldo de Souza Amaro, de 33 anos, tamb\u00e9m \u00e9 aluno do Funss. \u201cOs cursos oferecidos pelo Fundo Social s\u00e3o excelentes. J\u00e1 participei das turmas de Eletricista Residencial, Panifica\u00e7\u00e3o e, agora, Cuidador de Idosos. Al\u00e9m de conhecermos outras pessoas, temos a chance de aprender com professores atenciosos e capacitados. Sempre que tiver a chance de participar, quero estar envolvido e aprimorando os meus conhecimentos\u201d.<\/p>\n\n\n\n<p>\u201cO Fundo Social tem sido protagonista nessa parceria com o COMDIPI e as Assessorias de Pol\u00edticas P\u00fablicas de Direitos Humanos e do Idoso. O COMDIPI tem por prioridade o aporte de recursos em projetos de atendimento \u00e0 pessoa idosa com plano de trabalho, crit\u00e9rios de atendimento justos, inclus\u00e3o social, atendimento de vulnerabilidade e legalidade com financiamento atrav\u00e9s de recursos do Fundo Municipal da Pessoa Idosa\u201d, afirmou F\u00e9 Juncal, presidente COMDIPI.&nbsp;<\/p>\n\n\n\n<p>\u201c\u00c9 uma alegria contar com o apoio de empresas, institui\u00e7\u00f5es e organiza\u00e7\u00f5es amigas que, assim como n\u00f3s, tamb\u00e9m acreditam neste trabalho que transforma talentos em oportunidades\u201d, afirmou a diretora do Funss, Francine Picardi.<\/p>\n\n\n\n<p>Para mais informa\u00e7\u00f5es sobre cursos gratuitos, os interessados podem ligar para o Fundo Social pelos telefones (11) 4589-6319, 4589-6320, 4589-6322. O Funss fica localizado dentro do Parque da Uva. O acesso \u00e9 pela avenida Dona Manoela Lacerda de Vergueiro, s\/n, port\u00e3o 03, bairro Anhangaba\u00fa. O funcionamento da unidade \u00e9 de segunda a sexta-feira, das 8h \u00e0s 17h, exceto feriados.<\/p>\n\n\n\n<p><strong>Assessoria de Imprensa<\/strong><\/p>\n\n\n\n<p><strong>Foto: Fot\u00f3grafo PMJ<\/strong><\/p>\n","protected":false},"excerpt":{"rendered":"<p>Bastante conhecido por oferecer cursos gratuitos de qualifica\u00e7\u00e3o profissional \u00e0 popula\u00e7\u00e3o, o Fundo Social de Solidariedade de Jundia\u00ed (Funss) refor\u00e7a esta sua voca\u00e7\u00e3o tamb\u00e9m por meio da descentraliza\u00e7\u00e3o de capacita\u00e7\u00f5es. De fevereiro a outubro deste ano, 1988 vagas foram disponibilizadas pelo Funss. Destas, 543 foram ofertadas, exclusivamente, para turmas com aulas realizadas em localidades mais [&hellip;]<\/p>\n","protected":false},"author":49,"featured_media":305277,"comment_status":"closed","ping_status":"0","sticky":false,"template":"","format":"standard","meta":{"footnotes":""},"categories":[2],"tags":[1039,416],"ods":[],"class_list":["post-305269","post","type-post","status-publish","format-standard","has-post-thumbnail","hentry","category-noticias","tag-cursos-funss","tag-fundo-social-de-solidariedade-funss"],"_links":{"self":[{"href":"https:\/\/jundiai.sp.gov.br\/noticias\/wp-json\/wp\/v2\/posts\/305269","targetHints":{"allow":["GET"]}}],"collection":[{"href":"https:\/\/jundiai.sp.gov.br\/noticias\/wp-json\/wp\/v2\/posts"}],"about":[{"href":"https:\/\/jundiai.sp.gov.br\/noticias\/wp-json\/wp\/v2\/types\/post"}],"author":[{"embeddable":true,"href":"https:\/\/jundiai.sp.gov.br\/noticias\/wp-json\/wp\/v2\/users\/49"}],"replies":[{"embeddable":true,"href":"https:\/\/jundiai.sp.gov.br\/noticias\/wp-json\/wp\/v2\/comments?post=305269"}],"version-history":[{"count":2,"href":"https:\/\/jundiai.sp.gov.br\/noticias\/wp-json\/wp\/v2\/posts\/305269\/revisions"}],"predecessor-version":[{"id":305282,"href":"https:\/\/jundiai.sp.gov.br\/noticias\/wp-json\/wp\/v2\/posts\/305269\/revisions\/305282"}],"wp:featuredmedia":[{"embeddable":true,"href":"https:\/\/jundiai.sp.gov.br\/noticias\/wp-json\/wp\/v2\/media\/305277"}],"wp:attachment":[{"href":"https:\/\/jundiai.sp.gov.br\/noticias\/wp-json\/wp\/v2\/media?parent=305269"}],"wp:term":[{"taxonomy":"category","embeddable":true,"href":"https:\/\/jundiai.sp.gov.br\/noticias\/wp-json\/wp\/v2\/categories?post=305269"},{"taxonomy":"post_tag","embeddable":true,"href":"https:\/\/jundiai.sp.gov.br\/noticias\/wp-json\/wp\/v2\/tags?post=305269"},{"taxonomy":"ods","embeddable":true,"href":"https:\/\/jundiai.sp.gov.br\/noticias\/wp-json\/wp\/v2\/ods?post=305269"}],"curies":[{"name":"wp","href":"https:\/\/api.w.org\/{rel}","templated":true}]}}