{"id":305409,"date":"2022-11-13T08:00:00","date_gmt":"2022-11-13T11:00:00","guid":{"rendered":"https:\/\/jundiai.sp.gov.br\/noticias\/?p=305409"},"modified":"2022-12-12T09:36:22","modified_gmt":"2022-12-12T12:36:22","slug":"jundiai-participa-do-maior-evento-de-cidades-inteligentes-do-mundo","status":"publish","type":"post","link":"https:\/\/jundiai.sp.gov.br\/noticias\/2022\/11\/13\/jundiai-participa-do-maior-evento-de-cidades-inteligentes-do-mundo\/","title":{"rendered":"Jundia\u00ed participa do maior evento de cidades inteligentes do mundo"},"content":{"rendered":"\n<p>Conhecer as principais tend\u00eancias da inova\u00e7\u00e3o nos campos do desenvolvimento social, urbano e econ\u00f4mico, apresentar as iniciativas da cidade para os grandes nomes do mundo corporativo e construir uma rede de contatos para rela\u00e7\u00f5es internacionais de interesse do munic\u00edpio. Estes objetivos levar\u00e3o representantes de Jundia\u00ed a tr\u00eas grandes eventos internacionais, entre os dias 15 a 25 de novembro: a Smart City Expo World Congress (SCEWC), em Barcelona, e a Cloud Expo Europe e Feira dos Prefeitos e dos Governos Locais, ambas em Paris.<\/p>\n\n\n\n<p>Representar\u00e3o o prefeito Luiz Fernando Machado, os gestores Jos\u00e9 Antonio Parimoschi (Governo e Finan\u00e7as), Cristiano Lopes (Desenvolvimento Econ\u00f4mico, Ci\u00eancia e Tecnologia) e o assessor especial de Coopera\u00e7\u00e3o Internacional, Sami Mansour.<\/p>\n\n\n\n<p>Entre as credenciais internacionais e de inova\u00e7\u00e3o, Jundia\u00ed desponta na 6\u00b0 posi\u00e7\u00e3o do ranking de cidades brasileiras mais inteligentes e conectadas; \u00e9 considerada o melhor endere\u00e7o brasileiro para investimento internacional, de acordo com o ranking \u201cCidades do Futuro\u201d da FDI Intelligence, ligada ao Financial Times; possui 400 km de fibra-\u00f3tica interligando os servi\u00e7os p\u00fablicos, com link de alta velocidade; oferece 90 pontos de Wi-Fi p\u00fablico; GPS, Contactless e V\u00eddeomonitoramento em 100% da frota de \u00f4nibus; tem 160 multinacionais instaladas em seu parque industrial, o que insere a cidade nos principais fluxos de neg\u00f3cio da economia mundial.<\/p>\n\n\n\n<figure class=\"wp-block-image size-full\"><img loading=\"lazy\" decoding=\"async\" width=\"1280\" height=\"853\" src=\"https:\/\/jundiai.sp.gov.br\/noticias\/wp-content\/uploads\/sites\/32\/2022\/11\/jundi-aerea.jpg\" alt=\"DESCRI\u00c7\u00c3O DE IMAGEM: vista \u00e1rea da avenida 9 de julho, no entardecer. Far\u00f3is dos carros criam efeito de luz na imagem\" class=\"wp-image-305440\" srcset=\"https:\/\/jundiai.sp.gov.br\/noticias\/wp-content\/uploads\/sites\/32\/2022\/11\/jundi-aerea.jpg 1280w, https:\/\/jundiai.sp.gov.br\/noticias\/wp-content\/uploads\/sites\/32\/2022\/11\/jundi-aerea-300x200.jpg 300w, https:\/\/jundiai.sp.gov.br\/noticias\/wp-content\/uploads\/sites\/32\/2022\/11\/jundi-aerea-768x512.jpg 768w, https:\/\/jundiai.sp.gov.br\/noticias\/wp-content\/uploads\/sites\/32\/2022\/11\/jundi-aerea-450x300.jpg 450w\" sizes=\"auto, (max-width: 1280px) 100vw, 1280px\" \/><figcaption class=\"wp-element-caption\">Jundia\u00ed \u00e9 uma das 25 cidades que ir\u00e3o representar o Brasil na Frente Nacional de Prefeitos<\/figcaption><\/figure>\n\n\n\n<p>\u201cA internacionaliza\u00e7\u00e3o de Jundia\u00ed \u00e9 uma das metas da nossa gest\u00e3o. Ela coloca a cidade na posi\u00e7\u00e3o de vanguarda na geopol\u00edtica das principais do mundo. Al\u00e9m disso, estaremos promovendo a marca Jundia\u00ed para atra\u00e7\u00e3o de investimentos internacionais e ainda iremos conhecer as principais tend\u00eancias de inova\u00e7\u00e3o para a gest\u00e3o das cidades, inclus\u00e3o social dos cidad\u00e3os, fomento do empreendedorismo e a cria\u00e7\u00e3o de novas profiss\u00f5es\u201d, explica Parimoschi.<\/p>\n\n\n\n<p>De acordo com Cristiano Lopes, a agenda internacional trar\u00e1 a oportunidade de conhecer inova\u00e7\u00f5es do mercado. \u201cA troca de experi\u00eancias \u00e9 sempre v\u00e1lida e a integra\u00e7\u00e3o com outras cidades globais uma das diretrizes do prefeito Luiz Fernando, para que possamos divulgar os potenciais de Jundia\u00ed. Vamos apresentar alguns projetos que fazem a diferen\u00e7a, como o programa Jundia\u00ed Empreendedora e o Campus Jundia\u00ed, al\u00e9m do Sistema Jundia\u00ed de Inova\u00e7\u00e3o\u201d, afirma Cristiano Lopes, ao citar a\u00e7\u00f5es robustas j\u00e1 em andamento dentro do conceito de cidade inteligente.<\/p>\n\n\n\n<p>Sami Mansour avalia a presen\u00e7a de Jundia\u00ed no congresso como oportunidade de expandir a internacionaliza\u00e7\u00e3o. \u201cJundia\u00ed desponta como refer\u00eancia em diversas iniciativas e fortalecer a rede de contatos com o mundo \u00e9 fundamental para articular novos projetos de interesse da cidade\u201d, afirma.<\/p>\n\n\n\n<p><strong>Maior do mundo<\/strong><\/p>\n\n\n\n<p>O Smart City Expo World Congress, realizado em Barcelona, re\u00fane, anualmente, mais de 25 mil participantes de 150 pa\u00edses em um conjunto de feira e congresso. J\u00e1 o Cloud Expo Europe, realizado em Paris, \u00e9 reconhecido como o maior evento em nuvem do mundo e dedicado a data centers, computa\u00e7\u00e3o, seguran\u00e7a, blockchain, big data e IA e Internet das Coisas, ferramentas utilizadas para facilitar a vida dos cidad\u00e3os. <\/p>\n\n\n\n<p>\u201cJundia\u00ed est\u00e1 gradualmente se tornando um novo hub para projetos de datacenter no Brasil e nossa participa\u00e7\u00e3o no evento tem como principal objetivo a atra\u00e7\u00e3o de novos investidores da \u00e1rea para o munic\u00edpio\u201d, explica Parimoschi.<\/p>\n\n\n\n<p>A Feira dos Prefeitos e dos Governos Locais \u00e9 o maior evento da contrata\u00e7\u00e3o p\u00fablica regional, com mais de uma dezena de oficinas sobre as quest\u00f5es enfrentadas pela comunidade mundial atrav\u00e9s de feedbacks: energias renov\u00e1veis, e-procurement, TIC e gest\u00e3o urbana. Ainda em Paris, a agenda tamb\u00e9m inclui o Station F, o maior coworking de startups do mundo. <\/p>\n\n\n\n<p>\u201cVamos buscar conhecer o modelo de sele\u00e7\u00e3o e de incuba\u00e7\u00e3o das startups, apresentar o programa &#8216;Campus Jundia\u00ed&#8217;, o novo modelo de incuba\u00e7\u00e3o do munic\u00edpio e identificar poss\u00edveis parcerias nas \u00e1reas de inova\u00e7\u00e3o e tecnologia\u201d, afirma Cristiano.<\/p>\n\n\n\n<p>Neste ano, a delega\u00e7\u00e3o do Brasil contar\u00e1 com 25 cidades e apoio da FNP (Frente Nacional de Prefeitos).<\/p>\n\n\n\n<p>Assessoria de Imprensa<br>Foto: Fot\u00f3grafo PMJ<\/p>\n","protected":false},"excerpt":{"rendered":"<p>Conhecer as principais tend\u00eancias da inova\u00e7\u00e3o nos campos do desenvolvimento social, urbano e econ\u00f4mico, apresentar as iniciativas da cidade para os grandes nomes do mundo corporativo e construir uma rede de contatos para rela\u00e7\u00f5es internacionais de interesse do munic\u00edpio. Estes objetivos levar\u00e3o representantes de Jundia\u00ed a tr\u00eas grandes eventos internacionais, entre os dias 15 a [&hellip;]<\/p>\n","protected":false},"author":90,"featured_media":305440,"comment_status":"closed","ping_status":"0","sticky":false,"template":"","format":"standard","meta":{"footnotes":""},"categories":[2],"tags":[3565,1843,2745,983,3651,3566],"ods":[],"class_list":["post-305409","post","type-post","status-publish","format-standard","has-post-thumbnail","hentry","category-noticias","tag-barcelona","tag-cidade-inteligente","tag-frente-nacional-de-prefeitos","tag-governo-e-financas","tag-jundiai-a-melhor-do-brasil","tag-paris"],"_links":{"self":[{"href":"https:\/\/jundiai.sp.gov.br\/noticias\/wp-json\/wp\/v2\/posts\/305409","targetHints":{"allow":["GET"]}}],"collection":[{"href":"https:\/\/jundiai.sp.gov.br\/noticias\/wp-json\/wp\/v2\/posts"}],"about":[{"href":"https:\/\/jundiai.sp.gov.br\/noticias\/wp-json\/wp\/v2\/types\/post"}],"author":[{"embeddable":true,"href":"https:\/\/jundiai.sp.gov.br\/noticias\/wp-json\/wp\/v2\/users\/90"}],"replies":[{"embeddable":true,"href":"https:\/\/jundiai.sp.gov.br\/noticias\/wp-json\/wp\/v2\/comments?post=305409"}],"version-history":[{"count":2,"href":"https:\/\/jundiai.sp.gov.br\/noticias\/wp-json\/wp\/v2\/posts\/305409\/revisions"}],"predecessor-version":[{"id":305442,"href":"https:\/\/jundiai.sp.gov.br\/noticias\/wp-json\/wp\/v2\/posts\/305409\/revisions\/305442"}],"wp:featuredmedia":[{"embeddable":true,"href":"https:\/\/jundiai.sp.gov.br\/noticias\/wp-json\/wp\/v2\/media\/305440"}],"wp:attachment":[{"href":"https:\/\/jundiai.sp.gov.br\/noticias\/wp-json\/wp\/v2\/media?parent=305409"}],"wp:term":[{"taxonomy":"category","embeddable":true,"href":"https:\/\/jundiai.sp.gov.br\/noticias\/wp-json\/wp\/v2\/categories?post=305409"},{"taxonomy":"post_tag","embeddable":true,"href":"https:\/\/jundiai.sp.gov.br\/noticias\/wp-json\/wp\/v2\/tags?post=305409"},{"taxonomy":"ods","embeddable":true,"href":"https:\/\/jundiai.sp.gov.br\/noticias\/wp-json\/wp\/v2\/ods?post=305409"}],"curies":[{"name":"wp","href":"https:\/\/api.w.org\/{rel}","templated":true}]}}