{"id":305617,"date":"2022-11-17T17:11:29","date_gmt":"2022-11-17T20:11:29","guid":{"rendered":"https:\/\/jundiai.sp.gov.br\/noticias\/?p=305617"},"modified":"2022-11-17T17:11:29","modified_gmt":"2022-11-17T20:11:29","slug":"cultura-abre-novas-vagas-para-oficina-de-sling-para-bebes-na-fabrica-das-infancias-japy","status":"publish","type":"post","link":"https:\/\/jundiai.sp.gov.br\/noticias\/2022\/11\/17\/cultura-abre-novas-vagas-para-oficina-de-sling-para-bebes-na-fabrica-das-infancias-japy\/","title":{"rendered":"<strong>Cultura abre novas vagas para oficina de \u2018sling para beb\u00eas\u2019 na F\u00e1brica das Inf\u00e2ncias Japy<\/strong>"},"content":{"rendered":"\n<p>A Unidade de Gest\u00e3o de Cultura (UGC) abriu novas inscri\u00e7\u00f5es gratuitas para turma de oficina &#8220;O Carregar &#8211; Um pano e muito acolhimento\u201d de sling para beb\u00eas. Dentro da proposta do programa municipal Cidade das Crian\u00e7as, a oficina desta vez conta com dez vagas \u00e9 voltada para fam\u00edlias ou cuidadores com beb\u00eas (rec\u00e9m-nascidos at\u00e9 seis meses), que devem participar dos encontros.<\/p>\n\n\n\n<p><a href=\"https:\/\/docs.google.com\/forms\/d\/e\/1FAIpQLSeiKf7S-t1IicX0Nk6WMLIqyy6y1WP1x8VkS9cyu6L_Wr6KMw\/viewform\" target=\"_blank\" rel=\"noreferrer noopener\">FA\u00c7A SUA INSCRI\u00c7\u00c3O<\/a><\/p>\n\n\n\n<p>Durante os quatro encontros, a professora \u00c9rica Bigheto ir\u00e1 abordar diversas pr\u00e1ticas com o sling, desde a produ\u00e7\u00e3o artesanal da pe\u00e7a at\u00e9 o carregar em posi\u00e7\u00f5es diversas e amamentar.<\/p>\n\n\n\n<p>A oficina ser\u00e1 sempre \u00e0s ter\u00e7as-feiras \u2013 nos dias 22 e 29 de novembro e 06 e 13 de dezembro, das 10h \u00e0s 11h30, na F\u00e1brica das Inf\u00e2ncias Japy. Al\u00e9m das inscri\u00e7\u00f5es e participa\u00e7\u00e3o gratuitas, o material utilizado na oficina tamb\u00e9m ser\u00e1 fornecido.<\/p>\n\n\n\n<p>A F\u00e1brica das Inf\u00e2ncias Japy fica na rua Lacerda Franco, 175 \u2013 vila Arens. Mais informa\u00e7\u00f5es pelo telefone 4521-0971.<\/p>\n\n\n\n<figure class=\"wp-block-image size-full\"><img loading=\"lazy\" decoding=\"async\" width=\"1280\" height=\"854\" src=\"https:\/\/jundiai.sp.gov.br\/noticias\/wp-content\/uploads\/sites\/32\/2022\/11\/sling-para-bebes_fabrica-das-infancias-japy-146.jpg\" alt=\"\" class=\"wp-image-305618\" srcset=\"https:\/\/jundiai.sp.gov.br\/noticias\/wp-content\/uploads\/sites\/32\/2022\/11\/sling-para-bebes_fabrica-das-infancias-japy-146.jpg 1280w, https:\/\/jundiai.sp.gov.br\/noticias\/wp-content\/uploads\/sites\/32\/2022\/11\/sling-para-bebes_fabrica-das-infancias-japy-146-300x200.jpg 300w, https:\/\/jundiai.sp.gov.br\/noticias\/wp-content\/uploads\/sites\/32\/2022\/11\/sling-para-bebes_fabrica-das-infancias-japy-146-768x512.jpg 768w, https:\/\/jundiai.sp.gov.br\/noticias\/wp-content\/uploads\/sites\/32\/2022\/11\/sling-para-bebes_fabrica-das-infancias-japy-146-450x300.jpg 450w\" sizes=\"auto, (max-width: 1280px) 100vw, 1280px\" \/><figcaption class=\"wp-element-caption\">Os quatro encontros ser\u00e3o realizados \u00e0s ter\u00e7as-feiras, a partir das 10h, na F\u00e1brica das Inf\u00e2ncias Japy<\/figcaption><\/figure>\n\n\n\n<p><strong>Assessoria de Imprensa<br>Foto: Arquivo PMJ<\/strong><\/p>\n","protected":false},"excerpt":{"rendered":"<p>A Unidade de Gest\u00e3o de Cultura (UGC) abriu novas inscri\u00e7\u00f5es gratuitas para turma de oficina &#8220;O Carregar &#8211; Um pano e muito acolhimento\u201d de sling para beb\u00eas. Dentro da proposta do programa municipal Cidade das Crian\u00e7as, a oficina desta vez conta com dez vagas \u00e9 voltada para fam\u00edlias ou cuidadores com beb\u00eas (rec\u00e9m-nascidos at\u00e9 seis [&hellip;]<\/p>\n","protected":false},"author":14,"featured_media":305618,"comment_status":"closed","ping_status":"0","sticky":false,"template":"","format":"standard","meta":{"footnotes":""},"categories":[2],"tags":[1154,29,2251,763],"ods":[],"class_list":["post-305617","post","type-post","status-publish","format-standard","has-post-thumbnail","hentry","category-noticias","tag-cidade-das-criancas","tag-cultura","tag-fabrica-das-infancias-japy","tag-oficinas-culturais"],"_links":{"self":[{"href":"https:\/\/jundiai.sp.gov.br\/noticias\/wp-json\/wp\/v2\/posts\/305617","targetHints":{"allow":["GET"]}}],"collection":[{"href":"https:\/\/jundiai.sp.gov.br\/noticias\/wp-json\/wp\/v2\/posts"}],"about":[{"href":"https:\/\/jundiai.sp.gov.br\/noticias\/wp-json\/wp\/v2\/types\/post"}],"author":[{"embeddable":true,"href":"https:\/\/jundiai.sp.gov.br\/noticias\/wp-json\/wp\/v2\/users\/14"}],"replies":[{"embeddable":true,"href":"https:\/\/jundiai.sp.gov.br\/noticias\/wp-json\/wp\/v2\/comments?post=305617"}],"version-history":[{"count":1,"href":"https:\/\/jundiai.sp.gov.br\/noticias\/wp-json\/wp\/v2\/posts\/305617\/revisions"}],"predecessor-version":[{"id":305619,"href":"https:\/\/jundiai.sp.gov.br\/noticias\/wp-json\/wp\/v2\/posts\/305617\/revisions\/305619"}],"wp:featuredmedia":[{"embeddable":true,"href":"https:\/\/jundiai.sp.gov.br\/noticias\/wp-json\/wp\/v2\/media\/305618"}],"wp:attachment":[{"href":"https:\/\/jundiai.sp.gov.br\/noticias\/wp-json\/wp\/v2\/media?parent=305617"}],"wp:term":[{"taxonomy":"category","embeddable":true,"href":"https:\/\/jundiai.sp.gov.br\/noticias\/wp-json\/wp\/v2\/categories?post=305617"},{"taxonomy":"post_tag","embeddable":true,"href":"https:\/\/jundiai.sp.gov.br\/noticias\/wp-json\/wp\/v2\/tags?post=305617"},{"taxonomy":"ods","embeddable":true,"href":"https:\/\/jundiai.sp.gov.br\/noticias\/wp-json\/wp\/v2\/ods?post=305617"}],"curies":[{"name":"wp","href":"https:\/\/api.w.org\/{rel}","templated":true}]}}