{"id":306111,"date":"2022-11-25T08:39:54","date_gmt":"2022-11-25T11:39:54","guid":{"rendered":"https:\/\/jundiai.sp.gov.br\/noticias\/?p=306111"},"modified":"2022-11-25T11:36:46","modified_gmt":"2022-11-25T14:36:46","slug":"cultura-nos-bairros-e-ruas-de-brincar-chegam-ao-agapeama-domingo-27","status":"publish","type":"post","link":"https:\/\/jundiai.sp.gov.br\/noticias\/2022\/11\/25\/cultura-nos-bairros-e-ruas-de-brincar-chegam-ao-agapeama-domingo-27\/","title":{"rendered":"Cultura nos Bairros e Ruas de Brincar chegam ao Agapeama domingo (27)"},"content":{"rendered":"\n<p>Com a proposta de levar programa\u00e7\u00e3o cultural a diversas regi\u00f5es da cidade, facilitando o acesso da popula\u00e7\u00e3o e ao mesmo tempo aproximando os artistas de Jundia\u00ed do p\u00fablico, a Unidade de Gest\u00e3o de Cultura (UGC), em parceria com as Unidades de Gest\u00e3o de Esporte e Lazer (UGEL) e Agroneg\u00f3cio, Abastecimento e Turismo (UGAAT), programou para o dia 27 (domingo), mais uma edi\u00e7\u00e3o do projeto Cultura nos Bairros, que desta vez chega com as atra\u00e7\u00f5es do Ruas de Brincar, com diversas atividades programadas para o&nbsp;CECE Antonio de Lima, no Agapeama.<\/p>\n\n\n\n<p>Das 10h \u00e0s 13h, o p\u00fablico poder\u00e1 contar com as atividades culturais \u2013 conta\u00e7\u00e3o de hist\u00f3rias, teatro e circo \u2013 ou das brincadeiras que ser\u00e3o desenvolvidas na quadra do centro esportivo, com a equipe do projeto Ruas de Brincar onde diversas brincadeiras l\u00fadicas ser\u00e3o propostas pelos atores da Cia. Grifo de Teatro, com \u201c Chuvas de Poemas\u201d, ou pela equipe de recrea\u00e7\u00e3o Amorah, que resgata antigas brincadeiras infantis.<\/p>\n\n\n\n<figure class=\"wp-block-gallery has-nested-images columns-default is-cropped wp-block-gallery-1 is-layout-flex wp-block-gallery-is-layout-flex\">\n<figure class=\"wp-block-image size-large\"><img loading=\"lazy\" decoding=\"async\" width=\"500\" height=\"500\" data-id=\"306125\" src=\"https:\/\/jundiai.sp.gov.br\/noticias\/wp-content\/uploads\/sites\/32\/2022\/11\/amorah-foto-3.png\" alt=\"\" class=\"wp-image-306125\" srcset=\"https:\/\/jundiai.sp.gov.br\/noticias\/wp-content\/uploads\/sites\/32\/2022\/11\/amorah-foto-3.png 500w, https:\/\/jundiai.sp.gov.br\/noticias\/wp-content\/uploads\/sites\/32\/2022\/11\/amorah-foto-3-300x300.png 300w, https:\/\/jundiai.sp.gov.br\/noticias\/wp-content\/uploads\/sites\/32\/2022\/11\/amorah-foto-3-100x100.png 100w\" sizes=\"auto, (max-width: 500px) 100vw, 500px\" \/><figcaption class=\"wp-element-caption\">Amorah <\/figcaption><\/figure>\n\n\n\n<figure class=\"wp-block-image size-large\"><img loading=\"lazy\" decoding=\"async\" width=\"1047\" height=\"857\" data-id=\"306123\" src=\"https:\/\/jundiai.sp.gov.br\/noticias\/wp-content\/uploads\/sites\/32\/2022\/11\/chuva-de-poemas.jpeg\" alt=\"\" class=\"wp-image-306123\" srcset=\"https:\/\/jundiai.sp.gov.br\/noticias\/wp-content\/uploads\/sites\/32\/2022\/11\/chuva-de-poemas.jpeg 1047w, https:\/\/jundiai.sp.gov.br\/noticias\/wp-content\/uploads\/sites\/32\/2022\/11\/chuva-de-poemas-300x246.jpeg 300w, https:\/\/jundiai.sp.gov.br\/noticias\/wp-content\/uploads\/sites\/32\/2022\/11\/chuva-de-poemas-768x629.jpeg 768w\" sizes=\"auto, (max-width: 1047px) 100vw, 1047px\" \/><figcaption class=\"wp-element-caption\">Cia. Grifo de Teatro<\/figcaption><\/figure>\n\n\n\n<figure class=\"wp-block-image size-large\"><img loading=\"lazy\" decoding=\"async\" width=\"960\" height=\"960\" data-id=\"306128\" src=\"https:\/\/jundiai.sp.gov.br\/noticias\/wp-content\/uploads\/sites\/32\/2022\/11\/rosangela-torrezin-projeto-ta-na-hora-foto-960x960.jpg\" alt=\"\" class=\"wp-image-306128\" srcset=\"https:\/\/jundiai.sp.gov.br\/noticias\/wp-content\/uploads\/sites\/32\/2022\/11\/rosangela-torrezin-projeto-ta-na-hora-foto-960x960.jpg 960w, https:\/\/jundiai.sp.gov.br\/noticias\/wp-content\/uploads\/sites\/32\/2022\/11\/rosangela-torrezin-projeto-ta-na-hora-foto-300x300.jpg 300w, https:\/\/jundiai.sp.gov.br\/noticias\/wp-content\/uploads\/sites\/32\/2022\/11\/rosangela-torrezin-projeto-ta-na-hora-foto-100x100.jpg 100w, https:\/\/jundiai.sp.gov.br\/noticias\/wp-content\/uploads\/sites\/32\/2022\/11\/rosangela-torrezin-projeto-ta-na-hora-foto-768x768.jpg 768w, https:\/\/jundiai.sp.gov.br\/noticias\/wp-content\/uploads\/sites\/32\/2022\/11\/rosangela-torrezin-projeto-ta-na-hora-foto.jpg 1280w\" sizes=\"auto, (max-width: 960px) 100vw, 960px\" \/><figcaption class=\"wp-element-caption\">Rosangela Torrezin<\/figcaption><\/figure>\n\n\n\n<figure class=\"wp-block-image size-large\"><img loading=\"lazy\" decoding=\"async\" width=\"1109\" height=\"839\" data-id=\"306126\" src=\"https:\/\/jundiai.sp.gov.br\/noticias\/wp-content\/uploads\/sites\/32\/2022\/11\/roseli-elisabeth-arl-schnell-pizarro-elaine-aparecida-alves.jpeg\" alt=\"\" class=\"wp-image-306126\" srcset=\"https:\/\/jundiai.sp.gov.br\/noticias\/wp-content\/uploads\/sites\/32\/2022\/11\/roseli-elisabeth-arl-schnell-pizarro-elaine-aparecida-alves.jpeg 1109w, https:\/\/jundiai.sp.gov.br\/noticias\/wp-content\/uploads\/sites\/32\/2022\/11\/roseli-elisabeth-arl-schnell-pizarro-elaine-aparecida-alves-300x227.jpeg 300w, https:\/\/jundiai.sp.gov.br\/noticias\/wp-content\/uploads\/sites\/32\/2022\/11\/roseli-elisabeth-arl-schnell-pizarro-elaine-aparecida-alves-768x581.jpeg 768w\" sizes=\"auto, (max-width: 1109px) 100vw, 1109px\" \/><figcaption class=\"wp-element-caption\">Roseli  Pizarro e Elaine Alves<\/figcaption><\/figure>\n\n\n\n<figure class=\"wp-block-image size-large\"><img loading=\"lazy\" decoding=\"async\" width=\"1280\" height=\"853\" data-id=\"306127\" src=\"https:\/\/jundiai.sp.gov.br\/noticias\/wp-content\/uploads\/sites\/32\/2022\/11\/sueli-patelli-nov.jpeg\" alt=\"\" class=\"wp-image-306127\" srcset=\"https:\/\/jundiai.sp.gov.br\/noticias\/wp-content\/uploads\/sites\/32\/2022\/11\/sueli-patelli-nov.jpeg 1280w, https:\/\/jundiai.sp.gov.br\/noticias\/wp-content\/uploads\/sites\/32\/2022\/11\/sueli-patelli-nov-300x200.jpeg 300w, https:\/\/jundiai.sp.gov.br\/noticias\/wp-content\/uploads\/sites\/32\/2022\/11\/sueli-patelli-nov-768x512.jpeg 768w, https:\/\/jundiai.sp.gov.br\/noticias\/wp-content\/uploads\/sites\/32\/2022\/11\/sueli-patelli-nov-450x300.jpeg 450w\" sizes=\"auto, (max-width: 1280px) 100vw, 1280px\" \/><figcaption class=\"wp-element-caption\">Sueli Patelli<\/figcaption><\/figure>\n\n\n\n<figure class=\"wp-block-image size-large\"><img loading=\"lazy\" decoding=\"async\" width=\"815\" height=\"960\" data-id=\"306124\" src=\"https:\/\/jundiai.sp.gov.br\/noticias\/wp-content\/uploads\/sites\/32\/2022\/11\/trupe-pling-foto-815x960.jpg\" alt=\"\" class=\"wp-image-306124\" srcset=\"https:\/\/jundiai.sp.gov.br\/noticias\/wp-content\/uploads\/sites\/32\/2022\/11\/trupe-pling-foto-815x960.jpg 815w, https:\/\/jundiai.sp.gov.br\/noticias\/wp-content\/uploads\/sites\/32\/2022\/11\/trupe-pling-foto-300x354.jpg 300w, https:\/\/jundiai.sp.gov.br\/noticias\/wp-content\/uploads\/sites\/32\/2022\/11\/trupe-pling-foto-768x905.jpg 768w, https:\/\/jundiai.sp.gov.br\/noticias\/wp-content\/uploads\/sites\/32\/2022\/11\/trupe-pling-foto.jpg 1194w\" sizes=\"auto, (max-width: 815px) 100vw, 815px\" \/><figcaption class=\"wp-element-caption\">Trupe Pling!<\/figcaption><\/figure>\n<\/figure>\n\n\n\n<p>Al\u00e9m das atra\u00e7\u00f5es programadas, o p\u00fablico contar\u00e1 tamb\u00e9m, com as del\u00edcias gastron\u00f4micas por conta dos permission\u00e1rios do Varej\u00e3o Noturno e o artesanato com os artistas do programa \u201cJundia\u00ed feito \u00e0 m\u00e3o\u201d, com todos funcionando junto ao bols\u00e3o de estacionamento do centro esportivo.<\/p>\n\n\n\n<p><strong>PROGRAMA\u00c7\u00c3O<\/strong><\/p>\n\n\n\n<p><strong>10h00 \u2013 HIST\u00d3RIAS FABULOSAS <\/strong>\u2013 com a atriz Rosangela Torrezin- Projeto T\u00e1 Na Hora- Teatro \/ Livre \/ 35 minutos.<\/p>\n\n\n\n<p><strong>10h40 \u2013 CIRCO PARQUE <\/strong>&#8211; com Trupe Pling! &#8211; Espet\u00e1culo interativo com n\u00fameros circenses &#8211; 40 minutos.<\/p>\n\n\n\n<p><strong>11h30 &#8211; CAD\u00ca MINHA CASA? AS AVENTURAS QUE VIVEMOS EM NOSSO LAR &#8211; <\/strong>Conta\u00e7\u00e3o de Hist\u00f3rias\/Livre &#8211; 45 minutos &#8211; com Roseli Elisabeth Arl Schnell Pizarro e Elaine Aparecida Alves.<\/p>\n\n\n\n<p><strong>12h30 &#8211; SE EU FOSSE UM PEIXINHO&nbsp;&#8211;<\/strong> Conta\u00e7\u00e3o de Hist\u00f3rias\/Literatura\/Livre &#8211; 30 minutos \u2013 com Cia Uni Verso &amp; Prosa.<\/p>\n\n\n\n<p><strong>Projeto Ruas de Brincar <\/strong>com interven\u00e7\u00f5es da Cia. Grifo de Teatro com Chuvas de Poemas e brincadeiras l\u00fadicas com Amorah &#8211; \u00a0das 10h \u00e0s 13h, na rua em frente ao centro esportivo que estar\u00e1 totalmente fechada e sinalizada para as atividades e tamb\u00e9m na quadra.<\/p>\n\n\n\n<p>O CECE Antonio de Lima est\u00e1 localizado, na rua Benedito Souza Costa, 11 \u2013 Agapeama. A entrada e todas as atividades propostas s\u00e3o gratuitas.<\/p>\n\n\n\n<p><strong>Assessoria de Imprensa<\/strong><br><strong>Fotos: Divulga\u00e7\u00e3o<\/strong><\/p>\n","protected":false},"excerpt":{"rendered":"<p>Com a proposta de levar programa\u00e7\u00e3o cultural a diversas regi\u00f5es da cidade, facilitando o acesso da popula\u00e7\u00e3o e ao mesmo tempo aproximando os artistas de Jundia\u00ed do p\u00fablico, a Unidade de Gest\u00e3o de Cultura (UGC), em parceria com as Unidades de Gest\u00e3o de Esporte e Lazer (UGEL) e Agroneg\u00f3cio, Abastecimento e Turismo (UGAAT), programou para [&hellip;]<\/p>\n","protected":false},"author":83,"featured_media":306125,"comment_status":"closed","ping_status":"0","sticky":false,"template":"","format":"standard","meta":{"footnotes":""},"categories":[2],"tags":[29,2760,1171],"ods":[],"class_list":["post-306111","post","type-post","status-publish","format-standard","has-post-thumbnail","hentry","category-noticias","tag-cultura","tag-cultura-nos-bairros","tag-ruas-de-brincar"],"_links":{"self":[{"href":"https:\/\/jundiai.sp.gov.br\/noticias\/wp-json\/wp\/v2\/posts\/306111","targetHints":{"allow":["GET"]}}],"collection":[{"href":"https:\/\/jundiai.sp.gov.br\/noticias\/wp-json\/wp\/v2\/posts"}],"about":[{"href":"https:\/\/jundiai.sp.gov.br\/noticias\/wp-json\/wp\/v2\/types\/post"}],"author":[{"embeddable":true,"href":"https:\/\/jundiai.sp.gov.br\/noticias\/wp-json\/wp\/v2\/users\/83"}],"replies":[{"embeddable":true,"href":"https:\/\/jundiai.sp.gov.br\/noticias\/wp-json\/wp\/v2\/comments?post=306111"}],"version-history":[{"count":5,"href":"https:\/\/jundiai.sp.gov.br\/noticias\/wp-json\/wp\/v2\/posts\/306111\/revisions"}],"predecessor-version":[{"id":306200,"href":"https:\/\/jundiai.sp.gov.br\/noticias\/wp-json\/wp\/v2\/posts\/306111\/revisions\/306200"}],"wp:featuredmedia":[{"embeddable":true,"href":"https:\/\/jundiai.sp.gov.br\/noticias\/wp-json\/wp\/v2\/media\/306125"}],"wp:attachment":[{"href":"https:\/\/jundiai.sp.gov.br\/noticias\/wp-json\/wp\/v2\/media?parent=306111"}],"wp:term":[{"taxonomy":"category","embeddable":true,"href":"https:\/\/jundiai.sp.gov.br\/noticias\/wp-json\/wp\/v2\/categories?post=306111"},{"taxonomy":"post_tag","embeddable":true,"href":"https:\/\/jundiai.sp.gov.br\/noticias\/wp-json\/wp\/v2\/tags?post=306111"},{"taxonomy":"ods","embeddable":true,"href":"https:\/\/jundiai.sp.gov.br\/noticias\/wp-json\/wp\/v2\/ods?post=306111"}],"curies":[{"name":"wp","href":"https:\/\/api.w.org\/{rel}","templated":true}]}}