{"id":306113,"date":"2022-11-24T13:05:00","date_gmt":"2022-11-24T16:05:00","guid":{"rendered":"https:\/\/jundiai.sp.gov.br\/noticias\/?p=306113"},"modified":"2022-11-24T13:00:13","modified_gmt":"2022-11-24T16:00:13","slug":"projeto-olhos-da-serra-sera-mantido-em-2023","status":"publish","type":"post","link":"https:\/\/jundiai.sp.gov.br\/noticias\/2022\/11\/24\/projeto-olhos-da-serra-sera-mantido-em-2023\/","title":{"rendered":"Projeto \u2018Olhos da Serra\u2019 ser\u00e1 mantido em 2023"},"content":{"rendered":"\n<p>O projeto \u201cOlhos da Serra\u201d, que tem como objetivo a conserva\u00e7\u00e3o de mais de 2 mil hectares da Serra do Japi, ir\u00e1 continuar em 2023. O an\u00fancio foi feito nesta quarta-feira (23), durante uma celebra\u00e7\u00e3o realizada no audit\u00f3rio do Pa\u00e7o Municipal, para homenagear os membros do poder p\u00fablico, setor privado e organiza\u00e7\u00f5es da sociedade civil envolvidos, al\u00e9m de apresentar um balan\u00e7o dos principais resultados deste primeiro ano de trabalho, que nortear\u00e1 as pr\u00e1ticas desenvolvidas no pr\u00f3ximo ano.<\/p>\n\n\n\n<p>A condu\u00e7\u00e3o do projeto est\u00e1 sendo feita pelo Cons\u00f3rcio Intermunicipal das Bacias dos Rios Piracicaba, Capivari e Jundia\u00ed (Cons\u00f3rcio PCJ) e a Associa\u00e7\u00e3o dos Amigos dos Bairros de Santa Clara, Vargem Grande, Caguassu e Paiol Velho (SAB Santa Clara), com o patroc\u00ednio da Coca-Cola Foundation e da Global Environment &amp; Technology Foundation (GETF). Tamb\u00e9m apoiam a iniciativa a Prefeitura Municipal de Jundia\u00ed, a Coca-Cola FEMSA Brasil, a Coca-Cola Brasil, a Funda\u00e7\u00e3o Serra do Japi, a Guarda Municipal, a CIJUN, a Defesa Civil e a DAE Jundia\u00ed.<\/p>\n\n\n\n<figure class=\"wp-block-image size-full\"><img loading=\"lazy\" decoding=\"async\" width=\"1280\" height=\"853\" src=\"https:\/\/jundiai.sp.gov.br\/noticias\/wp-content\/uploads\/sites\/32\/2022\/11\/encerramento-do-projeto-olhos-da-serra_fm_-2.jpg\" alt=\"\" class=\"wp-image-306114\" srcset=\"https:\/\/jundiai.sp.gov.br\/noticias\/wp-content\/uploads\/sites\/32\/2022\/11\/encerramento-do-projeto-olhos-da-serra_fm_-2.jpg 1280w, https:\/\/jundiai.sp.gov.br\/noticias\/wp-content\/uploads\/sites\/32\/2022\/11\/encerramento-do-projeto-olhos-da-serra_fm_-2-300x200.jpg 300w, https:\/\/jundiai.sp.gov.br\/noticias\/wp-content\/uploads\/sites\/32\/2022\/11\/encerramento-do-projeto-olhos-da-serra_fm_-2-768x512.jpg 768w, https:\/\/jundiai.sp.gov.br\/noticias\/wp-content\/uploads\/sites\/32\/2022\/11\/encerramento-do-projeto-olhos-da-serra_fm_-2-450x300.jpg 450w\" sizes=\"auto, (max-width: 1280px) 100vw, 1280px\" \/><figcaption class=\"wp-element-caption\">V\u00e2nia Plaza Nunes ressaltou a import\u00e2ncia da preserva\u00e7\u00e3o do meio ambiente e de promover a educa\u00e7\u00e3o ambiental<\/figcaption><\/figure>\n\n\n\n<p>O Prefeito Luiz Fernando Machado foi representado no evento pela superintendente da Funda\u00e7\u00e3o Serra do Japi, V\u00e2nia Plaza Nunes, que salientou a relev\u00e2ncia a Serra do Japi no cen\u00e1rio regional. \u201cAs quest\u00f5es clim\u00e1ticas s\u00e3o desafiadoras em todo o mundo e em nossa regi\u00e3o n\u00e3o \u00e9 diferente. O projeto trouxe dados fundamentais para aprimorar as a\u00e7\u00f5es que vir\u00e3o na pr\u00f3xima fase do projeto, e em conjunto com a comunidade, preservar a fauna, a flora e na pr\u00e1tica da educa\u00e7\u00e3o ambiental. Dessa forma iremos contribuir com a mitiga\u00e7\u00e3o das mudan\u00e7as clim\u00e1ticas e seus impactos\u201d, comentou.<\/p>\n\n\n\n<p>O Secret\u00e1rio Executivo do Cons\u00f3rcio PCJ, Francisco Lah\u00f3z, que representou o presidente da institui\u00e7\u00e3o e Prefeito de Limeira, Mario Botion, agradeceu os esfor\u00e7os realizados pela Prefeitura de Jundia\u00ed em prol do meio ambiente. \u201cA Serra do Japi \u00e9 um s\u00edmbolo muito importante para Jundia\u00ed e regi\u00e3o e este trabalho de preserva\u00e7\u00e3o e educa\u00e7\u00e3o ambiental tem potencial para fazer grande diferen\u00e7a no futuro\u201d, afirmou.<\/p>\n\n\n\n<p>\u201cEste \u00e9 um projeto muito bonito e fundamental. Estamos sempre dispostos a dar continuidade, pois ele envolve a educa\u00e7\u00e3o nos setores p\u00fablico e privado, al\u00e9m de contar com a participa\u00e7\u00e3o das organiza\u00e7\u00f5es e da sociedade civil\u201d, disse o Head da \u00c1rea de Sustentabilidade da Coca-Cola FEMSA Brasil.<\/p>\n\n\n\n<p><strong>Assessoria de Imprensa<br>Foto: Fot\u00f3grafo PMJ<\/strong><\/p>\n","protected":false},"excerpt":{"rendered":"<p>O projeto \u201cOlhos da Serra\u201d, que tem como objetivo a conserva\u00e7\u00e3o de mais de 2 mil hectares da Serra do Japi, ir\u00e1 continuar em 2023. O an\u00fancio foi feito nesta quarta-feira (23), durante uma celebra\u00e7\u00e3o realizada no audit\u00f3rio do Pa\u00e7o Municipal, para homenagear os membros do poder p\u00fablico, setor privado e organiza\u00e7\u00f5es da sociedade civil [&hellip;]<\/p>\n","protected":false},"author":90,"featured_media":0,"comment_status":"closed","ping_status":"0","sticky":false,"template":"","format":"standard","meta":{"footnotes":""},"categories":[2],"tags":[2859,323],"ods":[],"class_list":["post-306113","post","type-post","status-publish","format-standard","hentry","category-noticias","tag-olhos-da-serra","tag-serra-do-japi"],"_links":{"self":[{"href":"https:\/\/jundiai.sp.gov.br\/noticias\/wp-json\/wp\/v2\/posts\/306113","targetHints":{"allow":["GET"]}}],"collection":[{"href":"https:\/\/jundiai.sp.gov.br\/noticias\/wp-json\/wp\/v2\/posts"}],"about":[{"href":"https:\/\/jundiai.sp.gov.br\/noticias\/wp-json\/wp\/v2\/types\/post"}],"author":[{"embeddable":true,"href":"https:\/\/jundiai.sp.gov.br\/noticias\/wp-json\/wp\/v2\/users\/90"}],"replies":[{"embeddable":true,"href":"https:\/\/jundiai.sp.gov.br\/noticias\/wp-json\/wp\/v2\/comments?post=306113"}],"version-history":[{"count":1,"href":"https:\/\/jundiai.sp.gov.br\/noticias\/wp-json\/wp\/v2\/posts\/306113\/revisions"}],"predecessor-version":[{"id":306115,"href":"https:\/\/jundiai.sp.gov.br\/noticias\/wp-json\/wp\/v2\/posts\/306113\/revisions\/306115"}],"wp:attachment":[{"href":"https:\/\/jundiai.sp.gov.br\/noticias\/wp-json\/wp\/v2\/media?parent=306113"}],"wp:term":[{"taxonomy":"category","embeddable":true,"href":"https:\/\/jundiai.sp.gov.br\/noticias\/wp-json\/wp\/v2\/categories?post=306113"},{"taxonomy":"post_tag","embeddable":true,"href":"https:\/\/jundiai.sp.gov.br\/noticias\/wp-json\/wp\/v2\/tags?post=306113"},{"taxonomy":"ods","embeddable":true,"href":"https:\/\/jundiai.sp.gov.br\/noticias\/wp-json\/wp\/v2\/ods?post=306113"}],"curies":[{"name":"wp","href":"https:\/\/api.w.org\/{rel}","templated":true}]}}