{"id":306646,"date":"2022-12-02T11:27:44","date_gmt":"2022-12-02T14:27:44","guid":{"rendered":"https:\/\/jundiai.sp.gov.br\/noticias\/?p=306646"},"modified":"2022-12-02T11:27:44","modified_gmt":"2022-12-02T14:27:44","slug":"comite-de-gestao-do-espaco-expressa-vistoria-obras-em-ultima-reuniao-do-ano","status":"publish","type":"post","link":"https:\/\/jundiai.sp.gov.br\/noticias\/2022\/12\/02\/comite-de-gestao-do-espaco-expressa-vistoria-obras-em-ultima-reuniao-do-ano\/","title":{"rendered":"Comit\u00ea de Gest\u00e3o do Espa\u00e7o Expressa vistoria obras em \u00faltima reuni\u00e3o do ano"},"content":{"rendered":"\n<p>Em sua \u00faltima reuni\u00e3o de 2022, realizada nessa quinta-feira (01), o Comit\u00ea Expressa, grupo intersetorial que coordena a ocupa\u00e7\u00e3o de todas as Unidades de Gest\u00e3o da Prefeitura e dos demais \u00f3rg\u00e3os instalados no Espa\u00e7o Expressa (antigo Complexo Fepasa), realizou um balan\u00e7o das atividades deste ano e aproveitou para vistorias algumas das frentes de trabalho e de revitaliza\u00e7\u00e3o em andamento no local.<\/p>\n\n\n\n<p>\u201cFizemos um balan\u00e7o bastante positivo deste primeiro ano desde a implanta\u00e7\u00e3o do Comit\u00ea, vendo que ele deu agilidade \u00e0 comunica\u00e7\u00e3o entre seus integrantes e rapidez na tomada de decis\u00f5es conjuntas, raz\u00f5es que motivaram a cria\u00e7\u00e3o deste Comit\u00ea. Tamb\u00e9m percorremos diversos ambientes do Espa\u00e7o, n\u00e3o s\u00f3 para vistorias as obras em andamento, como tamb\u00e9m para que os integrantes pudessem tomar melhor conhecimento desses locais e de novas possibilidades para eles\u201d, comentou o diretor do Departamento de Gest\u00e3o do Espa\u00e7o Expressa da Unidade de Gest\u00e3o de Cultura (UGC), William Paix\u00e3o, que \u00e9 tamb\u00e9m o presidente do Comit\u00ea.<\/p>\n\n\n\n<figure class=\"wp-block-image size-large\"><img loading=\"lazy\" decoding=\"async\" width=\"1280\" height=\"853\" src=\"https:\/\/jundiai.sp.gov.br\/noticias\/wp-content\/uploads\/sites\/32\/2022\/12\/reuniao_comite_expressa-2-1280x853.jpg\" alt=\"\" class=\"wp-image-306648\" srcset=\"https:\/\/jundiai.sp.gov.br\/noticias\/wp-content\/uploads\/sites\/32\/2022\/12\/reuniao_comite_expressa-2-1280x853.jpg 1280w, https:\/\/jundiai.sp.gov.br\/noticias\/wp-content\/uploads\/sites\/32\/2022\/12\/reuniao_comite_expressa-2-300x200.jpg 300w, https:\/\/jundiai.sp.gov.br\/noticias\/wp-content\/uploads\/sites\/32\/2022\/12\/reuniao_comite_expressa-2-768x512.jpg 768w, https:\/\/jundiai.sp.gov.br\/noticias\/wp-content\/uploads\/sites\/32\/2022\/12\/reuniao_comite_expressa-2-450x300.jpg 450w, https:\/\/jundiai.sp.gov.br\/noticias\/wp-content\/uploads\/sites\/32\/2022\/12\/reuniao_comite_expressa-2.jpg 1323w\" sizes=\"auto, (max-width: 1280px) 100vw, 1280px\" \/><figcaption class=\"wp-element-caption\">Entre as obras vistoriadas, o grupo conferiu o galp\u00e3o de estacionamento, que ganha novo telhado <\/figcaption><\/figure>\n\n\n\n<p>Entre as vistorias realizadas, o grupo averiguou o andamento das obras de cobertura dos galp\u00f5es de estacionamento, da revitaliza\u00e7\u00e3o da plataforma de embarque, \u00e0 recupera\u00e7\u00e3o do galp\u00e3o operacional da Unidade de Gest\u00e3o de Mobilidade e Transporte (UGMT) e \u00e0 \u00e1rea em processo de desfazimento do patrim\u00f4nio n\u00e3o-hist\u00f3rico de itens de propriedade do Departamento Nacional de Infraestrutura de Transportes (DNIT) leiloados, atualmente em fase final.<\/p>\n\n\n\n<p>O Comit\u00ea tamb\u00e9m definiu as datas de reuni\u00f5es para o ano que vem, atendendo a crit\u00e9rios de periodicidade estipulados no decreto de cria\u00e7\u00e3o, e refor\u00e7ou a necessidade de integra\u00e7\u00e3o de todos os participantes durante a programa\u00e7\u00e3o que ser\u00e1 realizada no Espa\u00e7o nos dias 17 e 18 de dezembro, com o Festival da Melhor Coxinha de Jundia\u00ed 2022. <a href=\"https:\/\/jundiai.sp.gov.br\/aniversario\/\" target=\"_blank\" rel=\"noreferrer noopener\">A programa\u00e7\u00e3o far\u00e1 parte das comemora\u00e7\u00f5es do anivers\u00e1rio de 366 anos de Jundia\u00ed<\/a>, balizada pelo eixo tem\u00e1tico de ocupa\u00e7\u00e3o pelo C de Cidade e Cidadania.<\/p>\n\n\n\n<p><strong>Assessoria de Imprensa<br>Fotos: Fot\u00f3grafos PMJ<\/strong><\/p>\n","protected":false},"excerpt":{"rendered":"<p>Em sua \u00faltima reuni\u00e3o de 2022, realizada nessa quinta-feira (01), o Comit\u00ea Expressa, grupo intersetorial que coordena a ocupa\u00e7\u00e3o de todas as Unidades de Gest\u00e3o da Prefeitura e dos demais \u00f3rg\u00e3os instalados no Espa\u00e7o Expressa (antigo Complexo Fepasa), realizou um balan\u00e7o das atividades deste ano e aproveitou para vistorias algumas das frentes de trabalho e [&hellip;]<\/p>\n","protected":false},"author":14,"featured_media":306648,"comment_status":"closed","ping_status":"0","sticky":false,"template":"","format":"standard","meta":{"footnotes":""},"categories":[2],"tags":[3288,29,449,3555],"ods":[],"class_list":["post-306646","post","type-post","status-publish","format-standard","has-post-thumbnail","hentry","category-noticias","tag-comite-expressa","tag-cultura","tag-espaco-expressa","tag-jundiai-366-anos"],"_links":{"self":[{"href":"https:\/\/jundiai.sp.gov.br\/noticias\/wp-json\/wp\/v2\/posts\/306646","targetHints":{"allow":["GET"]}}],"collection":[{"href":"https:\/\/jundiai.sp.gov.br\/noticias\/wp-json\/wp\/v2\/posts"}],"about":[{"href":"https:\/\/jundiai.sp.gov.br\/noticias\/wp-json\/wp\/v2\/types\/post"}],"author":[{"embeddable":true,"href":"https:\/\/jundiai.sp.gov.br\/noticias\/wp-json\/wp\/v2\/users\/14"}],"replies":[{"embeddable":true,"href":"https:\/\/jundiai.sp.gov.br\/noticias\/wp-json\/wp\/v2\/comments?post=306646"}],"version-history":[{"count":2,"href":"https:\/\/jundiai.sp.gov.br\/noticias\/wp-json\/wp\/v2\/posts\/306646\/revisions"}],"predecessor-version":[{"id":306649,"href":"https:\/\/jundiai.sp.gov.br\/noticias\/wp-json\/wp\/v2\/posts\/306646\/revisions\/306649"}],"wp:featuredmedia":[{"embeddable":true,"href":"https:\/\/jundiai.sp.gov.br\/noticias\/wp-json\/wp\/v2\/media\/306648"}],"wp:attachment":[{"href":"https:\/\/jundiai.sp.gov.br\/noticias\/wp-json\/wp\/v2\/media?parent=306646"}],"wp:term":[{"taxonomy":"category","embeddable":true,"href":"https:\/\/jundiai.sp.gov.br\/noticias\/wp-json\/wp\/v2\/categories?post=306646"},{"taxonomy":"post_tag","embeddable":true,"href":"https:\/\/jundiai.sp.gov.br\/noticias\/wp-json\/wp\/v2\/tags?post=306646"},{"taxonomy":"ods","embeddable":true,"href":"https:\/\/jundiai.sp.gov.br\/noticias\/wp-json\/wp\/v2\/ods?post=306646"}],"curies":[{"name":"wp","href":"https:\/\/api.w.org\/{rel}","templated":true}]}}