{"id":306651,"date":"2022-12-04T10:00:00","date_gmt":"2022-12-04T13:00:00","guid":{"rendered":"https:\/\/jundiai.sp.gov.br\/noticias\/?p=306651"},"modified":"2022-12-02T12:49:30","modified_gmt":"2022-12-02T15:49:30","slug":"covid-19-pfizer-baby-passa-a-ser-aplicada-em-criancas-com-deficiencia","status":"publish","type":"post","link":"https:\/\/jundiai.sp.gov.br\/noticias\/2022\/12\/04\/covid-19-pfizer-baby-passa-a-ser-aplicada-em-criancas-com-deficiencia\/","title":{"rendered":"Covid-19: Pfizer Baby passa a ser aplicada em crian\u00e7as com defici\u00eancia"},"content":{"rendered":"\n<p>Jundia\u00ed amplia, a partir de segunda-feira (5), a aplica\u00e7\u00e3o da vacina Pfizer Baby para crian\u00e7as de 6 meses a 2 anos com defici\u00eancia. A vacina\u00e7\u00e3o com a vers\u00e3o pedi\u00e1trica do imunizante, durante a semana, est\u00e1 dispon\u00edvel em cinco equipamentos de sa\u00fade, e aos s\u00e1bados, conforme calend\u00e1rio divulgado nos canais oficiais da Prefeitura.<br><br>\u201cA campanha segue de forma escalonada devido \u00e0 quantidade de vacinas recebidas pelo Munic\u00edpio. Al\u00e9m das crian\u00e7as com comorbidades, vamos atender as que possuem algum tipo de defici\u00eancia, sem a necessidade de agendamento. As doses que sobram permanecem sendo destinadas para a lista de espera\u201d, esclarece a coordenadora da Vigil\u00e2ncia Epidemiol\u00f3gica, enfermeira Maria do Carmo Possidente.<\/p>\n\n\n\n<figure class=\"wp-block-image size-full\"><img loading=\"lazy\" decoding=\"async\" width=\"1280\" height=\"854\" src=\"https:\/\/jundiai.sp.gov.br\/noticias\/wp-content\/uploads\/sites\/32\/2022\/12\/vacinacao_aramis_polli-29.jpg\" alt=\"\" class=\"wp-image-306660\" srcset=\"https:\/\/jundiai.sp.gov.br\/noticias\/wp-content\/uploads\/sites\/32\/2022\/12\/vacinacao_aramis_polli-29.jpg 1280w, https:\/\/jundiai.sp.gov.br\/noticias\/wp-content\/uploads\/sites\/32\/2022\/12\/vacinacao_aramis_polli-29-300x200.jpg 300w, https:\/\/jundiai.sp.gov.br\/noticias\/wp-content\/uploads\/sites\/32\/2022\/12\/vacinacao_aramis_polli-29-768x512.jpg 768w, https:\/\/jundiai.sp.gov.br\/noticias\/wp-content\/uploads\/sites\/32\/2022\/12\/vacinacao_aramis_polli-29-450x300.jpg 450w\" sizes=\"auto, (max-width: 1280px) 100vw, 1280px\" \/><figcaption class=\"wp-element-caption\">Jundia\u00ed recebeu um lote com 57 frascos<\/figcaption><\/figure>\n\n\n\n<p>Jundia\u00ed recebeu da Secretaria de Estado da Sa\u00fade um lote com 57 frascos &#8211; totalizando 570 doses &#8211; da Pfizer Baby. A cidade registra 14.477 na faixa et\u00e1ria apta a receber a vacina.<br><br>O esquema de vacina\u00e7\u00e3o requer tr\u00eas doses do imunizante, sendo as duas doses iniciais administradas com quatro semanas de intervalo e a terceira oito semanas depois. Crian\u00e7as que tiveram a Covid-19 devem esperar 30 dias para receber a vacina. A Pfizer Baby, assim como as outras contra a doen\u00e7a, pode ser administrada simultaneamente com as vacinas de rotina.<br><br><strong>Pontos de aplica\u00e7\u00e3o<\/strong><br>Durante a semana, a vacina\u00e7\u00e3o ocorre na Cl\u00ednica da Fam\u00edlia Novo Horizonte I, das 8h30 \u00e0s 15h; na Nova UBS Agapeama, das 8h30 \u00e0s 11h e das 13h \u00e0s 15h; na UBS Tamoio, das 8h30 \u00e0s 11h e das 13h \u00e0s 15h; e na Cl\u00ednica da Fam\u00edlia Hortol\u00e2ndia, das 8h30 \u00e0s 15h. <a href=\"https:\/\/jundiai.sp.gov.br\/saude\/rede-de-atendimento\/rede-completa-de-atendimento\/\">Confira o endere\u00e7o<\/a>.<br><br>\u00c9 necess\u00e1ria a apresenta\u00e7\u00e3o da carteira de vacina\u00e7\u00e3o da crian\u00e7a, do CPF ou o Cart\u00e3o Nacional de Sa\u00fade e documentos comprobat\u00f3rios da comorbidade e da defici\u00eancia (caso n\u00e3o seja aparente), podendo ser receitas, prescri\u00e7\u00f5es m\u00e9dicas ou exames.<br><br><strong>Xepinha<\/strong><br>A inscri\u00e7\u00e3o para dose remanescente \u2013 xepinha &#8211; deve ser feita no<a href=\"https:\/\/docs.google.com\/forms\/d\/e\/1FAIpQLScDk6httogAb-Dk4UnnckptR7piP-l1WAvmKSDgQZi0JV-u_Q\/viewform\"> site de Prefeitura<\/a>. Havendo doses dispon\u00edveis, a Unidade de Gest\u00e3o de Promo\u00e7\u00e3o da Sa\u00fade (UGPS) contata os pais e\/ou respons\u00e1veis para a aplica\u00e7\u00e3o na UBS selecionada ou em alguma unidade pr\u00f3xima a escolhida.<br><br><strong>Assessoria de Imprensa<br>Foto: Fot\u00f3grafos PMJ <\/strong><\/p>\n","protected":false},"excerpt":{"rendered":"<p>Jundia\u00ed amplia, a partir de segunda-feira (5), a aplica\u00e7\u00e3o da vacina Pfizer Baby para crian\u00e7as de 6 meses a 2 anos com defici\u00eancia. A vacina\u00e7\u00e3o com a vers\u00e3o pedi\u00e1trica do imunizante, durante a semana, est\u00e1 dispon\u00edvel em cinco equipamentos de sa\u00fade, e aos s\u00e1bados, conforme calend\u00e1rio divulgado nos canais oficiais da Prefeitura. \u201cA campanha segue [&hellip;]<\/p>\n","protected":false},"author":50,"featured_media":306660,"comment_status":"closed","ping_status":"0","sticky":false,"template":"","format":"standard","meta":{"footnotes":""},"categories":[2],"tags":[1500,981,1307],"ods":[],"class_list":["post-306651","post","type-post","status-publish","format-standard","has-post-thumbnail","hentry","category-noticias","tag-coronavirus","tag-promocao-da-saude","tag-ubs"],"_links":{"self":[{"href":"https:\/\/jundiai.sp.gov.br\/noticias\/wp-json\/wp\/v2\/posts\/306651","targetHints":{"allow":["GET"]}}],"collection":[{"href":"https:\/\/jundiai.sp.gov.br\/noticias\/wp-json\/wp\/v2\/posts"}],"about":[{"href":"https:\/\/jundiai.sp.gov.br\/noticias\/wp-json\/wp\/v2\/types\/post"}],"author":[{"embeddable":true,"href":"https:\/\/jundiai.sp.gov.br\/noticias\/wp-json\/wp\/v2\/users\/50"}],"replies":[{"embeddable":true,"href":"https:\/\/jundiai.sp.gov.br\/noticias\/wp-json\/wp\/v2\/comments?post=306651"}],"version-history":[{"count":4,"href":"https:\/\/jundiai.sp.gov.br\/noticias\/wp-json\/wp\/v2\/posts\/306651\/revisions"}],"predecessor-version":[{"id":306662,"href":"https:\/\/jundiai.sp.gov.br\/noticias\/wp-json\/wp\/v2\/posts\/306651\/revisions\/306662"}],"wp:featuredmedia":[{"embeddable":true,"href":"https:\/\/jundiai.sp.gov.br\/noticias\/wp-json\/wp\/v2\/media\/306660"}],"wp:attachment":[{"href":"https:\/\/jundiai.sp.gov.br\/noticias\/wp-json\/wp\/v2\/media?parent=306651"}],"wp:term":[{"taxonomy":"category","embeddable":true,"href":"https:\/\/jundiai.sp.gov.br\/noticias\/wp-json\/wp\/v2\/categories?post=306651"},{"taxonomy":"post_tag","embeddable":true,"href":"https:\/\/jundiai.sp.gov.br\/noticias\/wp-json\/wp\/v2\/tags?post=306651"},{"taxonomy":"ods","embeddable":true,"href":"https:\/\/jundiai.sp.gov.br\/noticias\/wp-json\/wp\/v2\/ods?post=306651"}],"curies":[{"name":"wp","href":"https:\/\/api.w.org\/{rel}","templated":true}]}}