{"id":306730,"date":"2022-12-05T10:15:58","date_gmt":"2022-12-05T13:15:58","guid":{"rendered":"https:\/\/jundiai.sp.gov.br\/noticias\/?p=306730"},"modified":"2022-12-05T10:15:58","modified_gmt":"2022-12-05T13:15:58","slug":"reuniao-com-condutores-de-transporte-escolar-vai-atualizar-sobre-normas-vigentes","status":"publish","type":"post","link":"https:\/\/jundiai.sp.gov.br\/noticias\/2022\/12\/05\/reuniao-com-condutores-de-transporte-escolar-vai-atualizar-sobre-normas-vigentes\/","title":{"rendered":"<strong>Reuni\u00e3o com condutores de transporte escolar vai atualizar sobre normas vigentes<\/strong>"},"content":{"rendered":"\n<p>A Unidade de Gest\u00e3o de Mobilidade e Transporte (UGMT) de Jundia\u00ed convida os condutores de Transporte Escolar inscritos no munic\u00edpio para participarem de uma reuni\u00e3o na ter\u00e7a-feira (06), \u00e0s 8h30, no audit\u00f3rio da UniAnchieta (campus), para orienta\u00e7\u00e3o sobre as normas vigentes, al\u00e9m de conscientizar os motoristas a respeito da seguran\u00e7a na condu\u00e7\u00e3o de seus ve\u00edculos.<\/p>\n\n\n\n<figure class=\"wp-block-image size-full\"><img loading=\"lazy\" decoding=\"async\" width=\"1280\" height=\"638\" src=\"https:\/\/jundiai.sp.gov.br\/noticias\/wp-content\/uploads\/sites\/32\/2022\/12\/vans_escolares-9.jpg\" alt=\"\" class=\"wp-image-306729\" srcset=\"https:\/\/jundiai.sp.gov.br\/noticias\/wp-content\/uploads\/sites\/32\/2022\/12\/vans_escolares-9.jpg 1280w, https:\/\/jundiai.sp.gov.br\/noticias\/wp-content\/uploads\/sites\/32\/2022\/12\/vans_escolares-9-300x150.jpg 300w, https:\/\/jundiai.sp.gov.br\/noticias\/wp-content\/uploads\/sites\/32\/2022\/12\/vans_escolares-9-768x383.jpg 768w\" sizes=\"auto, (max-width: 1280px) 100vw, 1280px\" \/><figcaption class=\"wp-element-caption\">311 condutores escolares atuam em Jundia\u00ed<\/figcaption><\/figure>\n\n\n\n<p><\/p>\n\n\n\n<p>A convoca\u00e7\u00e3o foi publicada na edi\u00e7\u00e3o da Imprensa Oficial de 02 de dezembro de 2022.<\/p>\n\n\n\n<p>Jundia\u00ed conta com 311 condutores escolares, que atuam em todas as regi\u00f5es da cidade.<\/p>\n","protected":false},"excerpt":{"rendered":"<p>A Unidade de Gest\u00e3o de Mobilidade e Transporte (UGMT) de Jundia\u00ed convida os condutores de Transporte Escolar inscritos no munic\u00edpio para participarem de uma reuni\u00e3o na ter\u00e7a-feira (06), \u00e0s 8h30, no audit\u00f3rio da UniAnchieta (campus), para orienta\u00e7\u00e3o sobre as normas vigentes, al\u00e9m de conscientizar os motoristas a respeito da seguran\u00e7a na condu\u00e7\u00e3o de seus ve\u00edculos. [&hellip;]<\/p>\n","protected":false},"author":92,"featured_media":306729,"comment_status":"closed","ping_status":"0","sticky":false,"template":"","format":"standard","meta":{"footnotes":""},"categories":[2],"tags":[3616,982,3369,2903],"ods":[],"class_list":["post-306730","post","type-post","status-publish","format-standard","has-post-thumbnail","hentry","category-noticias","tag-condutores","tag-mobilidade-e-transporte","tag-seguranca-viaria","tag-transporte-escolar"],"_links":{"self":[{"href":"https:\/\/jundiai.sp.gov.br\/noticias\/wp-json\/wp\/v2\/posts\/306730","targetHints":{"allow":["GET"]}}],"collection":[{"href":"https:\/\/jundiai.sp.gov.br\/noticias\/wp-json\/wp\/v2\/posts"}],"about":[{"href":"https:\/\/jundiai.sp.gov.br\/noticias\/wp-json\/wp\/v2\/types\/post"}],"author":[{"embeddable":true,"href":"https:\/\/jundiai.sp.gov.br\/noticias\/wp-json\/wp\/v2\/users\/92"}],"replies":[{"embeddable":true,"href":"https:\/\/jundiai.sp.gov.br\/noticias\/wp-json\/wp\/v2\/comments?post=306730"}],"version-history":[{"count":3,"href":"https:\/\/jundiai.sp.gov.br\/noticias\/wp-json\/wp\/v2\/posts\/306730\/revisions"}],"predecessor-version":[{"id":306733,"href":"https:\/\/jundiai.sp.gov.br\/noticias\/wp-json\/wp\/v2\/posts\/306730\/revisions\/306733"}],"wp:featuredmedia":[{"embeddable":true,"href":"https:\/\/jundiai.sp.gov.br\/noticias\/wp-json\/wp\/v2\/media\/306729"}],"wp:attachment":[{"href":"https:\/\/jundiai.sp.gov.br\/noticias\/wp-json\/wp\/v2\/media?parent=306730"}],"wp:term":[{"taxonomy":"category","embeddable":true,"href":"https:\/\/jundiai.sp.gov.br\/noticias\/wp-json\/wp\/v2\/categories?post=306730"},{"taxonomy":"post_tag","embeddable":true,"href":"https:\/\/jundiai.sp.gov.br\/noticias\/wp-json\/wp\/v2\/tags?post=306730"},{"taxonomy":"ods","embeddable":true,"href":"https:\/\/jundiai.sp.gov.br\/noticias\/wp-json\/wp\/v2\/ods?post=306730"}],"curies":[{"name":"wp","href":"https:\/\/api.w.org\/{rel}","templated":true}]}}