{"id":307199,"date":"2022-12-08T19:14:45","date_gmt":"2022-12-08T22:14:45","guid":{"rendered":"https:\/\/jundiai.sp.gov.br\/noticias\/?p=307199"},"modified":"2022-12-08T19:23:39","modified_gmt":"2022-12-08T22:23:39","slug":"centro-contara-com-telao-para-exibicao-do-jogo-da-copa-nesta-sexta-09","status":"publish","type":"post","link":"https:\/\/jundiai.sp.gov.br\/noticias\/2022\/12\/08\/centro-contara-com-telao-para-exibicao-do-jogo-da-copa-nesta-sexta-09\/","title":{"rendered":"Centro contar\u00e1 com tel\u00e3o para exibi\u00e7\u00e3o do jogo da Copa nesta sexta (09)"},"content":{"rendered":"\n<p>Quem for ao Centro de Jundia\u00ed nesta sexta-feira (09) poder\u00e1 aproveitar, al\u00e9m das atra\u00e7\u00f5es propostas pela Prefeitura para as programa\u00e7\u00f5es do <a rel=\"noreferrer noopener\" href=\"https:\/\/jundiai.sp.gov.br\/circuitonatalluz\/\" target=\"_blank\">Circuito Natal Luz<\/a> e do <a rel=\"noreferrer noopener\" href=\"https:\/\/jundiai.sp.gov.br\/aniversario\/\" target=\"_blank\">Anivers\u00e1rio de 366 anos<\/a> da cidade, para assistir ao jogo da sele\u00e7\u00e3o brasileira de futebol contra a Cro\u00e1cia, a partir das 12h.<\/p>\n\n\n\n<p>Para a transmiss\u00e3o do jogo, a Unidade de Gest\u00e3o de Cultura (UGC) ir\u00e1 instalar um tel\u00e3o no palco da Pra\u00e7a Ruy Barbosa, onde, mesmo depois da partida, os torcedores poder\u00e3o emendar a festa com a apresenta\u00e7\u00e3o de um DJ e seguir para as outras atra\u00e7\u00f5es espalhadas pelo Centro.<\/p>\n\n\n\n<p><a href=\"https:\/\/www.flickr.com\/photos\/prefeituradejundiai\/albums\/72177720304146658\" target=\"_blank\" rel=\"noreferrer noopener\">CONFIRA AS FOTOS DO CIRCUITO NATAL LUZ<\/a><\/p>\n\n\n\n<p>Na Pra\u00e7a Marechal Floriano Peixoto, a programa\u00e7\u00e3o do palco do Coreto traz: \u00e0s 16h, \u201cM\u00fasica do Infinito\u201d, do Tempo do Sonho; \u00e0s 17h30 a Banda 7X1; \u00e0s 19h o show \u201cO Melhor do Rock Nacional\u201d com a banda SIGLA; e \u00e0s 20h, o show \u201cClassic Rock Experience\u201d com a Banda Agnus Rock. Tamb\u00e9m na Pra\u00e7a, das 18h \u00e0s 20h, ser\u00e1 o ponto de embarque do Expresso Natalino que percorre as ruas do Centro com a Trupe de Natal.<\/p>\n\n\n\n<figure class=\"wp-block-image size-large\"><img loading=\"lazy\" decoding=\"async\" width=\"1280\" height=\"853\" src=\"https:\/\/jundiai.sp.gov.br\/noticias\/wp-content\/uploads\/sites\/32\/2022\/12\/centro_natal_noturna-1280x853.jpg\" alt=\"\" class=\"wp-image-307204\" srcset=\"https:\/\/jundiai.sp.gov.br\/noticias\/wp-content\/uploads\/sites\/32\/2022\/12\/centro_natal_noturna-1280x853.jpg 1280w, https:\/\/jundiai.sp.gov.br\/noticias\/wp-content\/uploads\/sites\/32\/2022\/12\/centro_natal_noturna-300x200.jpg 300w, https:\/\/jundiai.sp.gov.br\/noticias\/wp-content\/uploads\/sites\/32\/2022\/12\/centro_natal_noturna-768x512.jpg 768w, https:\/\/jundiai.sp.gov.br\/noticias\/wp-content\/uploads\/sites\/32\/2022\/12\/centro_natal_noturna-450x300.jpg 450w, https:\/\/jundiai.sp.gov.br\/noticias\/wp-content\/uploads\/sites\/32\/2022\/12\/centro_natal_noturna.jpg 1323w\" sizes=\"auto, (max-width: 1280px) 100vw, 1280px\" \/><figcaption class=\"wp-element-caption\">Torcedores poder\u00e3o emendar as comemora\u00e7\u00f5es no Centro prestigiando as demais atra\u00e7\u00f5es culturais programadas <\/figcaption><\/figure>\n\n\n\n<p>Na Pinacoteca Municipal Di\u00f3genes Duarte Paes, al\u00e9m de prestigiar a exposi\u00e7\u00e3o de <a rel=\"noreferrer noopener\" href=\"https:\/\/cultura.jundiai.sp.gov.br\/exposicoes\/papais-noeis\/\" target=\"_blank\">Papais No\u00e9is<\/a> e outras mostras, o visitante poder\u00e1 assistir \u00e0s apresenta\u00e7\u00f5es musicais nas sacadas: \u00e0s 19h tem Duo D\u00f4 de Carvalho, e \u00e0s 20h30 o Duo Rafael Amarante.<\/p>\n\n\n\n<p>J\u00e1 no Museu Hist\u00f3rico e Cultural \u2013 Solar do Bar\u00e3o, al\u00e9m de conferir a <a rel=\"noreferrer noopener\" href=\"https:\/\/cultura.jundiai.sp.gov.br\/exposicoes\/exposicao-de-presepios-2022\/\" target=\"_blank\">tradicional exposi\u00e7\u00e3o de pres\u00e9pios<\/a>, o visitante poder\u00e1 assistir do cal\u00e7ad\u00e3o, a partir das 19h30, \u00e0 apresenta\u00e7\u00e3o nas janelas dos corais Madrigal Clap, Vozes da Vit\u00f3ria, Coral Nova Fati e Coral CCVH (Centro Comunit\u00e1rio da Vila Hortol\u00e2ndia).<\/p>\n\n\n\n<p>A noite tamb\u00e9m contar\u00e1 com as proje\u00e7\u00f5es luminosas na fachada da Catedral Nossa Senhora do Desterro, com sess\u00f5es \u00e0s 19h, 20h e 21h.<\/p>\n\n\n\n<p>Al\u00e9m das atra\u00e7\u00f5es culturais, quem visitar o Centro poder\u00e1 ainda prestigiar o melhor dos salgados, doces e bebidas da gastronomia local, em tr\u00eas pontos da rua Bar\u00e3o, dois da Rua do Ros\u00e1rio, na Pra\u00e7a Ruy Barbosa e pr\u00f3ximo ao Teatro Polytheama.<\/p>\n\n\n\n<p><strong>Passeio das fam\u00edlias<br><\/strong>Ao longo de todos os dias e noites de dezembro, milhares de pessoas t\u00eam aproveitado a ida ao Centro para acompanhar as tradicionais atra\u00e7\u00f5es que todos os anos a Prefeitura leva para a regi\u00e3o para comemorar as datas.<\/p>\n\n\n\n<p>Moradora do Medeiros, a Am\u00e9lia Barbosa aproveitou a ida ao Centro para passear com a neta Manuela, de 09 anos. Passando pelo cal\u00e7ad\u00e3o da Bar\u00e3o na tarde desta quinta-feira (08), av\u00f3 e neta prestigiaram e interagiram com a interven\u00e7\u00e3o dos Palha\u00e7os Rick &amp; Kelly. \u201cViemos dar uma volta para ver os enfeites e o Papai Noel, pois tinham mesmo falado que estava tudo muito enfeitado e bonito e quisemos vir conferir. \u00c9 gostoso ver o Centro cheio de atra\u00e7\u00f5es como estas, isso \u00e9 importante para a Cultura da cidade, que est\u00e1 cada vez com mais coisas para fazer\u201d, comentou Am\u00e9lia.<\/p>\n\n\n\n<figure class=\"wp-block-image size-large\"><img loading=\"lazy\" decoding=\"async\" width=\"1280\" height=\"854\" src=\"https:\/\/jundiai.sp.gov.br\/noticias\/wp-content\/uploads\/sites\/32\/2022\/12\/apresentacao-artistica-natal-luz_c_-21-1280x854.jpg\" alt=\"\" class=\"wp-image-307202\" srcset=\"https:\/\/jundiai.sp.gov.br\/noticias\/wp-content\/uploads\/sites\/32\/2022\/12\/apresentacao-artistica-natal-luz_c_-21-1280x854.jpg 1280w, https:\/\/jundiai.sp.gov.br\/noticias\/wp-content\/uploads\/sites\/32\/2022\/12\/apresentacao-artistica-natal-luz_c_-21-300x200.jpg 300w, https:\/\/jundiai.sp.gov.br\/noticias\/wp-content\/uploads\/sites\/32\/2022\/12\/apresentacao-artistica-natal-luz_c_-21-768x512.jpg 768w, https:\/\/jundiai.sp.gov.br\/noticias\/wp-content\/uploads\/sites\/32\/2022\/12\/apresentacao-artistica-natal-luz_c_-21-1536x1024.jpg 1536w, https:\/\/jundiai.sp.gov.br\/noticias\/wp-content\/uploads\/sites\/32\/2022\/12\/apresentacao-artistica-natal-luz_c_-21-450x300.jpg 450w, https:\/\/jundiai.sp.gov.br\/noticias\/wp-content\/uploads\/sites\/32\/2022\/12\/apresentacao-artistica-natal-luz_c_-21.jpg 1900w\" sizes=\"auto, (max-width: 1280px) 100vw, 1280px\" \/><figcaption class=\"wp-element-caption\">Am\u00e9lia e Manuela entraram na brincadeira e se divertiram com o grupo Rick &amp; Kelly <\/figcaption><\/figure>\n\n\n\n<p>O Circuito Natal Luz \u00e9 uma realiza\u00e7\u00e3o da Prefeitura, em parceria com a Associa\u00e7\u00e3o Comercial e Empresarial (ACE), a C\u00e2mara de Dirigentes Lojistas (CDL), o Sindicato do Com\u00e9rcio Varejista (Sincomercio) e a Catedral Nossa Senhora do Desterro.<\/p>\n\n\n\n<p><strong>Assessoria de Imprensa<br>Fotos: Fot\u00f3grafos PMJ<\/strong><\/p>\n","protected":false},"excerpt":{"rendered":"<p>Quem for ao Centro de Jundia\u00ed nesta sexta-feira (09) poder\u00e1 aproveitar, al\u00e9m das atra\u00e7\u00f5es propostas pela Prefeitura para as programa\u00e7\u00f5es do Circuito Natal Luz e do Anivers\u00e1rio de 366 anos da cidade, para assistir ao jogo da sele\u00e7\u00e3o brasileira de futebol contra a Cro\u00e1cia, a partir das 12h. Para a transmiss\u00e3o do jogo, a Unidade [&hellip;]<\/p>\n","protected":false},"author":14,"featured_media":307203,"comment_status":"closed","ping_status":"closed","sticky":false,"template":"","format":"standard","meta":{"footnotes":""},"categories":[2],"tags":[2489,3556,29,3555],"ods":[],"class_list":["post-307199","post","type-post","status-publish","format-standard","has-post-thumbnail","hentry","category-noticias","tag-centro","tag-circuito-natal-luz-jundiai-2022","tag-cultura","tag-jundiai-366-anos"],"_links":{"self":[{"href":"https:\/\/jundiai.sp.gov.br\/noticias\/wp-json\/wp\/v2\/posts\/307199","targetHints":{"allow":["GET"]}}],"collection":[{"href":"https:\/\/jundiai.sp.gov.br\/noticias\/wp-json\/wp\/v2\/posts"}],"about":[{"href":"https:\/\/jundiai.sp.gov.br\/noticias\/wp-json\/wp\/v2\/types\/post"}],"author":[{"embeddable":true,"href":"https:\/\/jundiai.sp.gov.br\/noticias\/wp-json\/wp\/v2\/users\/14"}],"replies":[{"embeddable":true,"href":"https:\/\/jundiai.sp.gov.br\/noticias\/wp-json\/wp\/v2\/comments?post=307199"}],"version-history":[{"count":5,"href":"https:\/\/jundiai.sp.gov.br\/noticias\/wp-json\/wp\/v2\/posts\/307199\/revisions"}],"predecessor-version":[{"id":307208,"href":"https:\/\/jundiai.sp.gov.br\/noticias\/wp-json\/wp\/v2\/posts\/307199\/revisions\/307208"}],"wp:featuredmedia":[{"embeddable":true,"href":"https:\/\/jundiai.sp.gov.br\/noticias\/wp-json\/wp\/v2\/media\/307203"}],"wp:attachment":[{"href":"https:\/\/jundiai.sp.gov.br\/noticias\/wp-json\/wp\/v2\/media?parent=307199"}],"wp:term":[{"taxonomy":"category","embeddable":true,"href":"https:\/\/jundiai.sp.gov.br\/noticias\/wp-json\/wp\/v2\/categories?post=307199"},{"taxonomy":"post_tag","embeddable":true,"href":"https:\/\/jundiai.sp.gov.br\/noticias\/wp-json\/wp\/v2\/tags?post=307199"},{"taxonomy":"ods","embeddable":true,"href":"https:\/\/jundiai.sp.gov.br\/noticias\/wp-json\/wp\/v2\/ods?post=307199"}],"curies":[{"name":"wp","href":"https:\/\/api.w.org\/{rel}","templated":true}]}}