{"id":307291,"date":"2022-12-12T11:41:32","date_gmt":"2022-12-12T14:41:32","guid":{"rendered":"https:\/\/jundiai.sp.gov.br\/noticias\/?p=307291"},"modified":"2022-12-12T11:41:32","modified_gmt":"2022-12-12T14:41:32","slug":"time-jundiai-abre-inscricoes-para-seletiva-do-voleibol-masculino","status":"publish","type":"post","link":"https:\/\/jundiai.sp.gov.br\/noticias\/2022\/12\/12\/time-jundiai-abre-inscricoes-para-seletiva-do-voleibol-masculino\/","title":{"rendered":"TIME-Jundia\u00ed abre inscri\u00e7\u00f5es para seletiva do Voleibol Masculino"},"content":{"rendered":"\n<p>Est\u00e3o abertas as inscri\u00e7\u00f5es para a seletiva do TIME-Jundia\u00ed de Voleibol masculino. Os atletas inscritos ser\u00e3o pr\u00e9-selecionados pela organiza\u00e7\u00e3o do evento de acordo com crit\u00e9rios espec\u00edficos para cada categoria e aqueles que forem selecionados pela comiss\u00e3o t\u00e9cnica ser\u00e3o comunicados e convocados para se apresentarem no dia e local da seletiva oficial, presencial. Os organizadores entrar\u00e3o em contato previamente \u00e0 seletiva, que acontece nos dias 20 e 22 de dezembro.<\/p>\n\n\n\n<p>As inscri\u00e7\u00f5es seguem at\u00e9 dia 16 de dezembro (sexta-feira) e devem ser realizadas de maneira on-line <a href=\"https:\/\/docs.google.com\/forms\/d\/e\/1FAIpQLScDpdJi55RXwiXr1HJVlkMJpnLLjDP7LEqNyzLhRckFyfj45g\/viewform\">atrav\u00e9s deste link<\/a>. No dia 20 de dezembro, \u00e0s 14h30, acontece a seletiva da categoria Sub-17 (Para nascidos em 2007 \/ 2008 \/ 2009). E no dia 22, tamb\u00e9m \u00e0s 14h30, \u00e9 a vez do Sub-19 (Nascidos em 2005 \/ 2006). Ambas as seletivas acontecem no CECE Dr. Nicolino de Luca, o Bol\u00e3o.  <\/p>\n\n\n\n<p>\u00c9 recomendado que os participantes compare\u00e7am com roupas adequadas \u00e0 pr\u00e1tica esportiva e obrigat\u00f3ria a apresenta\u00e7\u00e3o do documento de identidade (RG).<\/p>\n\n\n\n<figure class=\"wp-block-image size-large\"><img loading=\"lazy\" decoding=\"async\" width=\"1140\" height=\"960\" src=\"https:\/\/jundiai.sp.gov.br\/noticias\/wp-content\/uploads\/sites\/32\/2021\/09\/volei-24-1140x960.jpg\" alt=\"Treino de voleibol do TIME-Jundia\u00ed masculino\" class=\"wp-image-276455\" srcset=\"https:\/\/jundiai.sp.gov.br\/noticias\/wp-content\/uploads\/sites\/32\/2021\/09\/volei-24-1140x960.jpg 1140w, https:\/\/jundiai.sp.gov.br\/noticias\/wp-content\/uploads\/sites\/32\/2021\/09\/volei-24-300x253.jpg 300w, https:\/\/jundiai.sp.gov.br\/noticias\/wp-content\/uploads\/sites\/32\/2021\/09\/volei-24-768x647.jpg 768w, https:\/\/jundiai.sp.gov.br\/noticias\/wp-content\/uploads\/sites\/32\/2021\/09\/volei-24.jpg 1280w\" sizes=\"auto, (max-width: 1140px) 100vw, 1140px\" \/><figcaption class=\"wp-element-caption\">Voleibol masculino do TIME-Jundia\u00ed abre novas vagas para a temporada 2023<\/figcaption><\/figure>\n\n\n\n<p>No ato da inscri\u00e7\u00e3o para o evento, ao concordar com o regulamento assinalando a op\u00e7\u00e3o apresentada no sistema on-line, o participante e\/ou respons\u00e1vel pelo participante menor de idade, aceita todos os termos do regulamento e assume total responsabilidade pelos dados fornecidos e pela participa\u00e7\u00e3o no evento. <\/p>\n\n\n\n<p>A participa\u00e7\u00e3o na Seletiva de V\u00f4lei Masculino do Time Jundia\u00ed n\u00e3o garante a vaga na equipe do Time Jundia\u00ed. Os atletas selecionados ser\u00e3o convidadas a treinar com o Time Jundia\u00ed sem garantia de qualquer compensa\u00e7\u00e3o financeira e poder\u00e3o vir a representar a cidade de Jundia\u00ed em campeonatos\/torneios oficiais.<\/p>\n\n\n\n<figure class=\"wp-block-image size-large\"><img loading=\"lazy\" decoding=\"async\" width=\"960\" height=\"960\" src=\"https:\/\/jundiai.sp.gov.br\/noticias\/wp-content\/uploads\/sites\/32\/2022\/12\/basquete-960x960.jpg\" alt=\"\" class=\"wp-image-307331\" srcset=\"https:\/\/jundiai.sp.gov.br\/noticias\/wp-content\/uploads\/sites\/32\/2022\/12\/basquete-960x960.jpg 960w, https:\/\/jundiai.sp.gov.br\/noticias\/wp-content\/uploads\/sites\/32\/2022\/12\/basquete-300x300.jpg 300w, https:\/\/jundiai.sp.gov.br\/noticias\/wp-content\/uploads\/sites\/32\/2022\/12\/basquete-100x100.jpg 100w, https:\/\/jundiai.sp.gov.br\/noticias\/wp-content\/uploads\/sites\/32\/2022\/12\/basquete-768x768.jpg 768w, https:\/\/jundiai.sp.gov.br\/noticias\/wp-content\/uploads\/sites\/32\/2022\/12\/basquete.jpg 1080w\" sizes=\"auto, (max-width: 960px) 100vw, 960px\" \/><\/figure>\n\n\n\n<p><strong> Assessoria de Imprensa<\/strong><\/p>\n","protected":false},"excerpt":{"rendered":"<p>Est\u00e3o abertas as inscri\u00e7\u00f5es para a seletiva do TIME-Jundia\u00ed de Voleibol masculino. Os atletas inscritos ser\u00e3o pr\u00e9-selecionados pela organiza\u00e7\u00e3o do evento de acordo com crit\u00e9rios espec\u00edficos para cada categoria e aqueles que forem selecionados pela comiss\u00e3o t\u00e9cnica ser\u00e3o comunicados e convocados para se apresentarem no dia e local da seletiva oficial, presencial. Os organizadores entrar\u00e3o [&hellip;]<\/p>\n","protected":false},"author":79,"featured_media":223003,"comment_status":"closed","ping_status":"0","sticky":false,"template":"","format":"standard","meta":{"footnotes":""},"categories":[2],"tags":[2037,2774,3100,1290,3559],"ods":[],"class_list":["post-307291","post","type-post","status-publish","format-standard","has-post-thumbnail","hentry","category-noticias","tag-esporte","tag-seletiva","tag-time-jundiai-2","tag-unidade-de-gestao-de-esporte-e-lazer-ugel","tag-voleibol"],"_links":{"self":[{"href":"https:\/\/jundiai.sp.gov.br\/noticias\/wp-json\/wp\/v2\/posts\/307291","targetHints":{"allow":["GET"]}}],"collection":[{"href":"https:\/\/jundiai.sp.gov.br\/noticias\/wp-json\/wp\/v2\/posts"}],"about":[{"href":"https:\/\/jundiai.sp.gov.br\/noticias\/wp-json\/wp\/v2\/types\/post"}],"author":[{"embeddable":true,"href":"https:\/\/jundiai.sp.gov.br\/noticias\/wp-json\/wp\/v2\/users\/79"}],"replies":[{"embeddable":true,"href":"https:\/\/jundiai.sp.gov.br\/noticias\/wp-json\/wp\/v2\/comments?post=307291"}],"version-history":[{"count":6,"href":"https:\/\/jundiai.sp.gov.br\/noticias\/wp-json\/wp\/v2\/posts\/307291\/revisions"}],"predecessor-version":[{"id":307335,"href":"https:\/\/jundiai.sp.gov.br\/noticias\/wp-json\/wp\/v2\/posts\/307291\/revisions\/307335"}],"wp:featuredmedia":[{"embeddable":true,"href":"https:\/\/jundiai.sp.gov.br\/noticias\/wp-json\/wp\/v2\/media\/223003"}],"wp:attachment":[{"href":"https:\/\/jundiai.sp.gov.br\/noticias\/wp-json\/wp\/v2\/media?parent=307291"}],"wp:term":[{"taxonomy":"category","embeddable":true,"href":"https:\/\/jundiai.sp.gov.br\/noticias\/wp-json\/wp\/v2\/categories?post=307291"},{"taxonomy":"post_tag","embeddable":true,"href":"https:\/\/jundiai.sp.gov.br\/noticias\/wp-json\/wp\/v2\/tags?post=307291"},{"taxonomy":"ods","embeddable":true,"href":"https:\/\/jundiai.sp.gov.br\/noticias\/wp-json\/wp\/v2\/ods?post=307291"}],"curies":[{"name":"wp","href":"https:\/\/api.w.org\/{rel}","templated":true}]}}