{"id":307437,"date":"2022-12-14T08:45:00","date_gmt":"2022-12-14T11:45:00","guid":{"rendered":"https:\/\/jundiai.sp.gov.br\/noticias\/?p=307437"},"modified":"2022-12-13T17:09:41","modified_gmt":"2022-12-13T20:09:41","slug":"educacao-de-jovens-e-adultos-realiza-ciclo-de-palestras-para-alunos","status":"publish","type":"post","link":"https:\/\/jundiai.sp.gov.br\/noticias\/2022\/12\/14\/educacao-de-jovens-e-adultos-realiza-ciclo-de-palestras-para-alunos\/","title":{"rendered":"Educa\u00e7\u00e3o de Jovens e Adultos realiza ciclo de palestras para alunos"},"content":{"rendered":"\n<p>O Centro Municipal de Educa\u00e7\u00e3o de Jovens e Adultos (CMEJA) Prof. Dr. Andr\u00e9 Franco Montoro, vinculado \u00e0 Unidade de Gest\u00e3o de Educa\u00e7\u00e3o (UGE), promoveu um ciclo de palestras com foco no mundo do trabalho e cuidados com a sa\u00fade f\u00edsica e mental. A atividade \u00e9 mais uma iniciativa do Programa Escola Inovadora e tamb\u00e9m marca o encerramento do semestre letivo na escola. Na \u00faltima atividade, desta ter\u00e7a-feira (13), o tema abordado foi o tabagismo.<br><br>Para conversar com os alunos, foi convidada a m\u00e9dica do Programa de Assist\u00eancia Intensiva ao Tabagista (PAIT), da Unidade de Gest\u00e3o de Promo\u00e7\u00e3o da Sa\u00fade (UGPS), Carla Ruske Arantes Pereira, que destacou bons h\u00e1bitos para a sa\u00fade, al\u00e9m de falar sobre o problema. \u201c\u00c9 importante fazer esse bate-papo, chamando a aten\u00e7\u00e3o para a depend\u00eancia da nicotina que tamb\u00e9m tem como porta de entrada os cigarros eletr\u00f4nicos e o narguil\u00e9\u201d, comentou.<\/p>\n\n\n\n<figure class=\"wp-block-image size-large\"><img loading=\"lazy\" decoding=\"async\" width=\"1280\" height=\"853\" src=\"https:\/\/jundiai.sp.gov.br\/noticias\/wp-content\/uploads\/sites\/32\/2022\/12\/cmeja-palestra-sobre-tabagismo_fm_-5-1280x853.jpg\" alt=\"\" class=\"wp-image-307440\" srcset=\"https:\/\/jundiai.sp.gov.br\/noticias\/wp-content\/uploads\/sites\/32\/2022\/12\/cmeja-palestra-sobre-tabagismo_fm_-5-1280x853.jpg 1280w, https:\/\/jundiai.sp.gov.br\/noticias\/wp-content\/uploads\/sites\/32\/2022\/12\/cmeja-palestra-sobre-tabagismo_fm_-5-300x200.jpg 300w, https:\/\/jundiai.sp.gov.br\/noticias\/wp-content\/uploads\/sites\/32\/2022\/12\/cmeja-palestra-sobre-tabagismo_fm_-5-768x512.jpg 768w, https:\/\/jundiai.sp.gov.br\/noticias\/wp-content\/uploads\/sites\/32\/2022\/12\/cmeja-palestra-sobre-tabagismo_fm_-5-450x300.jpg 450w, https:\/\/jundiai.sp.gov.br\/noticias\/wp-content\/uploads\/sites\/32\/2022\/12\/cmeja-palestra-sobre-tabagismo_fm_-5.jpg 1323w\" sizes=\"auto, (max-width: 1280px) 100vw, 1280px\" \/><figcaption class=\"wp-element-caption\">Durante sete dias, os alunos aprofundaram conhecimentos com especialistas de v\u00e1rias \u00e1reas<\/figcaption><\/figure>\n\n\n\n<p>Iniciada no dia 5, a programa\u00e7\u00e3o contou com a\u00e7\u00f5es em parceria com a Funda\u00e7\u00e3o Escola TVTEC Jundia\u00ed e o Sebrae, tanto na sede da escola, no Complexo Argos, como no n\u00facleo descentralizado na EMEB Ivo de Bona, no Almerinda Chaves.<br><br>\u201cForam oito dias de imers\u00e3o com especialistas, que ofertaram aos alunos a oportunidade de aprofundar conhecimentos adquiridos em sala de sala. O projeto reuniu profissionais de \u00e1reas como sa\u00fade, educa\u00e7\u00e3o, cultura e recursos humanos. O envolvimento de todos foi intenso, o que nos faz j\u00e1 pensar na segunda edi\u00e7\u00e3o do evento\u201d, ressaltou a supervisora da escola, Fernanda Mesquita.<\/p>\n\n\n\n<figure class=\"wp-block-image size-large\"><img loading=\"lazy\" decoding=\"async\" width=\"1280\" height=\"853\" src=\"https:\/\/jundiai.sp.gov.br\/noticias\/wp-content\/uploads\/sites\/32\/2022\/12\/cmeja-palestra-sobre-tabagismo_fm_-1-1280x853.jpg\" alt=\"\" class=\"wp-image-307445\" srcset=\"https:\/\/jundiai.sp.gov.br\/noticias\/wp-content\/uploads\/sites\/32\/2022\/12\/cmeja-palestra-sobre-tabagismo_fm_-1-1280x853.jpg 1280w, https:\/\/jundiai.sp.gov.br\/noticias\/wp-content\/uploads\/sites\/32\/2022\/12\/cmeja-palestra-sobre-tabagismo_fm_-1-300x200.jpg 300w, https:\/\/jundiai.sp.gov.br\/noticias\/wp-content\/uploads\/sites\/32\/2022\/12\/cmeja-palestra-sobre-tabagismo_fm_-1-768x512.jpg 768w, https:\/\/jundiai.sp.gov.br\/noticias\/wp-content\/uploads\/sites\/32\/2022\/12\/cmeja-palestra-sobre-tabagismo_fm_-1-450x300.jpg 450w, https:\/\/jundiai.sp.gov.br\/noticias\/wp-content\/uploads\/sites\/32\/2022\/12\/cmeja-palestra-sobre-tabagismo_fm_-1.jpg 1323w\" sizes=\"auto, (max-width: 1280px) 100vw, 1280px\" \/><figcaption class=\"wp-element-caption\">Sirlei participou da palestra desta ter\u00e7a-feira e aprovou a iniciativa da escola<\/figcaption><\/figure>\n\n\n\n<p>A aposentada Sirlei Carmelina de Moura, que aos 68 anos retomou os estudos, comentou a satisfa\u00e7\u00e3o em participar da a\u00e7\u00e3o. \u201cAprendi muito nos \u00faltimos meses e essa palestra tamb\u00e9m est\u00e1 me fazendo muito bem e me motivando a continuar. Eu n\u00e3o tive oportunidades, porque casei cedo e fiquei sozinha, criando meus filhos. Agora, com eles crescidos, \u00e9 a minha vez de estudar. Aproveito todo o carinho e cuidado que recebo aqui\u201d, enfatizou a aluna.<br><br>Cada encontro foi marcado pela presen\u00e7a de 50 estudantes, em m\u00e9dia.<\/p>\n\n\n\n<p><strong>Assessoria de Imprensa<br>Foto: Fot\u00f3grafos PMJ <\/strong><\/p>\n","protected":false},"excerpt":{"rendered":"<p>O Centro Municipal de Educa\u00e7\u00e3o de Jovens e Adultos (CMEJA) Prof. Dr. Andr\u00e9 Franco Montoro, vinculado \u00e0 Unidade de Gest\u00e3o de Educa\u00e7\u00e3o (UGE), promoveu um ciclo de palestras com foco no mundo do trabalho e cuidados com a sa\u00fade f\u00edsica e mental. A atividade \u00e9 mais uma iniciativa do Programa Escola Inovadora e tamb\u00e9m marca [&hellip;]<\/p>\n","protected":false},"author":50,"featured_media":0,"comment_status":"closed","ping_status":"0","sticky":false,"template":"","format":"standard","meta":{"footnotes":""},"categories":[2],"tags":[304,6,3662,1178,981],"ods":[],"class_list":["post-307437","post","type-post","status-publish","format-standard","hentry","category-noticias","tag-centro-municipal-de-educacao-de-jovens-e-adultos-cmeja","tag-educacao","tag-educacao-inovadora","tag-pait","tag-promocao-da-saude"],"_links":{"self":[{"href":"https:\/\/jundiai.sp.gov.br\/noticias\/wp-json\/wp\/v2\/posts\/307437","targetHints":{"allow":["GET"]}}],"collection":[{"href":"https:\/\/jundiai.sp.gov.br\/noticias\/wp-json\/wp\/v2\/posts"}],"about":[{"href":"https:\/\/jundiai.sp.gov.br\/noticias\/wp-json\/wp\/v2\/types\/post"}],"author":[{"embeddable":true,"href":"https:\/\/jundiai.sp.gov.br\/noticias\/wp-json\/wp\/v2\/users\/50"}],"replies":[{"embeddable":true,"href":"https:\/\/jundiai.sp.gov.br\/noticias\/wp-json\/wp\/v2\/comments?post=307437"}],"version-history":[{"count":6,"href":"https:\/\/jundiai.sp.gov.br\/noticias\/wp-json\/wp\/v2\/posts\/307437\/revisions"}],"predecessor-version":[{"id":307455,"href":"https:\/\/jundiai.sp.gov.br\/noticias\/wp-json\/wp\/v2\/posts\/307437\/revisions\/307455"}],"wp:attachment":[{"href":"https:\/\/jundiai.sp.gov.br\/noticias\/wp-json\/wp\/v2\/media?parent=307437"}],"wp:term":[{"taxonomy":"category","embeddable":true,"href":"https:\/\/jundiai.sp.gov.br\/noticias\/wp-json\/wp\/v2\/categories?post=307437"},{"taxonomy":"post_tag","embeddable":true,"href":"https:\/\/jundiai.sp.gov.br\/noticias\/wp-json\/wp\/v2\/tags?post=307437"},{"taxonomy":"ods","embeddable":true,"href":"https:\/\/jundiai.sp.gov.br\/noticias\/wp-json\/wp\/v2\/ods?post=307437"}],"curies":[{"name":"wp","href":"https:\/\/api.w.org\/{rel}","templated":true}]}}