{"id":307557,"date":"2022-12-15T07:05:21","date_gmt":"2022-12-15T10:05:21","guid":{"rendered":"https:\/\/jundiai.sp.gov.br\/noticias\/?p=307557"},"modified":"2022-12-15T07:05:21","modified_gmt":"2022-12-15T10:05:21","slug":"guardas-se-unem-e-arrecadam-centenas-de-presentes-para-o-natal-familia-azul-marinho","status":"publish","type":"post","link":"https:\/\/jundiai.sp.gov.br\/noticias\/2022\/12\/15\/guardas-se-unem-e-arrecadam-centenas-de-presentes-para-o-natal-familia-azul-marinho\/","title":{"rendered":"Guardas se unem e arrecadam centenas de presentes para o \u201cNatal Fam\u00edlia Azul Marinho\u201d"},"content":{"rendered":"\n<h1 class=\"wp-block-heading\"><\/h1>\n\n\n\n<p>Faltando alguns dias para o Natal, um grupo de guardas municipais de Jundia\u00ed arrecada brinquedos que ser\u00e3o distribu\u00eddos nos pr\u00f3ximos dias em diversos bairros da cidade. De acordo com os guardas, centenas de brinquedos j\u00e1 foram arrecadados em um per\u00edodo de 45 dias. Na manh\u00e3 de quarta-feira (14), em uma a\u00e7\u00e3o coletiva,  a corpora\u00e7\u00e3o embrulhou mais de 500 presentes.<\/p>\n\n\n\n<p>\u201cNos unimos com os diversos setores da GMJ (Canil, Apoio T\u00e1tico, Ronda Escolar, Patrulha Maria da Penha e agentes da Unidade de Seguran\u00e7a Municipal) e conseguimos arrecadar um bom n\u00famero de brinquedos. Temos uma conviv\u00eancia di\u00e1ria de muita alegria e respeito nas ruas, nas escolas, em todos os espa\u00e7os p\u00fablicos\u201d, disse o GM Odair Matenauer que pelo quarto ano consecutivo lidera o Natal Fam\u00edlia Azul Marinho. \u201cPrezamos pela inoc\u00eancia das crian\u00e7as, por um Natal cheio de magia e imagina\u00e7\u00e3o\u201d, completa.<\/p>\n\n\n\n<figure class=\"wp-block-image size-large\"><img loading=\"lazy\" decoding=\"async\" width=\"1280\" height=\"854\" src=\"https:\/\/jundiai.sp.gov.br\/noticias\/wp-content\/uploads\/sites\/32\/2022\/12\/gm-natal-1280x854.jpg\" alt=\"DESCRI\u00c7\u00c3O DA IMAGEM: no entorno de uma mesa com brinquedos e pacotes de embrulho de presente azul met\u00e1lico, quatro guardas municipais mulheres empacotam os brinquedos com sorrisos nos rostos\" class=\"wp-image-307558\" srcset=\"https:\/\/jundiai.sp.gov.br\/noticias\/wp-content\/uploads\/sites\/32\/2022\/12\/gm-natal-1280x854.jpg 1280w, https:\/\/jundiai.sp.gov.br\/noticias\/wp-content\/uploads\/sites\/32\/2022\/12\/gm-natal-300x200.jpg 300w, https:\/\/jundiai.sp.gov.br\/noticias\/wp-content\/uploads\/sites\/32\/2022\/12\/gm-natal-768x512.jpg 768w, https:\/\/jundiai.sp.gov.br\/noticias\/wp-content\/uploads\/sites\/32\/2022\/12\/gm-natal-1536x1024.jpg 1536w, https:\/\/jundiai.sp.gov.br\/noticias\/wp-content\/uploads\/sites\/32\/2022\/12\/gm-natal-450x300.jpg 450w, https:\/\/jundiai.sp.gov.br\/noticias\/wp-content\/uploads\/sites\/32\/2022\/12\/gm-natal.jpg 1900w\" sizes=\"auto, (max-width: 1280px) 100vw, 1280px\" \/><figcaption class=\"wp-element-caption\">Equipes da Guarda Municipal empacotam brinquedos arrecadados que ser\u00e3o doados para crian\u00e7as de Jundia\u00ed<\/figcaption><\/figure>\n\n\n\n<p>Devido \u00e0 pandemia, nos \u00faltimos dois anos a entrega dos brinquedos foi feita de casa em casa para n\u00e3o gerar aglomera\u00e7\u00e3o. Algumas surpresas ficar\u00e3o reservadas para o dia da entrega que est\u00e1 prevista para o dia 17 no per\u00edodo da manh\u00e3, mas a alegria e felicidade de poder doar os brinquedos j\u00e1 preencheu o cora\u00e7\u00e3o de cada participante que esteve envolvido na arrecada\u00e7\u00e3o.<\/p>\n\n\n\n<p><strong>Assessoria de Imprensa<\/strong><\/p>\n","protected":false},"excerpt":{"rendered":"<p>Faltando alguns dias para o Natal, um grupo de guardas municipais de Jundia\u00ed arrecada brinquedos que ser\u00e3o distribu\u00eddos nos pr\u00f3ximos dias em diversos bairros da cidade. De acordo com os guardas, centenas de brinquedos j\u00e1 foram arrecadados em um per\u00edodo de 45 dias. Na manh\u00e3 de quarta-feira (14), em uma a\u00e7\u00e3o coletiva, a corpora\u00e7\u00e3o embrulhou [&hellip;]<\/p>\n","protected":false},"author":39,"featured_media":307558,"comment_status":"closed","ping_status":"0","sticky":false,"template":"","format":"standard","meta":{"footnotes":""},"categories":[2],"tags":[31],"ods":[],"class_list":["post-307557","post","type-post","status-publish","format-standard","has-post-thumbnail","hentry","category-noticias","tag-guarda-municipal"],"_links":{"self":[{"href":"https:\/\/jundiai.sp.gov.br\/noticias\/wp-json\/wp\/v2\/posts\/307557","targetHints":{"allow":["GET"]}}],"collection":[{"href":"https:\/\/jundiai.sp.gov.br\/noticias\/wp-json\/wp\/v2\/posts"}],"about":[{"href":"https:\/\/jundiai.sp.gov.br\/noticias\/wp-json\/wp\/v2\/types\/post"}],"author":[{"embeddable":true,"href":"https:\/\/jundiai.sp.gov.br\/noticias\/wp-json\/wp\/v2\/users\/39"}],"replies":[{"embeddable":true,"href":"https:\/\/jundiai.sp.gov.br\/noticias\/wp-json\/wp\/v2\/comments?post=307557"}],"version-history":[{"count":2,"href":"https:\/\/jundiai.sp.gov.br\/noticias\/wp-json\/wp\/v2\/posts\/307557\/revisions"}],"predecessor-version":[{"id":307560,"href":"https:\/\/jundiai.sp.gov.br\/noticias\/wp-json\/wp\/v2\/posts\/307557\/revisions\/307560"}],"wp:featuredmedia":[{"embeddable":true,"href":"https:\/\/jundiai.sp.gov.br\/noticias\/wp-json\/wp\/v2\/media\/307558"}],"wp:attachment":[{"href":"https:\/\/jundiai.sp.gov.br\/noticias\/wp-json\/wp\/v2\/media?parent=307557"}],"wp:term":[{"taxonomy":"category","embeddable":true,"href":"https:\/\/jundiai.sp.gov.br\/noticias\/wp-json\/wp\/v2\/categories?post=307557"},{"taxonomy":"post_tag","embeddable":true,"href":"https:\/\/jundiai.sp.gov.br\/noticias\/wp-json\/wp\/v2\/tags?post=307557"},{"taxonomy":"ods","embeddable":true,"href":"https:\/\/jundiai.sp.gov.br\/noticias\/wp-json\/wp\/v2\/ods?post=307557"}],"curies":[{"name":"wp","href":"https:\/\/api.w.org\/{rel}","templated":true}]}}