{"id":307906,"date":"2022-12-20T13:20:44","date_gmt":"2022-12-20T16:20:44","guid":{"rendered":"https:\/\/jundiai.sp.gov.br\/noticias\/?p=307906"},"modified":"2022-12-20T13:21:31","modified_gmt":"2022-12-20T16:21:31","slug":"jundiai-366-anos-prefeitura-entrega-revitalizacao-de-ala-no-hospital-sao-vicente-e-anuncia-mutirao-de-cirurgias","status":"publish","type":"post","link":"https:\/\/jundiai.sp.gov.br\/noticias\/2022\/12\/20\/jundiai-366-anos-prefeitura-entrega-revitalizacao-de-ala-no-hospital-sao-vicente-e-anuncia-mutirao-de-cirurgias\/","title":{"rendered":"<strong>Jundia\u00ed\u00a0366 anos: Prefeitura entrega revitaliza\u00e7\u00e3o de ala\u00a0no Hospital S\u00e3o Vicente e anuncia mutir\u00e3o de cirurgias<\/strong>"},"content":{"rendered":"\n<p>A Prefeitura entregou nesta ter\u00e7a-feira (20) a revitaliza\u00e7\u00e3o da Ala de Sa\u00fade Mental do Hospital S\u00e3o Vicente de Paulo e tamb\u00e9m anunciou a realiza\u00e7\u00e3o de um mutir\u00e3o de cirurgias eletivas, a partir de conv\u00eanio com a institui\u00e7\u00e3o. &nbsp;As a\u00e7\u00f5es na \u00e1rea de sa\u00fade marcam as comemora\u00e7\u00f5es dos 366 anos de Jundia\u00ed.<\/p>\n\n\n\n<p>Com investimentos de R$ 20 milh\u00f5es, provenientes de recursos estaduais, o prefeito Luiz Fernando Machado informou que ser\u00e3o realizadas aproximadamente 3 mil cirurgias, de diversas especialidades, com in\u00edcio em janeiro. O mutir\u00e3o equaliza a fila de espera por procedimentos de baixa e m\u00e9dia complexidades represados por conta da Covid-19.<\/p>\n\n\n\n<figure class=\"wp-block-gallery has-nested-images columns-default is-cropped wp-block-gallery-1 is-layout-flex wp-block-gallery-is-layout-flex\">\n<figure class=\"wp-block-image size-large\"><img loading=\"lazy\" decoding=\"async\" width=\"1280\" height=\"854\" data-id=\"307926\" src=\"https:\/\/jundiai.sp.gov.br\/noticias\/wp-content\/uploads\/sites\/32\/2022\/12\/entrega_unidade_saude_mental_hsv-299-1280x854.jpg\" alt=\"\" class=\"wp-image-307926\" srcset=\"https:\/\/jundiai.sp.gov.br\/noticias\/wp-content\/uploads\/sites\/32\/2022\/12\/entrega_unidade_saude_mental_hsv-299-1280x854.jpg 1280w, https:\/\/jundiai.sp.gov.br\/noticias\/wp-content\/uploads\/sites\/32\/2022\/12\/entrega_unidade_saude_mental_hsv-299-300x200.jpg 300w, https:\/\/jundiai.sp.gov.br\/noticias\/wp-content\/uploads\/sites\/32\/2022\/12\/entrega_unidade_saude_mental_hsv-299-768x512.jpg 768w, https:\/\/jundiai.sp.gov.br\/noticias\/wp-content\/uploads\/sites\/32\/2022\/12\/entrega_unidade_saude_mental_hsv-299-1536x1024.jpg 1536w, https:\/\/jundiai.sp.gov.br\/noticias\/wp-content\/uploads\/sites\/32\/2022\/12\/entrega_unidade_saude_mental_hsv-299-450x300.jpg 450w, https:\/\/jundiai.sp.gov.br\/noticias\/wp-content\/uploads\/sites\/32\/2022\/12\/entrega_unidade_saude_mental_hsv-299.jpg 1900w\" sizes=\"auto, (max-width: 1280px) 100vw, 1280px\" \/><figcaption class=\"wp-element-caption\">Mutir\u00e3o de cirurgias foi anunciado durante entrega  da nova ala de Sa\u00fade Mental <\/figcaption><\/figure>\n<\/figure>\n\n\n\n<p>\u201cEssa \u00e9 mais uma a\u00e7\u00e3o resultante do nosso plano p\u00f3s-Covid, quando durante os per\u00edodos mais cr\u00edticos da pandemia, n\u00e3o faltaram leitos no Munic\u00edpio. Por meio de mais uma a\u00e7\u00e3o conjunta com o Estado, a expectativa \u00e9 que, em um ano, Jundia\u00ed equalize essa fila. A sa\u00fade \u00e9 a nossa prioridade e temos atuado para garantir a melhor assist\u00eancia em todas as necessidades dos pacientes \u201d, enfatiza o chefe do Executivo. &nbsp;<\/p>\n\n\n\n<p>O conv\u00eanio inclui cirurgias gerais, de vias a\u00e9reas, urol\u00f3gicas, de aparelhos digestivos e circulat\u00f3rios, al\u00e9m de ortop\u00e9dicas, inclusive com pr\u00f3teses. Os procedimentos ocorrer\u00e3o tanto no S\u00e3o Vicente, como em hospitais a serem conveniados com o HSV, como o Hospital Universit\u00e1rio e o Hospital Santa Elisa.&nbsp;Os pacientes ser\u00e3o encaminhados da rede municipal de sa\u00fade, a partir das Unidades B\u00e1sicas de Sa\u00fade (UBSs) e dos ambulat\u00f3rios.<\/p>\n\n\n\n<p>\u201cEm julho, resultado tamb\u00e9m de solicita\u00e7\u00e3o feita pela regi\u00e3o de sa\u00fade de Jundia\u00ed ao Estado, foi iniciado mutir\u00e3o no Hospital Regional para cirurgias eletivas de h\u00e9rnia e colecistectomia (ves\u00edcula), que possibilitou a redu\u00e7\u00e3o de 56% da fila de espera por esses procedimentos. Foram atendidos 1.037 pacientes, de um total de 2.622 que estavam no aguardo. Damos mais um passo para ao atendimento dos usu\u00e1rios do nosso sistema\u201d, ressalta o gestor de Promo\u00e7\u00e3o da Sa\u00fade, Tiago Texera.<\/p>\n\n\n\n<figure class=\"wp-block-gallery has-nested-images columns-default is-cropped wp-block-gallery-2 is-layout-flex wp-block-gallery-is-layout-flex\">\n<figure class=\"wp-block-image size-large\"><img loading=\"lazy\" decoding=\"async\" width=\"1280\" height=\"854\" data-id=\"307924\" src=\"https:\/\/jundiai.sp.gov.br\/noticias\/wp-content\/uploads\/sites\/32\/2022\/12\/entrega_unidade_saude_mental_hsv-742-1280x854.jpg\" alt=\"\" class=\"wp-image-307924\" srcset=\"https:\/\/jundiai.sp.gov.br\/noticias\/wp-content\/uploads\/sites\/32\/2022\/12\/entrega_unidade_saude_mental_hsv-742-1280x854.jpg 1280w, https:\/\/jundiai.sp.gov.br\/noticias\/wp-content\/uploads\/sites\/32\/2022\/12\/entrega_unidade_saude_mental_hsv-742-300x200.jpg 300w, https:\/\/jundiai.sp.gov.br\/noticias\/wp-content\/uploads\/sites\/32\/2022\/12\/entrega_unidade_saude_mental_hsv-742-768x512.jpg 768w, https:\/\/jundiai.sp.gov.br\/noticias\/wp-content\/uploads\/sites\/32\/2022\/12\/entrega_unidade_saude_mental_hsv-742-1536x1024.jpg 1536w, https:\/\/jundiai.sp.gov.br\/noticias\/wp-content\/uploads\/sites\/32\/2022\/12\/entrega_unidade_saude_mental_hsv-742-450x300.jpg 450w, https:\/\/jundiai.sp.gov.br\/noticias\/wp-content\/uploads\/sites\/32\/2022\/12\/entrega_unidade_saude_mental_hsv-742.jpg 1900w\" sizes=\"auto, (max-width: 1280px) 100vw, 1280px\" \/><figcaption class=\"wp-element-caption\">Espa\u00e7o foi totalmente renovado para receber pacientes<\/figcaption><\/figure>\n\n\n\n<figure class=\"wp-block-image size-large\"><img loading=\"lazy\" decoding=\"async\" width=\"1280\" height=\"854\" data-id=\"307925\" src=\"https:\/\/jundiai.sp.gov.br\/noticias\/wp-content\/uploads\/sites\/32\/2022\/12\/entrega_unidade_saude_mental_hsv-916-1280x854.jpg\" alt=\"\" class=\"wp-image-307925\" srcset=\"https:\/\/jundiai.sp.gov.br\/noticias\/wp-content\/uploads\/sites\/32\/2022\/12\/entrega_unidade_saude_mental_hsv-916-1280x854.jpg 1280w, https:\/\/jundiai.sp.gov.br\/noticias\/wp-content\/uploads\/sites\/32\/2022\/12\/entrega_unidade_saude_mental_hsv-916-300x200.jpg 300w, https:\/\/jundiai.sp.gov.br\/noticias\/wp-content\/uploads\/sites\/32\/2022\/12\/entrega_unidade_saude_mental_hsv-916-768x512.jpg 768w, https:\/\/jundiai.sp.gov.br\/noticias\/wp-content\/uploads\/sites\/32\/2022\/12\/entrega_unidade_saude_mental_hsv-916-1536x1024.jpg 1536w, https:\/\/jundiai.sp.gov.br\/noticias\/wp-content\/uploads\/sites\/32\/2022\/12\/entrega_unidade_saude_mental_hsv-916-450x300.jpg 450w, https:\/\/jundiai.sp.gov.br\/noticias\/wp-content\/uploads\/sites\/32\/2022\/12\/entrega_unidade_saude_mental_hsv-916.jpg 1900w\" sizes=\"auto, (max-width: 1280px) 100vw, 1280px\" \/><figcaption class=\"wp-element-caption\">Equipe est\u00e1 a postos para prestar assist\u00eancia no local<\/figcaption><\/figure>\n<\/figure>\n\n\n\n<p><strong>Nova Ala<\/strong><br>Localizada ao lado do PA Central, a Unidade de Interna\u00e7\u00e3o &#8211; Sa\u00fade Mental recebeu investimentos de R$ 1,8 milh\u00e3o, sendo reformada nos moldes do programa &#8220;Acolha um Quarto, Conforte Vidas\u201d, lan\u00e7ado em mar\u00e7o de 2019 e articulado pelo HSV e Rede de Coopera\u00e7\u00e3o, da Prefeitura. Entre as novidades, est\u00e3o a expans\u00e3o de \u00e1rea total, que passou de 220 para 410 metros quadrados, o novo sistema de climatiza\u00e7\u00e3o e a troca da estrutura do telhado e do mobili\u00e1rio.<\/p>\n\n\n\n<p>\u201cS\u00e3o melhorias, juntamente com adequa\u00e7\u00f5es no fluxo de atendimento, que garantem maior conforto, seguran\u00e7a e humaniza\u00e7\u00e3o aos cerca de 50 pacientes assistidos por m\u00eas na ala, em m\u00e9dia. Poucos hospitais no Brasil possuem uma estrutura t\u00e3o adequado, permitindo a\u00e7\u00f5es como terapia ocupacional, psicoterapia, entre tantas outras\u201d, destaca o superintendente do HSV, Matheus Gomes.<\/p>\n\n\n\n<p><strong>Outros investimentos<\/strong><br>Nos \u00faltimos cinco anos, o HSV tamb\u00e9m soma mais de 200 obras de melhorias estruturais e aquisi\u00e7\u00e3o de novos equipamentos, que ultrapassam R$ 24 milh\u00f5es de investimento. A partir do Acolha um Quarto, Conforte Vidas, 34 quartos dos 71 foram revitalizados.<\/p>\n\n\n\n<p>\u201cO Hospital S\u00e3o Vicente chega aos 120 anos com uma situa\u00e7\u00e3o bem diferente da que encontramos em janeiro de 2017, quando o hospital acumulava R$ 261 milh\u00f5es em d\u00edvidas. Com organiza\u00e7\u00e3o e planejamento, a institui\u00e7\u00e3o equalizou suas d\u00edvidas e est\u00e1 mais moderna e qualificada, com equipamentos de ponta para atendimento resolutivo aos nossos mun\u00edcipes\u201d, comenta o gestor de Governo e Finan\u00e7as, Jos\u00e9 Ant\u00f4nio Parismoschi.<\/p>\n\n\n\n<p>Ainda prestigiaram as a\u00e7\u00f5es os colaboradores do HSV, entre eles, o m\u00e9dico cardiologista e ex-vereador, Wagner Ligab\u00f3, o vice-prefeito, Gustavo Martinelli, o gestor da Casa Civil, Gustavo Maryssael, e o vereador C\u00edcero Camargo da Silva (C\u00edcero da Sa\u00fade), representando a C\u00e2mara Municipal.<\/p>\n\n\n\n<p><strong>Assessoria de Imprensa<br>Foto: Fot\u00f3grafos PMJ <\/strong><\/p>\n\n\n\n<figure class=\"wp-block-image size-large\"><img loading=\"lazy\" decoding=\"async\" width=\"1280\" height=\"854\" src=\"https:\/\/jundiai.sp.gov.br\/noticias\/wp-content\/uploads\/sites\/32\/2022\/12\/entrega_unidade_saude_mental_hsv-893-1280x854.jpg\" alt=\"\" class=\"wp-image-307927\" srcset=\"https:\/\/jundiai.sp.gov.br\/noticias\/wp-content\/uploads\/sites\/32\/2022\/12\/entrega_unidade_saude_mental_hsv-893-1280x854.jpg 1280w, https:\/\/jundiai.sp.gov.br\/noticias\/wp-content\/uploads\/sites\/32\/2022\/12\/entrega_unidade_saude_mental_hsv-893-300x200.jpg 300w, https:\/\/jundiai.sp.gov.br\/noticias\/wp-content\/uploads\/sites\/32\/2022\/12\/entrega_unidade_saude_mental_hsv-893-768x512.jpg 768w, https:\/\/jundiai.sp.gov.br\/noticias\/wp-content\/uploads\/sites\/32\/2022\/12\/entrega_unidade_saude_mental_hsv-893-1536x1024.jpg 1536w, https:\/\/jundiai.sp.gov.br\/noticias\/wp-content\/uploads\/sites\/32\/2022\/12\/entrega_unidade_saude_mental_hsv-893-450x300.jpg 450w, https:\/\/jundiai.sp.gov.br\/noticias\/wp-content\/uploads\/sites\/32\/2022\/12\/entrega_unidade_saude_mental_hsv-893.jpg 1900w\" sizes=\"auto, (max-width: 1280px) 100vw, 1280px\" \/><figcaption class=\"wp-element-caption\">Servi\u00e7o ganhou investimentos com foco na humaniza\u00e7\u00e3o e melhora na qualidade <\/figcaption><\/figure>\n","protected":false},"excerpt":{"rendered":"<p>A Prefeitura entregou nesta ter\u00e7a-feira (20) a revitaliza\u00e7\u00e3o da Ala de Sa\u00fade Mental do Hospital S\u00e3o Vicente de Paulo e tamb\u00e9m anunciou a realiza\u00e7\u00e3o de um mutir\u00e3o de cirurgias eletivas, a partir de conv\u00eanio com a institui\u00e7\u00e3o. &nbsp;As a\u00e7\u00f5es na \u00e1rea de sa\u00fade marcam as comemora\u00e7\u00f5es dos 366 anos de Jundia\u00ed. Com investimentos de R$ [&hellip;]<\/p>\n","protected":false},"author":50,"featured_media":307926,"comment_status":"closed","ping_status":"0","sticky":false,"template":"","format":"standard","meta":{"footnotes":""},"categories":[2],"tags":[983,321,981,1190],"ods":[],"class_list":["post-307906","post","type-post","status-publish","format-standard","has-post-thumbnail","hentry","category-noticias","tag-governo-e-financas","tag-hospital-de-caridade-sao-vicente-de-paulo","tag-promocao-da-saude","tag-rede-de-cooperacao"],"_links":{"self":[{"href":"https:\/\/jundiai.sp.gov.br\/noticias\/wp-json\/wp\/v2\/posts\/307906","targetHints":{"allow":["GET"]}}],"collection":[{"href":"https:\/\/jundiai.sp.gov.br\/noticias\/wp-json\/wp\/v2\/posts"}],"about":[{"href":"https:\/\/jundiai.sp.gov.br\/noticias\/wp-json\/wp\/v2\/types\/post"}],"author":[{"embeddable":true,"href":"https:\/\/jundiai.sp.gov.br\/noticias\/wp-json\/wp\/v2\/users\/50"}],"replies":[{"embeddable":true,"href":"https:\/\/jundiai.sp.gov.br\/noticias\/wp-json\/wp\/v2\/comments?post=307906"}],"version-history":[{"count":3,"href":"https:\/\/jundiai.sp.gov.br\/noticias\/wp-json\/wp\/v2\/posts\/307906\/revisions"}],"predecessor-version":[{"id":307928,"href":"https:\/\/jundiai.sp.gov.br\/noticias\/wp-json\/wp\/v2\/posts\/307906\/revisions\/307928"}],"wp:featuredmedia":[{"embeddable":true,"href":"https:\/\/jundiai.sp.gov.br\/noticias\/wp-json\/wp\/v2\/media\/307926"}],"wp:attachment":[{"href":"https:\/\/jundiai.sp.gov.br\/noticias\/wp-json\/wp\/v2\/media?parent=307906"}],"wp:term":[{"taxonomy":"category","embeddable":true,"href":"https:\/\/jundiai.sp.gov.br\/noticias\/wp-json\/wp\/v2\/categories?post=307906"},{"taxonomy":"post_tag","embeddable":true,"href":"https:\/\/jundiai.sp.gov.br\/noticias\/wp-json\/wp\/v2\/tags?post=307906"},{"taxonomy":"ods","embeddable":true,"href":"https:\/\/jundiai.sp.gov.br\/noticias\/wp-json\/wp\/v2\/ods?post=307906"}],"curies":[{"name":"wp","href":"https:\/\/api.w.org\/{rel}","templated":true}]}}