{"id":308068,"date":"2022-12-28T08:00:00","date_gmt":"2022-12-28T11:00:00","guid":{"rendered":"https:\/\/jundiai.sp.gov.br\/noticias\/?p=308068"},"modified":"2022-12-27T14:23:15","modified_gmt":"2022-12-27T17:23:15","slug":"na-primeira-semana-do-ano-pait-inicia-novos-grupos","status":"publish","type":"post","link":"https:\/\/jundiai.sp.gov.br\/noticias\/2022\/12\/28\/na-primeira-semana-do-ano-pait-inicia-novos-grupos\/","title":{"rendered":"Na primeira semana do ano, PAIT inicia novos grupos"},"content":{"rendered":"\n<p>Com a chegada do novo ano, muitos s\u00e3o os planos. Ter mais qualidade de vida aparece no topo da lista de in\u00fameras pessoas. Pensando naqueles que querem parar de fumar, j\u00e1 na primeira semana de 2023, o Programa de Assist\u00eancia Intensiva ao Tabagista (PAIT), da Unidade de Gest\u00e3o de Promo\u00e7\u00e3o da Sa\u00fade (UGPS), abre novas turmas. Os encontros s\u00e3o presenciais, com dura\u00e7\u00e3o m\u00ednima de oito semanas, e incluem acompanhamento completo com a\u00e7\u00f5es coletivas e individualizadas, al\u00e9m da dispensa\u00e7\u00e3o de medicamentos para os casos necess\u00e1rios.<br><br>\u201cA principal causa de morte evit\u00e1vel do mundo \u00e9 o tabagismo, aponta a Organiza\u00e7\u00e3o Mundial de Sa\u00fade (OMS). Trata-se de uma epidemia mundial. Convidamos os fumantes para que n\u00e3o deixem para depois. A partir do primeiro dia \u00fatil de 2023, teremos novos grupos para oportunizar com que as pessoas reencontrem sua sa\u00fade, sua qualidade de vida e se libertem da depend\u00eancia do cigarro\u201d, destaca o m\u00e9dico coordenador do programa, Carlos Costa.<\/p>\n\n\n\n<figure class=\"wp-block-image size-large\"><img loading=\"lazy\" decoding=\"async\" width=\"1280\" height=\"853\" src=\"https:\/\/jundiai.sp.gov.br\/noticias\/wp-content\/uploads\/sites\/32\/2022\/12\/cigarro-49-1280x853.jpg\" alt=\"\" class=\"wp-image-308070\" srcset=\"https:\/\/jundiai.sp.gov.br\/noticias\/wp-content\/uploads\/sites\/32\/2022\/12\/cigarro-49-1280x853.jpg 1280w, https:\/\/jundiai.sp.gov.br\/noticias\/wp-content\/uploads\/sites\/32\/2022\/12\/cigarro-49-300x200.jpg 300w, https:\/\/jundiai.sp.gov.br\/noticias\/wp-content\/uploads\/sites\/32\/2022\/12\/cigarro-49-768x512.jpg 768w, https:\/\/jundiai.sp.gov.br\/noticias\/wp-content\/uploads\/sites\/32\/2022\/12\/cigarro-49-450x300.jpg 450w, https:\/\/jundiai.sp.gov.br\/noticias\/wp-content\/uploads\/sites\/32\/2022\/12\/cigarro-49.jpg 1323w\" sizes=\"auto, (max-width: 1280px) 100vw, 1280px\" \/><figcaption class=\"wp-element-caption\">Para participar, basta levar o cart\u00e3o de cadastro da UBS e o CPF. Os encontros s\u00e3o presenciais, com dura\u00e7\u00e3o m\u00ednima de oito semanas<\/figcaption><\/figure>\n\n\n\n<p>Na segunda-feira (2), nova turma come\u00e7a no Complexo Argos (avenida Dr. Cavalcanti, 396 &#8211; 3\u00ba andar), das 18h \u00e0s 20h. J\u00e1 na ter\u00e7a (3), ser\u00e1 no N\u00facleo Integrado de Sa\u00fade &#8211; NIS (avenida Carlos Salles Block, 74 \u2013 4\u00ba andar), das 9h30 \u00e0s 11h30; na quinta (5), na Unidade B\u00e1sica de Sa\u00fade (UBS) Agapeama (rua Luis Capri, 238), das 14h \u00e0s 16h; e na sexta (6), na UBS Aparecida (rua Areias, 22), das 14h \u00e0s 16h. No dia 11, tamb\u00e9m ser\u00e1 iniciado novo grupo no NIS, no per\u00edodo da tarde, das 14h \u00e0s 16h. Para participar, basta levar o cart\u00e3o de cadastro da Unidade B\u00e1sica de Sa\u00fade (UBS) e o CPF.<br><br>Neste ano, o PAIT completou 15 anos com mais de 8 mil pessoas auxiliadas, com atendimento gratuito. O programa \u00e9 reconhecido como modelo de controle \u00e0 doen\u00e7a. A iniciativa tamb\u00e9m conta com grupos permanentes no NIS e no Complexo Argos.<br><br><strong>Assessoria de Imprensa<br>Foto: Fot\u00f3grafos PMJ <\/strong><\/p>\n","protected":false},"excerpt":{"rendered":"<p>Com a chegada do novo ano, muitos s\u00e3o os planos. Ter mais qualidade de vida aparece no topo da lista de in\u00fameras pessoas. Pensando naqueles que querem parar de fumar, j\u00e1 na primeira semana de 2023, o Programa de Assist\u00eancia Intensiva ao Tabagista (PAIT), da Unidade de Gest\u00e3o de Promo\u00e7\u00e3o da Sa\u00fade (UGPS), abre novas [&hellip;]<\/p>\n","protected":false},"author":50,"featured_media":308071,"comment_status":"closed","ping_status":"0","sticky":false,"template":"","format":"standard","meta":{"footnotes":""},"categories":[2],"tags":[951,1178,981,1307],"ods":[],"class_list":["post-308068","post","type-post","status-publish","format-standard","has-post-thumbnail","hentry","category-noticias","tag-nucleo-integrado-de-saude-nis","tag-pait","tag-promocao-da-saude","tag-ubs"],"_links":{"self":[{"href":"https:\/\/jundiai.sp.gov.br\/noticias\/wp-json\/wp\/v2\/posts\/308068","targetHints":{"allow":["GET"]}}],"collection":[{"href":"https:\/\/jundiai.sp.gov.br\/noticias\/wp-json\/wp\/v2\/posts"}],"about":[{"href":"https:\/\/jundiai.sp.gov.br\/noticias\/wp-json\/wp\/v2\/types\/post"}],"author":[{"embeddable":true,"href":"https:\/\/jundiai.sp.gov.br\/noticias\/wp-json\/wp\/v2\/users\/50"}],"replies":[{"embeddable":true,"href":"https:\/\/jundiai.sp.gov.br\/noticias\/wp-json\/wp\/v2\/comments?post=308068"}],"version-history":[{"count":3,"href":"https:\/\/jundiai.sp.gov.br\/noticias\/wp-json\/wp\/v2\/posts\/308068\/revisions"}],"predecessor-version":[{"id":308073,"href":"https:\/\/jundiai.sp.gov.br\/noticias\/wp-json\/wp\/v2\/posts\/308068\/revisions\/308073"}],"wp:featuredmedia":[{"embeddable":true,"href":"https:\/\/jundiai.sp.gov.br\/noticias\/wp-json\/wp\/v2\/media\/308071"}],"wp:attachment":[{"href":"https:\/\/jundiai.sp.gov.br\/noticias\/wp-json\/wp\/v2\/media?parent=308068"}],"wp:term":[{"taxonomy":"category","embeddable":true,"href":"https:\/\/jundiai.sp.gov.br\/noticias\/wp-json\/wp\/v2\/categories?post=308068"},{"taxonomy":"post_tag","embeddable":true,"href":"https:\/\/jundiai.sp.gov.br\/noticias\/wp-json\/wp\/v2\/tags?post=308068"},{"taxonomy":"ods","embeddable":true,"href":"https:\/\/jundiai.sp.gov.br\/noticias\/wp-json\/wp\/v2\/ods?post=308068"}],"curies":[{"name":"wp","href":"https:\/\/api.w.org\/{rel}","templated":true}]}}