{"id":308420,"date":"2022-12-29T10:00:00","date_gmt":"2022-12-29T13:00:00","guid":{"rendered":"https:\/\/jundiai.sp.gov.br\/noticias\/?p=308420"},"modified":"2022-12-28T16:25:49","modified_gmt":"2022-12-28T19:25:49","slug":"sob-o-olhar-dos-moradores-obras-da-clinica-da-familia-e-do-pa-avancam","status":"publish","type":"post","link":"https:\/\/jundiai.sp.gov.br\/noticias\/2022\/12\/29\/sob-o-olhar-dos-moradores-obras-da-clinica-da-familia-e-do-pa-avancam\/","title":{"rendered":"Sob o olhar dos moradores, obras da Cl\u00ednica da Fam\u00edlia e do PA avan\u00e7am"},"content":{"rendered":"\n<p>Semanalmente, o representante comercial Sebasti\u00e3o Bezerra verifica o andamento da obra do pr\u00e9dio da Cl\u00ednica da Fam\u00edlia e Pronto Atendimento Ponte S\u00e3o Jo\u00e3o. O equipamento recebe investimento de cerca de R$ 13 milh\u00f5es para a constru\u00e7\u00e3o e vai ofertar assist\u00eancia completa em Aten\u00e7\u00e3o B\u00e1sica e Urg\u00eancia e Emerg\u00eancia para a regi\u00e3o Leste.<br><br>\u201cMoro faz 40 anos no bairro. \u00c9 um desejo antigo nosso ter um equipamento de sa\u00fade completo, semelhante ao da Vila Hortol\u00e2ndia e do Novo Horizonte. Sempre estou passando e de olho na movimenta\u00e7\u00e3o. Tamb\u00e9m converso com o engenheiro, com a vizinhan\u00e7a e integro a comiss\u00e3o de moradores que acompanha a constru\u00e7\u00e3o. Est\u00e1 evoluindo muito bem, o que nos deixa com um sentimento bom\u201d, comentou Bezerra.<\/p>\n\n\n\n<p>A unidade tem dois pavimentos, totalizando 2774,87m\u00b2 de constru\u00e7\u00e3o. No t\u00e9rreo, com entrada pela avenida Luiz Zorzetti, ficar\u00e1 o PA, com 21 leitos, oito consult\u00f3rios m\u00e9dicos, sala de gesso e raio-x, e aparelhos de eletrocardiograma.<\/p>\n\n\n\n<figure class=\"wp-block-image size-large\"><img loading=\"lazy\" decoding=\"async\" width=\"1280\" height=\"854\" src=\"https:\/\/jundiai.sp.gov.br\/noticias\/wp-content\/uploads\/sites\/32\/2022\/12\/obras_clinica_da_familia_ponte_sao_joao-58-1280x854.jpg\" alt=\"\" class=\"wp-image-308426\" srcset=\"https:\/\/jundiai.sp.gov.br\/noticias\/wp-content\/uploads\/sites\/32\/2022\/12\/obras_clinica_da_familia_ponte_sao_joao-58-1280x854.jpg 1280w, https:\/\/jundiai.sp.gov.br\/noticias\/wp-content\/uploads\/sites\/32\/2022\/12\/obras_clinica_da_familia_ponte_sao_joao-58-300x200.jpg 300w, https:\/\/jundiai.sp.gov.br\/noticias\/wp-content\/uploads\/sites\/32\/2022\/12\/obras_clinica_da_familia_ponte_sao_joao-58-768x512.jpg 768w, https:\/\/jundiai.sp.gov.br\/noticias\/wp-content\/uploads\/sites\/32\/2022\/12\/obras_clinica_da_familia_ponte_sao_joao-58-1536x1024.jpg 1536w, https:\/\/jundiai.sp.gov.br\/noticias\/wp-content\/uploads\/sites\/32\/2022\/12\/obras_clinica_da_familia_ponte_sao_joao-58-450x300.jpg 450w, https:\/\/jundiai.sp.gov.br\/noticias\/wp-content\/uploads\/sites\/32\/2022\/12\/obras_clinica_da_familia_ponte_sao_joao-58.jpg 1900w\" sizes=\"auto, (max-width: 1280px) 100vw, 1280px\" \/><figcaption class=\"wp-element-caption\">A estrutura ser\u00e1 ampla. O pr\u00e9dio deve ser conclu\u00eddo no final de 2023<\/figcaption><\/figure>\n\n\n\n<p>J\u00e1 no primeiro andar ficar\u00e1 a Cl\u00ednica da Fam\u00edlia. Com entrada pela avenida Doutor Antenor Soares Gandra, o servi\u00e7o ter\u00e1 quase mil metros quadrados, com 12 consult\u00f3rios indiferenciados e mais tr\u00eas odontol\u00f3gicos, sala de farm\u00e1cia, vacina e curativo, al\u00e9m de seis equipes de Estrat\u00e9gia de Sa\u00fade da Fam\u00edlia (ESF). O pr\u00e9dio ser\u00e1 conclu\u00eddo no final de 2023.<br><br>\u201cEsse \u00e9 mais um investimento na \u00e1rea da sa\u00fade com foco em ofertar atendimento resolutivo na porta de casa da popula\u00e7\u00e3o. O complexo de sa\u00fade da Ponte ter\u00e1 o modelo que deu certo nas regi\u00f5es Oeste e Noroeste, e que tem sido muito bem avaliado pela popula\u00e7\u00e3o. Desde 2017, estamos focados para oferecer servi\u00e7os com qualidade e humanizados, tanto na rede de aten\u00e7\u00e3o prim\u00e1ria como na rede emergencial\u201d, afirma o prefeito Luiz Fernando Machado.<\/p>\n\n\n\n<p>O gestor de Promo\u00e7\u00e3o da Sa\u00fade, Tiago Texera, adianta que o modelo de atendimento na Aten\u00e7\u00e3o B\u00e1sica ser\u00e1 baseado na Estrat\u00e9gia de Sa\u00fade da Fam\u00edlia (ESF). Tamb\u00e9m ser\u00e1 implantado o Acesso Avan\u00e7ado, garantindo em, no m\u00e1ximo, at\u00e9 48 horas atendimento pelo m\u00e9dico das equipes, sem a necessidade de agendamento.<br><br>\u201cSer\u00e1 uma ampla estrutura, a exemplo do que j\u00e1 temos, comprovadamente eficiente e resolutiva. A regionaliza\u00e7\u00e3o do atendimento, com servi\u00e7os espec\u00edficos em cada uma das regi\u00f5es da cidade, amplia a oferta de servi\u00e7os e as a\u00e7\u00f5es com vistas a promo\u00e7\u00e3o da sa\u00fade da popula\u00e7\u00e3o\u201d, enfatiza o gestor.<\/p>\n\n\n\n<figure class=\"wp-block-image size-large\"><img loading=\"lazy\" decoding=\"async\" width=\"1280\" height=\"854\" src=\"https:\/\/jundiai.sp.gov.br\/noticias\/wp-content\/uploads\/sites\/32\/2022\/12\/obras_clinica_da_familia_ponte_sao_joao-148-1280x854.jpg\" alt=\"\" class=\"wp-image-308428\" srcset=\"https:\/\/jundiai.sp.gov.br\/noticias\/wp-content\/uploads\/sites\/32\/2022\/12\/obras_clinica_da_familia_ponte_sao_joao-148-1280x854.jpg 1280w, https:\/\/jundiai.sp.gov.br\/noticias\/wp-content\/uploads\/sites\/32\/2022\/12\/obras_clinica_da_familia_ponte_sao_joao-148-300x200.jpg 300w, https:\/\/jundiai.sp.gov.br\/noticias\/wp-content\/uploads\/sites\/32\/2022\/12\/obras_clinica_da_familia_ponte_sao_joao-148-768x512.jpg 768w, https:\/\/jundiai.sp.gov.br\/noticias\/wp-content\/uploads\/sites\/32\/2022\/12\/obras_clinica_da_familia_ponte_sao_joao-148-1536x1024.jpg 1536w, https:\/\/jundiai.sp.gov.br\/noticias\/wp-content\/uploads\/sites\/32\/2022\/12\/obras_clinica_da_familia_ponte_sao_joao-148-450x300.jpg 450w, https:\/\/jundiai.sp.gov.br\/noticias\/wp-content\/uploads\/sites\/32\/2022\/12\/obras_clinica_da_familia_ponte_sao_joao-148.jpg 1900w\" sizes=\"auto, (max-width: 1280px) 100vw, 1280px\" \/><figcaption class=\"wp-element-caption\">O servi\u00e7o vai ofertar assist\u00eancia completa em Aten\u00e7\u00e3o B\u00e1sica e Urg\u00eancia e Emerg\u00eancia para a regi\u00e3o Leste<\/figcaption><\/figure>\n\n\n\n<p><strong>Assessoria de Imprensa<br>Foto: Fot\u00f3grafos PMJ <\/strong><\/p>\n","protected":false},"excerpt":{"rendered":"<p>Semanalmente, o representante comercial Sebasti\u00e3o Bezerra verifica o andamento da obra do pr\u00e9dio da Cl\u00ednica da Fam\u00edlia e Pronto Atendimento Ponte S\u00e3o Jo\u00e3o. O equipamento recebe investimento de cerca de R$ 13 milh\u00f5es para a constru\u00e7\u00e3o e vai ofertar assist\u00eancia completa em Aten\u00e7\u00e3o B\u00e1sica e Urg\u00eancia e Emerg\u00eancia para a regi\u00e3o Leste. \u201cMoro faz 40 [&hellip;]<\/p>\n","protected":false},"author":50,"featured_media":308430,"comment_status":"closed","ping_status":"0","sticky":false,"template":"","format":"standard","meta":{"footnotes":""},"categories":[2],"tags":[1131,2820,981],"ods":[],"class_list":["post-308420","post","type-post","status-publish","format-standard","has-post-thumbnail","hentry","category-noticias","tag-clinica-da-familia","tag-clinica-da-familia-e-pronto-atendimento-ponte-sao-joao","tag-promocao-da-saude"],"_links":{"self":[{"href":"https:\/\/jundiai.sp.gov.br\/noticias\/wp-json\/wp\/v2\/posts\/308420","targetHints":{"allow":["GET"]}}],"collection":[{"href":"https:\/\/jundiai.sp.gov.br\/noticias\/wp-json\/wp\/v2\/posts"}],"about":[{"href":"https:\/\/jundiai.sp.gov.br\/noticias\/wp-json\/wp\/v2\/types\/post"}],"author":[{"embeddable":true,"href":"https:\/\/jundiai.sp.gov.br\/noticias\/wp-json\/wp\/v2\/users\/50"}],"replies":[{"embeddable":true,"href":"https:\/\/jundiai.sp.gov.br\/noticias\/wp-json\/wp\/v2\/comments?post=308420"}],"version-history":[{"count":5,"href":"https:\/\/jundiai.sp.gov.br\/noticias\/wp-json\/wp\/v2\/posts\/308420\/revisions"}],"predecessor-version":[{"id":308432,"href":"https:\/\/jundiai.sp.gov.br\/noticias\/wp-json\/wp\/v2\/posts\/308420\/revisions\/308432"}],"wp:featuredmedia":[{"embeddable":true,"href":"https:\/\/jundiai.sp.gov.br\/noticias\/wp-json\/wp\/v2\/media\/308430"}],"wp:attachment":[{"href":"https:\/\/jundiai.sp.gov.br\/noticias\/wp-json\/wp\/v2\/media?parent=308420"}],"wp:term":[{"taxonomy":"category","embeddable":true,"href":"https:\/\/jundiai.sp.gov.br\/noticias\/wp-json\/wp\/v2\/categories?post=308420"},{"taxonomy":"post_tag","embeddable":true,"href":"https:\/\/jundiai.sp.gov.br\/noticias\/wp-json\/wp\/v2\/tags?post=308420"},{"taxonomy":"ods","embeddable":true,"href":"https:\/\/jundiai.sp.gov.br\/noticias\/wp-json\/wp\/v2\/ods?post=308420"}],"curies":[{"name":"wp","href":"https:\/\/api.w.org\/{rel}","templated":true}]}}