{"id":308567,"date":"2023-01-02T11:22:25","date_gmt":"2023-01-02T14:22:25","guid":{"rendered":"https:\/\/jundiai.sp.gov.br\/noticias\/?p=308567"},"modified":"2023-01-02T11:22:25","modified_gmt":"2023-01-02T14:22:25","slug":"museu-ferroviario-passa-por-manutencao-e-reabre-no-sabado-07","status":"publish","type":"post","link":"https:\/\/jundiai.sp.gov.br\/noticias\/2023\/01\/02\/museu-ferroviario-passa-por-manutencao-e-reabre-no-sabado-07\/","title":{"rendered":"Museu Ferrovi\u00e1rio passa por manuten\u00e7\u00e3o e reabre no s\u00e1bado (07)"},"content":{"rendered":"\n<p>O Museu Ferrovi\u00e1rio, localizado no Espa\u00e7o Expressa (antigo Complexo Fepasa), ficar\u00e1 fechado para limpeza e manuten\u00e7\u00f5es em geral a partir desta segunda-feira (02), devendo ser reaberto j\u00e1 no s\u00e1bado (07).<\/p>\n\n\n\n<p>Vinculado \u00e0 Unidade de Gest\u00e3o de Cultura (UGC), o espa\u00e7o foi recentemente revitalizado e conta atualmente com a exposi\u00e7\u00e3o <a href=\"https:\/\/cultura.jundiai.sp.gov.br\/espacos-culturais\/museu-ferroviario\/\" target=\"_blank\" rel=\"noreferrer noopener\">\u201cFerrovias\u2026 muito al\u00e9m dos trilhos\u201d<\/a>, que, dividida em duas salas, \u00e9 uma homenagem \u00e0s contribui\u00e7\u00f5es da ferrovia e dos ferrovi\u00e1rios, tanto no mundo, como no Brasil e em Jundia\u00ed.<\/p>\n\n\n\n<p>O Museu Ferrovi\u00e1rio fica na avenida Uni\u00e3o dos Ferrovi\u00e1rios, 1760 \u2013 Espa\u00e7o Expressa. Depois da reabertura, no dia 07 de janeiro, o espa\u00e7o volta a funcionar de ter\u00e7a-feira a domingo, e feriados, das 10h \u00e0s 17h, com entrada gratuita. Mais informa\u00e7\u00f5es pelo telefone 4589-6800.<\/p>\n\n\n\n<figure class=\"wp-block-image size-large\"><img loading=\"lazy\" decoding=\"async\" width=\"1280\" height=\"854\" src=\"https:\/\/jundiai.sp.gov.br\/noticias\/wp-content\/uploads\/sites\/32\/2023\/01\/52346216213_a1db59d3d6_o-1280x854.jpg\" alt=\"\" class=\"wp-image-308578\" srcset=\"https:\/\/jundiai.sp.gov.br\/noticias\/wp-content\/uploads\/sites\/32\/2023\/01\/52346216213_a1db59d3d6_o-1280x854.jpg 1280w, https:\/\/jundiai.sp.gov.br\/noticias\/wp-content\/uploads\/sites\/32\/2023\/01\/52346216213_a1db59d3d6_o-300x200.jpg 300w, https:\/\/jundiai.sp.gov.br\/noticias\/wp-content\/uploads\/sites\/32\/2023\/01\/52346216213_a1db59d3d6_o-768x512.jpg 768w, https:\/\/jundiai.sp.gov.br\/noticias\/wp-content\/uploads\/sites\/32\/2023\/01\/52346216213_a1db59d3d6_o-1536x1024.jpg 1536w, https:\/\/jundiai.sp.gov.br\/noticias\/wp-content\/uploads\/sites\/32\/2023\/01\/52346216213_a1db59d3d6_o-450x300.jpg 450w, https:\/\/jundiai.sp.gov.br\/noticias\/wp-content\/uploads\/sites\/32\/2023\/01\/52346216213_a1db59d3d6_o.jpg 1900w\" sizes=\"auto, (max-width: 1280px) 100vw, 1280px\" \/><figcaption class=\"wp-element-caption\">Museu reabre j\u00e1 neste s\u00e1bado (07), \u00e0s 10h, para visita\u00e7\u00e3o gratuita <\/figcaption><\/figure>\n\n\n\n<p><strong>Assessoria de Imprensa<br>Foto: Arquivo PMJ<\/strong><\/p>\n","protected":false},"excerpt":{"rendered":"<p>O Museu Ferrovi\u00e1rio, localizado no Espa\u00e7o Expressa (antigo Complexo Fepasa), ficar\u00e1 fechado para limpeza e manuten\u00e7\u00f5es em geral a partir desta segunda-feira (02), devendo ser reaberto j\u00e1 no s\u00e1bado (07). Vinculado \u00e0 Unidade de Gest\u00e3o de Cultura (UGC), o espa\u00e7o foi recentemente revitalizado e conta atualmente com a exposi\u00e7\u00e3o \u201cFerrovias\u2026 muito al\u00e9m dos trilhos\u201d, que, [&hellip;]<\/p>\n","protected":false},"author":14,"featured_media":308578,"comment_status":"closed","ping_status":"0","sticky":false,"template":"","format":"standard","meta":{"footnotes":""},"categories":[2],"tags":[29,449,450],"ods":[],"class_list":["post-308567","post","type-post","status-publish","format-standard","has-post-thumbnail","hentry","category-noticias","tag-cultura","tag-espaco-expressa","tag-museu-dos-ferroviarios"],"_links":{"self":[{"href":"https:\/\/jundiai.sp.gov.br\/noticias\/wp-json\/wp\/v2\/posts\/308567","targetHints":{"allow":["GET"]}}],"collection":[{"href":"https:\/\/jundiai.sp.gov.br\/noticias\/wp-json\/wp\/v2\/posts"}],"about":[{"href":"https:\/\/jundiai.sp.gov.br\/noticias\/wp-json\/wp\/v2\/types\/post"}],"author":[{"embeddable":true,"href":"https:\/\/jundiai.sp.gov.br\/noticias\/wp-json\/wp\/v2\/users\/14"}],"replies":[{"embeddable":true,"href":"https:\/\/jundiai.sp.gov.br\/noticias\/wp-json\/wp\/v2\/comments?post=308567"}],"version-history":[{"count":3,"href":"https:\/\/jundiai.sp.gov.br\/noticias\/wp-json\/wp\/v2\/posts\/308567\/revisions"}],"predecessor-version":[{"id":308580,"href":"https:\/\/jundiai.sp.gov.br\/noticias\/wp-json\/wp\/v2\/posts\/308567\/revisions\/308580"}],"wp:featuredmedia":[{"embeddable":true,"href":"https:\/\/jundiai.sp.gov.br\/noticias\/wp-json\/wp\/v2\/media\/308578"}],"wp:attachment":[{"href":"https:\/\/jundiai.sp.gov.br\/noticias\/wp-json\/wp\/v2\/media?parent=308567"}],"wp:term":[{"taxonomy":"category","embeddable":true,"href":"https:\/\/jundiai.sp.gov.br\/noticias\/wp-json\/wp\/v2\/categories?post=308567"},{"taxonomy":"post_tag","embeddable":true,"href":"https:\/\/jundiai.sp.gov.br\/noticias\/wp-json\/wp\/v2\/tags?post=308567"},{"taxonomy":"ods","embeddable":true,"href":"https:\/\/jundiai.sp.gov.br\/noticias\/wp-json\/wp\/v2\/ods?post=308567"}],"curies":[{"name":"wp","href":"https:\/\/api.w.org\/{rel}","templated":true}]}}