{"id":308573,"date":"2023-01-02T11:10:45","date_gmt":"2023-01-02T14:10:45","guid":{"rendered":"https:\/\/jundiai.sp.gov.br\/noticias\/?p=308573"},"modified":"2023-01-03T13:00:20","modified_gmt":"2023-01-03T16:00:20","slug":"jundiai-segue-com-aplicacao-de-doses-contra-covid-19","status":"publish","type":"post","link":"https:\/\/jundiai.sp.gov.br\/noticias\/2023\/01\/02\/jundiai-segue-com-aplicacao-de-doses-contra-covid-19\/","title":{"rendered":"Jundia\u00ed segue com aplica\u00e7\u00e3o de doses contra Covid-19"},"content":{"rendered":"\n<p>As Unidades B\u00e1sicas de Sa\u00fade (UBSs) e as Cl\u00ednicas da Fam\u00edlia seguem aplicando, durante a semana, as doses da vacina contra Covid-19. O atendimento ocorre no hor\u00e1rio das salas de vacina\u00e7\u00e3o.<br><br>A vacina Coronavac \u2013 primeira dose para crian\u00e7as de 3 a 11 anos e segunda dose \u2013 est\u00e1 dispon\u00edvel \u00e0s ter\u00e7as e quintas-feiras, na UBS Tamoio e na UBS Agapeama, e \u00e0s segundas, quartas e sextas-feiras, na Cl\u00ednica da Fam\u00edlia 1 Novo Horizonte e na Cl\u00ednica da Fam\u00edlia Hortol\u00e2ndia. A aplica\u00e7\u00e3o ocorre at\u00e9 as 15h. <\/p>\n\n\n\n<p>J\u00e1 as crian\u00e7as de 6 meses a 2 anos, com comorbidade ou defici\u00eancia, para receber a vacina Pfizer Baby, vers\u00e3o pedi\u00e1trica do imunizante, devem procurar a Cl\u00ednica da Fam\u00edlia I Novo Horizonte, das 8h30 \u00e0s 15h; a Cl\u00ednica da Fam\u00edlia Hortol\u00e2ndia, das 8h30 \u00e0s 15h; a Nova UBS Agapeama, das 8h30 \u00e0s 11h e das 13h \u00e0s 15h; e a UBS Tamoio, das 8h30 \u00e0s 11h e das 13h \u00e0s 15h.<br><br>\u00c9 necess\u00e1ria a apresenta\u00e7\u00e3o da carteira de vacina\u00e7\u00e3o da crian\u00e7a, o CPF ou o Cart\u00e3o Nacional de Sa\u00fade, al\u00e9m de documentos comprobat\u00f3rios da comorbidade e da defici\u00eancia (caso n\u00e3o seja aparente), podendo ser receitas, prescri\u00e7\u00f5es m\u00e9dicas ou exames.<br><br><strong>Xepinha<\/strong><br>O Munic\u00edpio, enquanto n\u00e3o recebe novas doses da Pfizer Baby, continua com inscri\u00e7\u00e3o para dose remanescente do imunizante no site de Prefeitura. Havendo doses dispon\u00edveis, a Unidade de Gest\u00e3o de Promo\u00e7\u00e3o da Sa\u00fade (UGPS) contata os pais e\/ou respons\u00e1veis para a aplica\u00e7\u00e3o na UBS selecionada ou em alguma unidade pr\u00f3xima \u00e0 escolhida.<br><br>Jundia\u00ed, at\u00e9 o momento, recebeu da Secretaria de Estado da Sa\u00fade um lote com 57 frascos, totalizando 570 doses.<br><br><a href=\"https:\/\/jundiai.sp.gov.br\/saude\/rede-de-atendimento\/rede-completa-de-atendimento\/\">Confira o endere\u00e7o das UBSs e Cl\u00ednicas da Fam\u00edlia<\/a><\/p>\n\n\n\n<p><strong>Assessoria de Imprensa<br>Foto: Fot\u00f3grafos PMJ<\/strong><\/p>\n","protected":false},"excerpt":{"rendered":"<p>As Unidades B\u00e1sicas de Sa\u00fade (UBSs) e as Cl\u00ednicas da Fam\u00edlia seguem aplicando, durante a semana, as doses da vacina contra Covid-19. O atendimento ocorre no hor\u00e1rio das salas de vacina\u00e7\u00e3o. A vacina Coronavac \u2013 primeira dose para crian\u00e7as de 3 a 11 anos e segunda dose \u2013 est\u00e1 dispon\u00edvel \u00e0s ter\u00e7as e quintas-feiras, na [&hellip;]<\/p>\n","protected":false},"author":50,"featured_media":308575,"comment_status":"closed","ping_status":"0","sticky":false,"template":"","format":"standard","meta":{"footnotes":""},"categories":[2],"tags":[1131,1500,981,3398],"ods":[],"class_list":["post-308573","post","type-post","status-publish","format-standard","has-post-thumbnail","hentry","category-noticias","tag-clinica-da-familia","tag-coronavirus","tag-promocao-da-saude","tag-ubss"],"_links":{"self":[{"href":"https:\/\/jundiai.sp.gov.br\/noticias\/wp-json\/wp\/v2\/posts\/308573","targetHints":{"allow":["GET"]}}],"collection":[{"href":"https:\/\/jundiai.sp.gov.br\/noticias\/wp-json\/wp\/v2\/posts"}],"about":[{"href":"https:\/\/jundiai.sp.gov.br\/noticias\/wp-json\/wp\/v2\/types\/post"}],"author":[{"embeddable":true,"href":"https:\/\/jundiai.sp.gov.br\/noticias\/wp-json\/wp\/v2\/users\/50"}],"replies":[{"embeddable":true,"href":"https:\/\/jundiai.sp.gov.br\/noticias\/wp-json\/wp\/v2\/comments?post=308573"}],"version-history":[{"count":4,"href":"https:\/\/jundiai.sp.gov.br\/noticias\/wp-json\/wp\/v2\/posts\/308573\/revisions"}],"predecessor-version":[{"id":308667,"href":"https:\/\/jundiai.sp.gov.br\/noticias\/wp-json\/wp\/v2\/posts\/308573\/revisions\/308667"}],"wp:featuredmedia":[{"embeddable":true,"href":"https:\/\/jundiai.sp.gov.br\/noticias\/wp-json\/wp\/v2\/media\/308575"}],"wp:attachment":[{"href":"https:\/\/jundiai.sp.gov.br\/noticias\/wp-json\/wp\/v2\/media?parent=308573"}],"wp:term":[{"taxonomy":"category","embeddable":true,"href":"https:\/\/jundiai.sp.gov.br\/noticias\/wp-json\/wp\/v2\/categories?post=308573"},{"taxonomy":"post_tag","embeddable":true,"href":"https:\/\/jundiai.sp.gov.br\/noticias\/wp-json\/wp\/v2\/tags?post=308573"},{"taxonomy":"ods","embeddable":true,"href":"https:\/\/jundiai.sp.gov.br\/noticias\/wp-json\/wp\/v2\/ods?post=308573"}],"curies":[{"name":"wp","href":"https:\/\/api.w.org\/{rel}","templated":true}]}}