{"id":308861,"date":"2023-01-06T13:02:00","date_gmt":"2023-01-06T16:02:00","guid":{"rendered":"https:\/\/jundiai.sp.gov.br\/noticias\/?p=308861"},"modified":"2023-01-07T12:29:46","modified_gmt":"2023-01-07T15:29:46","slug":"coleta-seletiva-recolhe-mais-de-cinco-toneladas-de-reciclaveis-em-2022","status":"publish","type":"post","link":"https:\/\/jundiai.sp.gov.br\/noticias\/2023\/01\/06\/coleta-seletiva-recolhe-mais-de-cinco-toneladas-de-reciclaveis-em-2022\/","title":{"rendered":"Coleta seletiva recolhe mais de cinco toneladas de recicl\u00e1veis em 2022"},"content":{"rendered":"\n<p>A Prefeitura de Jundia\u00ed, por meio da Unidade de Gest\u00e3o de Infraestrutura e Servi\u00e7os P\u00fablicos (UGISP), coletou 5,2 toneladas de materiais recicl\u00e1veis apenas em 2022. O m\u00eas de fevereiro representou a maior fatia do montante, com aproximadamente 620 mil kg. \u201cTodos os anos alcan\u00e7amos bons n\u00fameros na coleta seletiva. Isso mostra que a popula\u00e7\u00e3o est\u00e1 cada vez mais preocupada com o tema e a Prefeitura tem oferecido condi\u00e7\u00f5es para conscientizar e fomentar a pr\u00e1tica\u201d, avalia o Diretor do Departamento de Limpeza da UGISP, M\u00e1rcio Moraes.<\/p>\n\n\n\n<p>Todo o material recolhido nos bairros \u00e9 encaminhado ao Centro de Gerenciamento de Res\u00edduos S\u00f3lidos (Geresol) para separa\u00e7\u00e3o e destina\u00e7\u00e3o adequada. Os tr\u00eas tipos principais de materiais recolhidos s\u00e3o os pl\u00e1sticos, papel\u00e3o e vidro. Ap\u00f3s a separa\u00e7\u00e3o no Geresol, o material \u00e9 vendido e o dinheiro obtido \u00e9 utilizado nas a\u00e7\u00f5es educativas e de preserva\u00e7\u00e3o do meio ambiente, como compra de novas lixeiras e novos projetos e campanhas de conscientiza\u00e7\u00e3o.<\/p>\n\n\n\n<figure class=\"wp-block-image size-large\"><img loading=\"lazy\" decoding=\"async\" width=\"1280\" height=\"853\" src=\"https:\/\/jundiai.sp.gov.br\/noticias\/wp-content\/uploads\/sites\/32\/2023\/01\/geresol_c_-27-1280x853.jpg\" alt=\"\" class=\"wp-image-308862\" srcset=\"https:\/\/jundiai.sp.gov.br\/noticias\/wp-content\/uploads\/sites\/32\/2023\/01\/geresol_c_-27-1280x853.jpg 1280w, https:\/\/jundiai.sp.gov.br\/noticias\/wp-content\/uploads\/sites\/32\/2023\/01\/geresol_c_-27-300x200.jpg 300w, https:\/\/jundiai.sp.gov.br\/noticias\/wp-content\/uploads\/sites\/32\/2023\/01\/geresol_c_-27-768x512.jpg 768w, https:\/\/jundiai.sp.gov.br\/noticias\/wp-content\/uploads\/sites\/32\/2023\/01\/geresol_c_-27-450x300.jpg 450w, https:\/\/jundiai.sp.gov.br\/noticias\/wp-content\/uploads\/sites\/32\/2023\/01\/geresol_c_-27.jpg 1323w\" sizes=\"auto, (max-width: 1280px) 100vw, 1280px\" \/><figcaption class=\"wp-element-caption\">Material recolhido \u00e9 encaminhado ao Geresol para separa\u00e7\u00e3o e destina\u00e7\u00e3o adequada<\/figcaption><\/figure>\n\n\n\n<p>As campanhas de conscientiza\u00e7\u00e3o fazem parte de uma s\u00e9rie de iniciativas de est\u00edmulo \u00e0 reciclagem aplicadas desde o in\u00edcio da gest\u00e3o, como o aumento na oferta de ecopontos distribu\u00eddos pela cidade, cria\u00e7\u00e3o do projeto Guardi\u00f5es da Natureza \u2013 em parceria com a Unidade de Gest\u00e3o de Educa\u00e7\u00e3o, visitas de crian\u00e7as no Geresol, al\u00e9m de a\u00e7\u00f5es educativas realizadas diretamente nos bairros.<\/p>\n\n\n\n<p><strong>Coleta<br><\/strong>A coleta seletiva \u00e9 realizada em toda a cidade. O caminh\u00e3o da empresa contratada para o servi\u00e7o passa em cada bairro duas vezes por semana, em hor\u00e1rios que dependem da regi\u00e3o. Para consultar os dias e hor\u00e1rios que a coleta seletiva passa em seu bairro, <a rel=\"noreferrer noopener\" href=\"https:\/\/jundiai.sp.gov.br\/infraestrutura-e-servicos-publicos\/limpeza-publica\/coleta-organica-seletiva-e-cata-treco\/\" data-type=\"URL\" data-id=\"https:\/\/jundiai.sp.gov.br\/infraestrutura-e-servicos-publicos\/limpeza-publica\/coleta-organica-seletiva-e-cata-treco\/\" target=\"_blank\">clique aqui<\/a> e digite o CEP da sua rua.<\/p>\n\n\n\n<p><strong>Assessoria de Imprensa<\/strong><br><strong>Foto: Fot\u00f3grafo PMJ<\/strong><\/p>\n","protected":false},"excerpt":{"rendered":"<p>A Prefeitura de Jundia\u00ed, por meio da Unidade de Gest\u00e3o de Infraestrutura e Servi\u00e7os P\u00fablicos (UGISP), coletou 5,2 toneladas de materiais recicl\u00e1veis apenas em 2022. O m\u00eas de fevereiro representou a maior fatia do montante, com aproximadamente 620 mil kg. \u201cTodos os anos alcan\u00e7amos bons n\u00fameros na coleta seletiva. Isso mostra que a popula\u00e7\u00e3o est\u00e1 [&hellip;]<\/p>\n","protected":false},"author":90,"featured_media":308862,"comment_status":"closed","ping_status":"0","sticky":false,"template":"","format":"standard","meta":{"footnotes":""},"categories":[2],"tags":[3708,1208,1393],"ods":[],"class_list":["post-308861","post","type-post","status-publish","format-standard","has-post-thumbnail","hentry","category-noticias","tag-coleta-seletiva","tag-geresol","tag-unidade-de-gestao-de-infraestrutura-e-servicos-publicos-ugisp"],"_links":{"self":[{"href":"https:\/\/jundiai.sp.gov.br\/noticias\/wp-json\/wp\/v2\/posts\/308861","targetHints":{"allow":["GET"]}}],"collection":[{"href":"https:\/\/jundiai.sp.gov.br\/noticias\/wp-json\/wp\/v2\/posts"}],"about":[{"href":"https:\/\/jundiai.sp.gov.br\/noticias\/wp-json\/wp\/v2\/types\/post"}],"author":[{"embeddable":true,"href":"https:\/\/jundiai.sp.gov.br\/noticias\/wp-json\/wp\/v2\/users\/90"}],"replies":[{"embeddable":true,"href":"https:\/\/jundiai.sp.gov.br\/noticias\/wp-json\/wp\/v2\/comments?post=308861"}],"version-history":[{"count":2,"href":"https:\/\/jundiai.sp.gov.br\/noticias\/wp-json\/wp\/v2\/posts\/308861\/revisions"}],"predecessor-version":[{"id":308919,"href":"https:\/\/jundiai.sp.gov.br\/noticias\/wp-json\/wp\/v2\/posts\/308861\/revisions\/308919"}],"wp:featuredmedia":[{"embeddable":true,"href":"https:\/\/jundiai.sp.gov.br\/noticias\/wp-json\/wp\/v2\/media\/308862"}],"wp:attachment":[{"href":"https:\/\/jundiai.sp.gov.br\/noticias\/wp-json\/wp\/v2\/media?parent=308861"}],"wp:term":[{"taxonomy":"category","embeddable":true,"href":"https:\/\/jundiai.sp.gov.br\/noticias\/wp-json\/wp\/v2\/categories?post=308861"},{"taxonomy":"post_tag","embeddable":true,"href":"https:\/\/jundiai.sp.gov.br\/noticias\/wp-json\/wp\/v2\/tags?post=308861"},{"taxonomy":"ods","embeddable":true,"href":"https:\/\/jundiai.sp.gov.br\/noticias\/wp-json\/wp\/v2\/ods?post=308861"}],"curies":[{"name":"wp","href":"https:\/\/api.w.org\/{rel}","templated":true}]}}