{"id":309488,"date":"2023-01-19T09:00:01","date_gmt":"2023-01-19T12:00:01","guid":{"rendered":"https:\/\/jundiai.sp.gov.br\/noticias\/?p=309488"},"modified":"2023-12-12T14:50:11","modified_gmt":"2023-12-12T17:50:11","slug":"jundiai-e-certificada-por-acoes-de-inclusao-de-migrantes","status":"publish","type":"post","link":"https:\/\/jundiai.sp.gov.br\/noticias\/2023\/01\/19\/jundiai-e-certificada-por-acoes-de-inclusao-de-migrantes\/","title":{"rendered":"Jundia\u00ed \u00e9 certificada por a\u00e7\u00f5es de inclus\u00e3o de migrantes"},"content":{"rendered":"\n<p>Em evento realizado de forma online, a Prefeitura de Jundia\u00ed recebeu, na tarde desta quarta-feira (18), o Selo MigraCidades 2022, da Plataforma Migracidades. A premia\u00e7\u00e3o \u00e9 uma iniciativa da Organiza\u00e7\u00e3o Internacional para as Migra\u00e7\u00f5es (OIM) \u2013 ligada \u00e0 ONU &#8211; em parceria com a Universidade Federal do Rio Grande do Sul (UFRGS), com o apoio da Escola Nacional de Administra\u00e7\u00e3o P\u00fablica. Ela acontece pelo reconhecimento das a\u00e7\u00f5es desenvolvidas no munic\u00edpio para a inclus\u00e3o da pessoa migrante na sociedade.<\/p>\n\n\n\n<p>As articula\u00e7\u00f5es empregadas para aquisi\u00e7\u00e3o da Certifica\u00e7\u00e3o e o desenvolvimento do processo foram realizadas pela Unidade de Gest\u00e3o da Casa Civil, por meio das Assessoria de Direitos Humanos e Assessoria da Juventude, que dar\u00e3o os encaminhamentos \u00e0s a\u00e7\u00f5es de monitoramento no Munic\u00edpio.<\/p>\n\n\n\n<figure class=\"wp-block-image size-large\"><img loading=\"lazy\" decoding=\"async\" width=\"1280\" height=\"854\" src=\"https:\/\/jundiai.sp.gov.br\/noticias\/wp-content\/uploads\/sites\/32\/2023\/01\/entrega_selo_municipio_amigo_da_familia-2-1280x854.jpg\" alt=\"\" class=\"wp-image-309489\" srcset=\"https:\/\/jundiai.sp.gov.br\/noticias\/wp-content\/uploads\/sites\/32\/2023\/01\/entrega_selo_municipio_amigo_da_familia-2-1280x854.jpg 1280w, https:\/\/jundiai.sp.gov.br\/noticias\/wp-content\/uploads\/sites\/32\/2023\/01\/entrega_selo_municipio_amigo_da_familia-2-300x200.jpg 300w, https:\/\/jundiai.sp.gov.br\/noticias\/wp-content\/uploads\/sites\/32\/2023\/01\/entrega_selo_municipio_amigo_da_familia-2-768x512.jpg 768w, https:\/\/jundiai.sp.gov.br\/noticias\/wp-content\/uploads\/sites\/32\/2023\/01\/entrega_selo_municipio_amigo_da_familia-2-1536x1024.jpg 1536w, https:\/\/jundiai.sp.gov.br\/noticias\/wp-content\/uploads\/sites\/32\/2023\/01\/entrega_selo_municipio_amigo_da_familia-2-450x300.jpg 450w, https:\/\/jundiai.sp.gov.br\/noticias\/wp-content\/uploads\/sites\/32\/2023\/01\/entrega_selo_municipio_amigo_da_familia-2.jpg 1900w\" sizes=\"auto, (max-width: 1280px) 100vw, 1280px\" \/><figcaption class=\"wp-element-caption\">Jundia\u00ed recebeu o Selo MigraCidades 2022<\/figcaption><\/figure>\n\n\n\n<p>\u201cEste \u00e9 um momento importante para o munic\u00edpio no que diz respeito ao desenvolvimento de pol\u00edticas p\u00fablicas para pessoas migrantes. A certifica\u00e7\u00e3o contribui para a constru\u00e7\u00e3o dessas pol\u00edticas de forma planejada, segura e respons\u00e1vel\u201d, afirma o Gestor da Casa Civil, Gustavo Maryssael.<\/p>\n\n\n\n<p>O Selo foi entregue apenas para 48 munic\u00edpios e seis estados brasileiros, das cinco regi\u00f5es do pa\u00eds. \u201cPara conquista-lo, Jundia\u00ed passou por etapas que compreendem desde a realiza\u00e7\u00e3o de um diagn\u00f3stico das a\u00e7\u00f5es e pol\u00edticas locais, a defini\u00e7\u00e3o de a\u00e7\u00f5es priorit\u00e1rias e o monitoramento dessas a\u00e7\u00f5es\u201d, comenta o Assessor de Pol\u00edticas P\u00fablicas de Direitos Humanos, Paulo Fernando de Almeida.<\/p>\n\n\n\n<p>\u201cA certifica\u00e7\u00e3o \u00e9 um importante passo para os processos de aten\u00e7\u00e3o e acolhimento do migrante, sobretudo da juventude, t\u00e3o importante no contexto da internacionaliza\u00e7\u00e3o&#8221;, diz a Assessora de Pol\u00edticas para a Juventude, Let\u00edcia Atique Branco.<\/p>\n\n\n\n<p>O monitoramento das a\u00e7\u00f5es desenvolvidas acontecer\u00e1 at\u00e9 junho deste ano. O Selo tem validade de um ano.<\/p>\n\n\n\n<p><strong>Assessoria de Imprensa<br>Foto: Fot\u00f3grafo PMJ<\/strong><\/p>\n","protected":false},"excerpt":{"rendered":"<p>Em evento realizado de forma online, a Prefeitura de Jundia\u00ed recebeu, na tarde desta quarta-feira (18), o Selo MigraCidades 2022, da Plataforma Migracidades. A premia\u00e7\u00e3o \u00e9 uma iniciativa da Organiza\u00e7\u00e3o Internacional para as Migra\u00e7\u00f5es (OIM) \u2013 ligada \u00e0 ONU &#8211; em parceria com a Universidade Federal do Rio Grande do Sul (UFRGS), com o apoio [&hellip;]<\/p>\n","protected":false},"author":90,"featured_media":309489,"comment_status":"closed","ping_status":"0","sticky":false,"template":"","format":"standard","meta":{"footnotes":""},"categories":[2],"tags":[991,3729,3730,3580,2773,1357],"ods":[],"class_list":["post-309488","post","type-post","status-publish","format-standard","has-post-thumbnail","hentry","category-noticias","tag-assessoria-de-politicas-para-a-juventude","tag-migracidades","tag-migrantes","tag-oim","tag-onu","tag-unidade-de-gestao-da-casa-civil-ugcc"],"_links":{"self":[{"href":"https:\/\/jundiai.sp.gov.br\/noticias\/wp-json\/wp\/v2\/posts\/309488","targetHints":{"allow":["GET"]}}],"collection":[{"href":"https:\/\/jundiai.sp.gov.br\/noticias\/wp-json\/wp\/v2\/posts"}],"about":[{"href":"https:\/\/jundiai.sp.gov.br\/noticias\/wp-json\/wp\/v2\/types\/post"}],"author":[{"embeddable":true,"href":"https:\/\/jundiai.sp.gov.br\/noticias\/wp-json\/wp\/v2\/users\/90"}],"replies":[{"embeddable":true,"href":"https:\/\/jundiai.sp.gov.br\/noticias\/wp-json\/wp\/v2\/comments?post=309488"}],"version-history":[{"count":3,"href":"https:\/\/jundiai.sp.gov.br\/noticias\/wp-json\/wp\/v2\/posts\/309488\/revisions"}],"predecessor-version":[{"id":333688,"href":"https:\/\/jundiai.sp.gov.br\/noticias\/wp-json\/wp\/v2\/posts\/309488\/revisions\/333688"}],"wp:featuredmedia":[{"embeddable":true,"href":"https:\/\/jundiai.sp.gov.br\/noticias\/wp-json\/wp\/v2\/media\/309489"}],"wp:attachment":[{"href":"https:\/\/jundiai.sp.gov.br\/noticias\/wp-json\/wp\/v2\/media?parent=309488"}],"wp:term":[{"taxonomy":"category","embeddable":true,"href":"https:\/\/jundiai.sp.gov.br\/noticias\/wp-json\/wp\/v2\/categories?post=309488"},{"taxonomy":"post_tag","embeddable":true,"href":"https:\/\/jundiai.sp.gov.br\/noticias\/wp-json\/wp\/v2\/tags?post=309488"},{"taxonomy":"ods","embeddable":true,"href":"https:\/\/jundiai.sp.gov.br\/noticias\/wp-json\/wp\/v2\/ods?post=309488"}],"curies":[{"name":"wp","href":"https:\/\/api.w.org\/{rel}","templated":true}]}}