{"id":309555,"date":"2023-01-20T10:42:03","date_gmt":"2023-01-20T13:42:03","guid":{"rendered":"https:\/\/jundiai.sp.gov.br\/noticias\/?p=309555"},"modified":"2023-01-20T12:17:20","modified_gmt":"2023-01-20T15:17:20","slug":"reuniao-define-forca-tarefa-para-melhorias-na-rodoviaria","status":"publish","type":"post","link":"https:\/\/jundiai.sp.gov.br\/noticias\/2023\/01\/20\/reuniao-define-forca-tarefa-para-melhorias-na-rodoviaria\/","title":{"rendered":"<strong>Reuni\u00e3o define for\u00e7a-tarefa para melhorias na Rodovi\u00e1ria<\/strong>"},"content":{"rendered":"\n<p>Investimentos para manuten\u00e7\u00e3o e conserva\u00e7\u00e3o, amplia\u00e7\u00e3o nas medidas de seguran\u00e7a e aprimoramento na qualidade dos servi\u00e7os prestados no Terminal Rodovi\u00e1rio Intermunicipal de Jundia\u00ed. Esses s\u00e3o os principais objetivos de uma for\u00e7a-tarefa definida em reuni\u00e3o organizada pelos t\u00e9cnicos da Unidade de Gest\u00e3o de Mobilidade e Transporte (UGMT), na quinta-feira (19), com a participa\u00e7\u00e3o de representantes do Centro Pop vinculado \u00e0 Unidade de Gest\u00e3o de Assist\u00eancia e Desenvolvimento Social (UGADS), Guarda Municipal e Socicam, empresa respons\u00e1vel pela administra\u00e7\u00e3o, opera\u00e7\u00e3o e manuten\u00e7\u00e3o do local, por meio de contrato de concess\u00e3o.<\/p>\n\n\n\n<figure class=\"wp-block-image size-large\"><img loading=\"lazy\" decoding=\"async\" width=\"1280\" height=\"748\" src=\"https:\/\/jundiai.sp.gov.br\/noticias\/wp-content\/uploads\/sites\/32\/2023\/01\/reuniao-rodoviaria-_ugmt-1280x748.jpg\" alt=\"Na foto est\u00e3o equipes da Prefeitura, Guarda Municipal e representantes da empresa respons\u00e1vel pelos \u00f4nibus. Eles definem as a\u00e7\u00f5es para manuten\u00e7\u00e3o e conserva\u00e7\u00e3o, amplia\u00e7\u00e3o nas medidas de seguran\u00e7a e aprimoramento na qualidade dos servi\u00e7os prestados no Terminal Rodovi\u00e1rio Intermunicipal de Jundia\u00ed.\" class=\"wp-image-309557\" srcset=\"https:\/\/jundiai.sp.gov.br\/noticias\/wp-content\/uploads\/sites\/32\/2023\/01\/reuniao-rodoviaria-_ugmt-1280x748.jpg 1280w, https:\/\/jundiai.sp.gov.br\/noticias\/wp-content\/uploads\/sites\/32\/2023\/01\/reuniao-rodoviaria-_ugmt-300x175.jpg 300w, https:\/\/jundiai.sp.gov.br\/noticias\/wp-content\/uploads\/sites\/32\/2023\/01\/reuniao-rodoviaria-_ugmt-768x449.jpg 768w, https:\/\/jundiai.sp.gov.br\/noticias\/wp-content\/uploads\/sites\/32\/2023\/01\/reuniao-rodoviaria-_ugmt-1536x898.jpg 1536w, https:\/\/jundiai.sp.gov.br\/noticias\/wp-content\/uploads\/sites\/32\/2023\/01\/reuniao-rodoviaria-_ugmt.jpg 1900w\" sizes=\"auto, (max-width: 1280px) 100vw, 1280px\" \/><figcaption class=\"wp-element-caption\">Trabalho intersetorial com equipes da Prefeitura vai ampliar as medidas de seguran\u00e7a e aprimorar a qualidade dos servi\u00e7os prestados<\/figcaption><\/figure>\n\n\n\n<p>O plano de a\u00e7\u00e3o que foi apresentado j\u00e1 estava em tratativa entre a Prefeitura e a Socicam, a partir de monitoramento e fiscaliza\u00e7\u00e3o do poder p\u00fablico, em que \u00e9 avaliada a qualidade da infraestrutura e dos servi\u00e7os.<\/p>\n\n\n\n<p>Para melhorar a infraestrutura, a UGMT, em conjunto com a empresa administradora, refor\u00e7ou a\u00e7\u00f5es para conserva\u00e7\u00e3o da cobertura e das longarinas (bancos), bem como a realiza\u00e7\u00e3o de limpeza e pintura de depend\u00eancias, al\u00e9m de reparos nos sistemas el\u00e9tricos e hidr\u00e1ulicos. \u201cEssas demandas s\u00e3o priorit\u00e1rias, e v\u00e3o refor\u00e7ar as condi\u00e7\u00f5es de mobilidade com qualidade, efici\u00eancia e seguran\u00e7a a aproximadamente 60 mil usu\u00e1rios que embarcam e\/ou desembarcam por m\u00eas, na Rodovi\u00e1ria de Jundia\u00ed\u201d, afirma o gestor de Mobilidade e Transporte, Aloysio Queiroz.<\/p>\n\n\n\n<p>Tamb\u00e9m foi definido um trabalho integrado entre a UGADS e Guarda Municipal com a finalidade de ampliar as medidas de seguran\u00e7a dos passageiros, al\u00e9m de oferecer assist\u00eancia e acolhimento a pessoas em situa\u00e7\u00e3o de rua que circulam pela rodovi\u00e1ria e, muitas vezes, dormem em alguma \u00e1rea pr\u00f3xima.<\/p>\n\n\n\n<p><strong>Investimentos<\/strong><\/p>\n\n\n\n<p>O gerente de opera\u00e7\u00f5es da Socicam, Alexsandro Silva, informou que a empresa ir\u00e1 destinar R$ 800 mil, neste ano, para melhorias na infraestrutura. Desse valor, a metade ser\u00e1 para a manuten\u00e7\u00e3o da cobertura. \u201cAl\u00e9m disso, j\u00e1 estamos com um projeto para ampliar o monitoramento por c\u00e2meras, o que vai proporcionar mais seguran\u00e7a e agilidade na nossa atua\u00e7\u00e3o, em caso de alguma necessidade.\u201d<\/p>\n\n\n\n<figure class=\"wp-block-image size-large\"><img loading=\"lazy\" decoding=\"async\" width=\"1280\" height=\"721\" src=\"https:\/\/jundiai.sp.gov.br\/noticias\/wp-content\/uploads\/sites\/32\/2023\/01\/reuniao_rodoviaria_melhorias-1280x721.jpg\" alt=\"Na foto, os t\u00e9cnicos de Mobilidade e Transporte e a empresa respons\u00e1vel pelo \u00f4nibus definem que os investimentos ser\u00e3o para cobertura e conserva\u00e7\u00e3o do pr\u00e9dio do Terminal Rodovi\u00e1rio, al\u00e9m de ampliar as c\u00e2meras de seguran\u00e7a.\" class=\"wp-image-309558\" srcset=\"https:\/\/jundiai.sp.gov.br\/noticias\/wp-content\/uploads\/sites\/32\/2023\/01\/reuniao_rodoviaria_melhorias-1280x721.jpg 1280w, https:\/\/jundiai.sp.gov.br\/noticias\/wp-content\/uploads\/sites\/32\/2023\/01\/reuniao_rodoviaria_melhorias-300x169.jpg 300w, https:\/\/jundiai.sp.gov.br\/noticias\/wp-content\/uploads\/sites\/32\/2023\/01\/reuniao_rodoviaria_melhorias-768x433.jpg 768w, https:\/\/jundiai.sp.gov.br\/noticias\/wp-content\/uploads\/sites\/32\/2023\/01\/reuniao_rodoviaria_melhorias-1536x865.jpg 1536w, https:\/\/jundiai.sp.gov.br\/noticias\/wp-content\/uploads\/sites\/32\/2023\/01\/reuniao_rodoviaria_melhorias.jpg 1900w\" sizes=\"auto, (max-width: 1280px) 100vw, 1280px\" \/><figcaption class=\"wp-element-caption\">Investimentos este ano ser\u00e3o de R$ 800 mil, sendo que a metade do valor ser\u00e1 destinada a manuten\u00e7\u00e3o da cobertura do local<\/figcaption><\/figure>\n\n\n\n<p>Tamb\u00e9m est\u00e3o previstas adequa\u00e7\u00f5es para acessibilidade e inclus\u00e3o, como a implanta\u00e7\u00e3o de mapa e piso t\u00e1til, al\u00e9m de sanit\u00e1rio para fam\u00edlia.<\/p>\n\n\n\n<p>A administradora est\u00e1 realizando os ajustes finais para obter o certificado de Auto de Vistoria do Corpo de Bombeiros (AVCB), que atesta que a edifica\u00e7\u00e3o possui todas as condi\u00e7\u00f5es de seguran\u00e7a contra inc\u00eandio e p\u00e2nico, previstas na legisla\u00e7\u00e3o.<\/p>\n\n\n\n<p><strong>Resultados <\/strong><\/p>\n\n\n\n<p>Para acompanhar essas demandas e os resultados da for\u00e7a-tarefa, uma nova reuni\u00e3o est\u00e1 marcada para daqui 15 dias.<br><br>\u201cAl\u00e9m de fazermos um balan\u00e7o do quanto progredimos, na pr\u00f3xima reuni\u00e3o levaremos novas demandas e a\u00e7\u00f5es para garantir a entrega de melhores servi\u00e7os \u00e0 popula\u00e7\u00e3o\u201d, explica Aloysio Queiroz.<br><br><strong>Assessoria de Imprensa<\/strong><\/p>\n","protected":false},"excerpt":{"rendered":"<p>Investimentos para manuten\u00e7\u00e3o e conserva\u00e7\u00e3o, amplia\u00e7\u00e3o nas medidas de seguran\u00e7a e aprimoramento na qualidade dos servi\u00e7os prestados no Terminal Rodovi\u00e1rio Intermunicipal de Jundia\u00ed. Esses s\u00e3o os principais objetivos de uma for\u00e7a-tarefa definida em reuni\u00e3o organizada pelos t\u00e9cnicos da Unidade de Gest\u00e3o de Mobilidade e Transporte (UGMT), na quinta-feira (19), com a participa\u00e7\u00e3o de representantes do [&hellip;]<\/p>\n","protected":false},"author":92,"featured_media":309557,"comment_status":"closed","ping_status":"0","sticky":false,"template":"","format":"standard","meta":{"footnotes":""},"categories":[2],"tags":[3269,3733,2749,1582,982,1219,3488],"ods":[],"class_list":["post-309555","post","type-post","status-publish","format-standard","has-post-thumbnail","hentry","category-noticias","tag-acessibilidade","tag-inclusao","tag-infraestrutura","tag-investimentos","tag-mobilidade-e-transporte","tag-seguranca","tag-terminal-rodoviario"],"_links":{"self":[{"href":"https:\/\/jundiai.sp.gov.br\/noticias\/wp-json\/wp\/v2\/posts\/309555","targetHints":{"allow":["GET"]}}],"collection":[{"href":"https:\/\/jundiai.sp.gov.br\/noticias\/wp-json\/wp\/v2\/posts"}],"about":[{"href":"https:\/\/jundiai.sp.gov.br\/noticias\/wp-json\/wp\/v2\/types\/post"}],"author":[{"embeddable":true,"href":"https:\/\/jundiai.sp.gov.br\/noticias\/wp-json\/wp\/v2\/users\/92"}],"replies":[{"embeddable":true,"href":"https:\/\/jundiai.sp.gov.br\/noticias\/wp-json\/wp\/v2\/comments?post=309555"}],"version-history":[{"count":14,"href":"https:\/\/jundiai.sp.gov.br\/noticias\/wp-json\/wp\/v2\/posts\/309555\/revisions"}],"predecessor-version":[{"id":309615,"href":"https:\/\/jundiai.sp.gov.br\/noticias\/wp-json\/wp\/v2\/posts\/309555\/revisions\/309615"}],"wp:featuredmedia":[{"embeddable":true,"href":"https:\/\/jundiai.sp.gov.br\/noticias\/wp-json\/wp\/v2\/media\/309557"}],"wp:attachment":[{"href":"https:\/\/jundiai.sp.gov.br\/noticias\/wp-json\/wp\/v2\/media?parent=309555"}],"wp:term":[{"taxonomy":"category","embeddable":true,"href":"https:\/\/jundiai.sp.gov.br\/noticias\/wp-json\/wp\/v2\/categories?post=309555"},{"taxonomy":"post_tag","embeddable":true,"href":"https:\/\/jundiai.sp.gov.br\/noticias\/wp-json\/wp\/v2\/tags?post=309555"},{"taxonomy":"ods","embeddable":true,"href":"https:\/\/jundiai.sp.gov.br\/noticias\/wp-json\/wp\/v2\/ods?post=309555"}],"curies":[{"name":"wp","href":"https:\/\/api.w.org\/{rel}","templated":true}]}}