{"id":309647,"date":"2023-01-20T17:47:56","date_gmt":"2023-01-20T20:47:56","guid":{"rendered":"https:\/\/jundiai.sp.gov.br\/noticias\/?p=309647"},"modified":"2023-01-20T17:47:56","modified_gmt":"2023-01-20T20:47:56","slug":"oficina-abayomi-e-contacao-de-historia-agitam-a-fabrica-das-infancias-japy","status":"publish","type":"post","link":"https:\/\/jundiai.sp.gov.br\/noticias\/2023\/01\/20\/oficina-abayomi-e-contacao-de-historia-agitam-a-fabrica-das-infancias-japy\/","title":{"rendered":"Oficina \u2018abayomi\u2019 e conta\u00e7\u00e3o de hist\u00f3ria agitam a F\u00e1brica das Inf\u00e2ncias Japy"},"content":{"rendered":"\n<p>Em mais uma atividade gratuita das <a href=\"https:\/\/cultura.jundiai.sp.gov.br\/eventos\/tag\/ferias-na-cultura-2023\/\" target=\"_blank\" rel=\"noreferrer noopener\">F\u00e9rias na Cultura<\/a>, a F\u00e1brica das Inf\u00e2ncias Japy recebeu na tarde desta sexta-feira (20) a oficina de confec\u00e7\u00e3o de boneca \u201cAbayomi\u201d. Acompanhada de conta\u00e7\u00e3o de hist\u00f3ria sobre a tradi\u00e7\u00e3o da boneca, a atividade foi mediada pelas oficineiras Silvia Marcelino e Onyx Jamaican, do Coletivo #PretaEU, e, devido ao sucesso de p\u00fablico, precisou ser repetida em duas turmas.<\/p>\n\n\n\n<p>\u201cCom foco no p\u00fablico infantojuvenil, pelo programa municipal Cidade das Crian\u00e7as, esta programa\u00e7\u00e3o de f\u00e9rias foi pensada para que as fam\u00edlias ocupassem cada vez mais os nossos equipamentos culturais. E felizmente \u00e9 isso que temos visto, com cada vez mais p\u00fablico nas atra\u00e7\u00f5es. Inclusive com a necessidade de abrir mais apresenta\u00e7\u00f5es para contemplar todos os presentes, como hoje na Japy e tamb\u00e9m na Biblioteca Municipal\u201d, comentou o gestor de Cultura, Marcelo Peroni.<\/p>\n\n\n\n<p><a href=\"https:\/\/www.flickr.com\/photos\/prefeituradejundiai\/albums\/72177720304983334\" target=\"_blank\" rel=\"noreferrer noopener\">CONFIRA AS FOTOS DAS &#8216;F\u00c9RIAS NA CULTURA&#8217;<\/a><\/p>\n\n\n\n<figure class=\"wp-block-image size-large\"><img loading=\"lazy\" decoding=\"async\" width=\"1280\" height=\"854\" src=\"https:\/\/jundiai.sp.gov.br\/noticias\/wp-content\/uploads\/sites\/32\/2023\/01\/oficina_abayomi_pretaeu_fabrica_das_infancias-224-1280x854.jpg\" alt=\"\" class=\"wp-image-309650\" srcset=\"https:\/\/jundiai.sp.gov.br\/noticias\/wp-content\/uploads\/sites\/32\/2023\/01\/oficina_abayomi_pretaeu_fabrica_das_infancias-224-1280x854.jpg 1280w, https:\/\/jundiai.sp.gov.br\/noticias\/wp-content\/uploads\/sites\/32\/2023\/01\/oficina_abayomi_pretaeu_fabrica_das_infancias-224-300x200.jpg 300w, https:\/\/jundiai.sp.gov.br\/noticias\/wp-content\/uploads\/sites\/32\/2023\/01\/oficina_abayomi_pretaeu_fabrica_das_infancias-224-768x512.jpg 768w, https:\/\/jundiai.sp.gov.br\/noticias\/wp-content\/uploads\/sites\/32\/2023\/01\/oficina_abayomi_pretaeu_fabrica_das_infancias-224-1536x1024.jpg 1536w, https:\/\/jundiai.sp.gov.br\/noticias\/wp-content\/uploads\/sites\/32\/2023\/01\/oficina_abayomi_pretaeu_fabrica_das_infancias-224-450x300.jpg 450w, https:\/\/jundiai.sp.gov.br\/noticias\/wp-content\/uploads\/sites\/32\/2023\/01\/oficina_abayomi_pretaeu_fabrica_das_infancias-224.jpg 1900w\" sizes=\"auto, (max-width: 1280px) 100vw, 1280px\" \/><figcaption class=\"wp-element-caption\">Oficineiras aproveitaram para contar a hist\u00f3ria da boneca enquanto davam as explica\u00e7\u00f5es para sua confec\u00e7\u00e3o<\/figcaption><\/figure>\n\n\n\n<p>J\u00e9ssica Lobato, moradora do Jardim do L\u00edrio, soube da atividade quando j\u00e1 estava na F\u00e1brica, acompanhada da filha P\u00e9rola Jopia, de 3 anos e meio. \u201cJ\u00e1 viemos aqui tantas vezes que eu j\u00e1 perdi a conta. S\u00f3 nas f\u00e9rias j\u00e1 foram cinco vezes\u201d, brincou. \u201cEu n\u00e3o sabia desta atividade, mas assim que vi a equipe do coletivo me lembrei do pres\u00e9pio deles que vi no Solar do Bar\u00e3o. Acho a atividade muito importante, pois compartilha com as crian\u00e7as uma parte importante da Hist\u00f3ria e fala da import\u00e2ncia da ressignifica\u00e7\u00e3o por meio do empoderamento\u201d.<\/p>\n\n\n\n<p>Enquanto dava as instru\u00e7\u00f5es para a confec\u00e7\u00e3o, Silvia contava sua vers\u00e3o sobre o surgimento das bonecas para os participantes. \u201c\u2018Abayomi\u2019 vem do idioma Yorub\u00e1 e, entre tantos significados e vers\u00f5es da hist\u00f3ria, quer dizer \u2018o melhor de mim para voc\u00ea\u2019. Eram feitas com tiras de panos rasgadas das saias das mulheres negras para dar \u00e0s crian\u00e7as, tiradas de suas fam\u00edlias e a bordo dos navios para serem escravizadas\u201d, compartilhou a oficineira, aproveitando para convidar os presentes para prestigiar o Coletivo em sua participa\u00e7\u00e3o no evento \u201cT\u00f4 Dentro\u201d, no Galp\u00e3o Criativo da TVTEC, e nas brincadeiras infantis e cortejos da <a href=\"https:\/\/festadauva.jundiai.sp.gov.br\/\" target=\"_blank\" rel=\"noreferrer noopener\">38\u00aa Festa da Uva e 9\u00aa Expo Vinhos<\/a>.<\/p>\n\n\n\n<p>Al\u00e9m da oficina e da conta\u00e7\u00e3o, as crian\u00e7as pularam amarelinha africana, baseada em tradi\u00e7\u00e3o mo\u00e7ambicana.<\/p>\n\n\n\n<figure class=\"wp-block-image size-large\"><img loading=\"lazy\" decoding=\"async\" width=\"1280\" height=\"854\" src=\"https:\/\/jundiai.sp.gov.br\/noticias\/wp-content\/uploads\/sites\/32\/2023\/01\/oficina_abayomi_pretaeu_fabrica_das_infancias-49-1280x854.jpg\" alt=\"\" class=\"wp-image-309652\" srcset=\"https:\/\/jundiai.sp.gov.br\/noticias\/wp-content\/uploads\/sites\/32\/2023\/01\/oficina_abayomi_pretaeu_fabrica_das_infancias-49-1280x854.jpg 1280w, https:\/\/jundiai.sp.gov.br\/noticias\/wp-content\/uploads\/sites\/32\/2023\/01\/oficina_abayomi_pretaeu_fabrica_das_infancias-49-300x200.jpg 300w, https:\/\/jundiai.sp.gov.br\/noticias\/wp-content\/uploads\/sites\/32\/2023\/01\/oficina_abayomi_pretaeu_fabrica_das_infancias-49-768x512.jpg 768w, https:\/\/jundiai.sp.gov.br\/noticias\/wp-content\/uploads\/sites\/32\/2023\/01\/oficina_abayomi_pretaeu_fabrica_das_infancias-49-1536x1024.jpg 1536w, https:\/\/jundiai.sp.gov.br\/noticias\/wp-content\/uploads\/sites\/32\/2023\/01\/oficina_abayomi_pretaeu_fabrica_das_infancias-49-450x300.jpg 450w, https:\/\/jundiai.sp.gov.br\/noticias\/wp-content\/uploads\/sites\/32\/2023\/01\/oficina_abayomi_pretaeu_fabrica_das_infancias-49.jpg 1900w\" sizes=\"auto, (max-width: 1280px) 100vw, 1280px\" \/><figcaption class=\"wp-element-caption\">P\u00e9rola e J\u00e9ssica surpreenderam-se com a atividade durante visita \u00e0 F\u00e1brica das Inf\u00e2ncias Japy<\/figcaption><\/figure>\n\n\n\n<p><strong>Mais F\u00e9rias na Cultura<\/strong><br>A programa\u00e7\u00e3o gratuita segue ao longo de todo o m\u00eas de janeiro. Este fim de semana, ainda na F\u00e1brica das Inf\u00e2ncias Japy tem, sempre a partir das 10h30: no s\u00e1bado (21) a apresenta\u00e7\u00e3o de dan\u00e7a \u201cSu\u00edtes Cl\u00e1ssicas\u201d, com coreografias de Ballet Cl\u00e1ssico de Repert\u00f3rio e suas varia\u00e7\u00f5es, Coreografias Neocl\u00e1ssicas e Contempor\u00e2neas; e no domingo (22), a conta\u00e7\u00e3o de hist\u00f3rias \u201cO tesouro do vov\u00f4\u201d, que conta as aventuras de Bruno, Nanda e Duda s\u00e3o primos que vivem uma deliciosa aventura em busca da senha do wi-fi da casa do av\u00f4.<\/p>\n\n\n\n<p>J\u00e1 a Biblioteca Municipal Professor Nelson Foot traz, no s\u00e1bado (21), \u00e0s 10h, o primeiro encontro do Curso livre: manual pr\u00e1tico para leitura, com Gustavo Salmazo, e \u00e0s 11h a conta\u00e7\u00e3o de hist\u00f3ria \u201cResgatando o fio das velhas hist\u00f3rias\u201d, com a Cia. Rabo de Cutia.<\/p>\n\n\n\n<p>No Teatro Polytheama, as atra\u00e7\u00f5es integram tamb\u00e9m a programa\u00e7\u00e3o \u2018Do Poly para as crian\u00e7as\u2019, com entrada gratuita, sempre \u00e0s 16h. No s\u00e1bado (21), a Cia. P\u00e9 do Ouvido apresenta \u201cOs filhos de Iauaret\u00ea, a on\u00e7a-rei\u201d e no domingo (22) a Cia. Truks apresenta a pe\u00e7a \u201cSonhat\u00f3rio\u201d. Os ingressos gratuitos ficar\u00e3o dispon\u00edveis para retirada na bilheteria do teatro e pela internet, na plataforma Sympla, \u00e0s 10h30 do dia anterior a cada apresenta\u00e7\u00e3o. Cada interessado poder\u00e1 retirar at\u00e9 dois ingressos.<\/p>\n\n\n\n<p><a href=\"https:\/\/cultura.jundiai.sp.gov.br\/eventos\/tag\/ferias-na-cultura-2023\/\" target=\"_blank\" rel=\"noreferrer noopener\">A programa\u00e7\u00e3o completa das \u201cF\u00e9rias na Cultura\u201d pode ser conferida no site da Cultura<\/a>.<\/p>\n\n\n\n<p><strong>Assessoria de Imprensa<br>Fotos: Fot\u00f3grafos PMJ<\/strong><\/p>\n","protected":false},"excerpt":{"rendered":"<p>Em mais uma atividade gratuita das F\u00e9rias na Cultura, a F\u00e1brica das Inf\u00e2ncias Japy recebeu na tarde desta sexta-feira (20) a oficina de confec\u00e7\u00e3o de boneca \u201cAbayomi\u201d. Acompanhada de conta\u00e7\u00e3o de hist\u00f3ria sobre a tradi\u00e7\u00e3o da boneca, a atividade foi mediada pelas oficineiras Silvia Marcelino e Onyx Jamaican, do Coletivo #PretaEU, e, devido ao sucesso [&hellip;]<\/p>\n","protected":false},"author":14,"featured_media":309651,"comment_status":"closed","ping_status":"0","sticky":false,"template":"","format":"standard","meta":{"footnotes":""},"categories":[2],"tags":[1154,29,2251],"ods":[],"class_list":["post-309647","post","type-post","status-publish","format-standard","has-post-thumbnail","hentry","category-noticias","tag-cidade-das-criancas","tag-cultura","tag-fabrica-das-infancias-japy"],"_links":{"self":[{"href":"https:\/\/jundiai.sp.gov.br\/noticias\/wp-json\/wp\/v2\/posts\/309647","targetHints":{"allow":["GET"]}}],"collection":[{"href":"https:\/\/jundiai.sp.gov.br\/noticias\/wp-json\/wp\/v2\/posts"}],"about":[{"href":"https:\/\/jundiai.sp.gov.br\/noticias\/wp-json\/wp\/v2\/types\/post"}],"author":[{"embeddable":true,"href":"https:\/\/jundiai.sp.gov.br\/noticias\/wp-json\/wp\/v2\/users\/14"}],"replies":[{"embeddable":true,"href":"https:\/\/jundiai.sp.gov.br\/noticias\/wp-json\/wp\/v2\/comments?post=309647"}],"version-history":[{"count":5,"href":"https:\/\/jundiai.sp.gov.br\/noticias\/wp-json\/wp\/v2\/posts\/309647\/revisions"}],"predecessor-version":[{"id":309658,"href":"https:\/\/jundiai.sp.gov.br\/noticias\/wp-json\/wp\/v2\/posts\/309647\/revisions\/309658"}],"wp:featuredmedia":[{"embeddable":true,"href":"https:\/\/jundiai.sp.gov.br\/noticias\/wp-json\/wp\/v2\/media\/309651"}],"wp:attachment":[{"href":"https:\/\/jundiai.sp.gov.br\/noticias\/wp-json\/wp\/v2\/media?parent=309647"}],"wp:term":[{"taxonomy":"category","embeddable":true,"href":"https:\/\/jundiai.sp.gov.br\/noticias\/wp-json\/wp\/v2\/categories?post=309647"},{"taxonomy":"post_tag","embeddable":true,"href":"https:\/\/jundiai.sp.gov.br\/noticias\/wp-json\/wp\/v2\/tags?post=309647"},{"taxonomy":"ods","embeddable":true,"href":"https:\/\/jundiai.sp.gov.br\/noticias\/wp-json\/wp\/v2\/ods?post=309647"}],"curies":[{"name":"wp","href":"https:\/\/api.w.org\/{rel}","templated":true}]}}