{"id":310004,"date":"2023-01-27T17:32:00","date_gmt":"2023-01-27T20:32:00","guid":{"rendered":"https:\/\/jundiai.sp.gov.br\/noticias\/?p=310004"},"modified":"2023-01-27T17:32:00","modified_gmt":"2023-01-27T20:32:00","slug":"prefeitura-aplica-acoes-intersetoriais-para-cuidado-na-regiao-central","status":"publish","type":"post","link":"https:\/\/jundiai.sp.gov.br\/noticias\/2023\/01\/27\/prefeitura-aplica-acoes-intersetoriais-para-cuidado-na-regiao-central\/","title":{"rendered":"Prefeitura aplica a\u00e7\u00f5es intersetoriais para cuidado na regi\u00e3o Central"},"content":{"rendered":"\n<p>Com foco em oferecer qualidade de vida e seguran\u00e7a, a Prefeitura de Jundia\u00ed desencadeia plano de a\u00e7\u00e3o para a regi\u00e3o Central de Jundia\u00ed, j\u00e1 alinhado com o projeto de Revitaliza\u00e7\u00e3o do Centro. A primeira iniciativa, realizada em parceria entre as Unidades de Gest\u00e3o de Promo\u00e7\u00e3o da Sa\u00fade (UGPS) e de Assist\u00eancia e Desenvolvimento Social (UGADS), aproximaram as pessoas atendidas no Centro Pop dos servi\u00e7os de sa\u00fade, a partir de roda de conversa sobre sa\u00fade mental, vacina\u00e7\u00e3o e testes r\u00e1pidos para doen\u00e7as transmiss\u00edveis. A aproxima\u00e7\u00e3o fortalece os v\u00ednculos para a inser\u00e7\u00e3o em outros servi\u00e7os e atendimentos, em busca da ressocializa\u00e7\u00e3o da pessoa e recupera\u00e7\u00e3o da qualidade de vida.<\/p>\n\n\n\n<p>O diretor do Departamento de Prote\u00e7\u00e3o Social Especial da UGADS, Luiz Guilherme Camargo, explica que a nova iniciativa intersetorial \u00e9 parte de um planejamento de a\u00e7\u00f5es conjuntas para a regi\u00e3o Central. \u201cEsta a\u00e7\u00e3o \u00e9 voltada, principalmente, para as pessoas em situa\u00e7\u00e3o de rua que relatam uso abusivo de \u00e1lcool e outras drogas, al\u00e9m de outros transtornos, e que n\u00e3o procuram os servi\u00e7os de Sa\u00fade Mental. Assim, a partir da vincula\u00e7\u00e3o que estes usu\u00e1rios j\u00e1 t\u00eam com o Centro Pop, buscamos integrar ainda mais os servi\u00e7os e criar uma vincula\u00e7\u00e3o deles tamb\u00e9m com a rede da UGPS. Trata-se de uma a\u00e7\u00e3o reativa \u00e0 realidade da regi\u00e3o central e marca, juntamente com as demais frentes de trabalho cotidiano da Prefeitura no Centro, com foco na constru\u00e7\u00e3o de um projeto de sa\u00edda desse indiv\u00edduo da condi\u00e7\u00e3o da rua e no Plano municipal de Requalifica\u00e7\u00e3o e Reabilita\u00e7\u00e3o do Centro\u201d.<\/p>\n\n\n\n<figure class=\"wp-block-image size-large\"><img loading=\"lazy\" decoding=\"async\" width=\"1280\" height=\"854\" src=\"https:\/\/jundiai.sp.gov.br\/noticias\/wp-content\/uploads\/sites\/32\/2023\/01\/dia_da_promocao_da_saude_centro-_pop_m_-26-1280x854.jpg\" alt=\"\" class=\"wp-image-310007\" srcset=\"https:\/\/jundiai.sp.gov.br\/noticias\/wp-content\/uploads\/sites\/32\/2023\/01\/dia_da_promocao_da_saude_centro-_pop_m_-26-1280x854.jpg 1280w, https:\/\/jundiai.sp.gov.br\/noticias\/wp-content\/uploads\/sites\/32\/2023\/01\/dia_da_promocao_da_saude_centro-_pop_m_-26-300x200.jpg 300w, https:\/\/jundiai.sp.gov.br\/noticias\/wp-content\/uploads\/sites\/32\/2023\/01\/dia_da_promocao_da_saude_centro-_pop_m_-26-768x513.jpg 768w, https:\/\/jundiai.sp.gov.br\/noticias\/wp-content\/uploads\/sites\/32\/2023\/01\/dia_da_promocao_da_saude_centro-_pop_m_-26-1536x1025.jpg 1536w, https:\/\/jundiai.sp.gov.br\/noticias\/wp-content\/uploads\/sites\/32\/2023\/01\/dia_da_promocao_da_saude_centro-_pop_m_-26-450x300.jpg 450w, https:\/\/jundiai.sp.gov.br\/noticias\/wp-content\/uploads\/sites\/32\/2023\/01\/dia_da_promocao_da_saude_centro-_pop_m_-26.jpg 1900w\" sizes=\"auto, (max-width: 1280px) 100vw, 1280px\" \/><figcaption class=\"wp-element-caption\">Iniciativa visa fortalecer v\u00ednculos, inser\u00e7\u00e3o em servi\u00e7os, ressocializa\u00e7\u00e3o e recupera\u00e7\u00e3o da qualidade de vida<\/figcaption><\/figure>\n\n\n\n<p>O gerente do Centro Pop, Jo\u00e3o Guilherme Santos, deu as boas-vindas \u00e0s equipes e explicou a iniciativa aos usu\u00e1rios do servi\u00e7o, que \u00e9 a porta de entrada para o atendimento. \u201cHoje abrimos as nossas portas para o primeiro dia desta iniciativa. Al\u00e9m dos usu\u00e1rios j\u00e1 presentes, tamb\u00e9m as equipes do Servi\u00e7o Especializado em Abordagem Social (SEAS) tamb\u00e9m est\u00e3o nas ruas, oferecendo que as pessoas abordadas venham para c\u00e1 para os atendimentos\u201d.<\/p>\n\n\n\n<p>A apoiadora institucional da UGPS Luciana Marinho, explicou o objetivo da a\u00e7\u00e3o. \u201cEsta \u00e9 uma iniciativa da Aten\u00e7\u00e3o B\u00e1sica que visa, atuando no ambiente em que os atendidos t\u00eam mais confian\u00e7a, eliminar as dificuldades de acesso. Trata-se de a\u00e7\u00f5es personalizadas com base no cuidado integral a partir das habilidades de cada integrante da equipe, composta por enfermeiros e t\u00e9cnicos de enfermagem, psiquiatra, assistentes sociais, odont\u00f3logos e auxiliar de Sa\u00fade Bucal\u201d.<\/p>\n\n\n\n<p>Entre os servi\u00e7os individuais oferecidos est\u00e3o procedimentos de enfermagem (aferi\u00e7\u00e3o de press\u00e3o, glicemia, pesagem e curativos); vacina\u00e7\u00e3o completa para adultos com as vacinas previstas no Programa Nacional de Imuniza\u00e7\u00f5es (PNI); testagem r\u00e1pida para gravidez, Covid-19 e Infec\u00e7\u00f5es Sexualmente Transmiss\u00edveis (IST); e avalia\u00e7\u00e3o de Sa\u00fade Bucal.<\/p>\n\n\n\n<figure class=\"wp-block-image size-large\"><img loading=\"lazy\" decoding=\"async\" width=\"1280\" height=\"854\" src=\"https:\/\/jundiai.sp.gov.br\/noticias\/wp-content\/uploads\/sites\/32\/2023\/01\/dia_da_promocao_da_saude_centro-_pop_m_-109-1280x854.jpg\" alt=\"\" class=\"wp-image-310008\" srcset=\"https:\/\/jundiai.sp.gov.br\/noticias\/wp-content\/uploads\/sites\/32\/2023\/01\/dia_da_promocao_da_saude_centro-_pop_m_-109-1280x854.jpg 1280w, https:\/\/jundiai.sp.gov.br\/noticias\/wp-content\/uploads\/sites\/32\/2023\/01\/dia_da_promocao_da_saude_centro-_pop_m_-109-300x200.jpg 300w, https:\/\/jundiai.sp.gov.br\/noticias\/wp-content\/uploads\/sites\/32\/2023\/01\/dia_da_promocao_da_saude_centro-_pop_m_-109-768x513.jpg 768w, https:\/\/jundiai.sp.gov.br\/noticias\/wp-content\/uploads\/sites\/32\/2023\/01\/dia_da_promocao_da_saude_centro-_pop_m_-109-1536x1025.jpg 1536w, https:\/\/jundiai.sp.gov.br\/noticias\/wp-content\/uploads\/sites\/32\/2023\/01\/dia_da_promocao_da_saude_centro-_pop_m_-109-450x300.jpg 450w, https:\/\/jundiai.sp.gov.br\/noticias\/wp-content\/uploads\/sites\/32\/2023\/01\/dia_da_promocao_da_saude_centro-_pop_m_-109.jpg 1900w\" sizes=\"auto, (max-width: 1280px) 100vw, 1280px\" \/><figcaption class=\"wp-element-caption\">Entre as ofertas estava a de vacina\u00e7\u00e3o dos interessados <\/figcaption><\/figure>\n\n\n\n<p>J\u00e1 em grupo, foi promovida tamb\u00e9m uma roda de conversa, conduzida pela psiquiatra Ana Carolina Resende, do N\u00facleo de Apoio \u00e0 Sa\u00fade da Fam\u00edlia (NASF). A proposta da roda \u00e9 a abordagem tem\u00e1tica, conforme o assunto em voga no m\u00eas. Por conta do Janeiro Branco, com foca em Sa\u00fade Mental, o tema desta primeira atividade foi \u201cResili\u00eancia e Autoestima\u201d.<\/p>\n\n\n\n<p>O grupo tamb\u00e9m instalou no Centro Pop um novo comedouro e um bebedouro para os animais de estima\u00e7\u00e3o que acompanham os usu\u00e1rios do servi\u00e7o.<\/p>\n\n\n\n<p>O Centro Pop fica na rua Marechal Deodoro da Fonseca, 504 \u2013 Centro. A pr\u00f3xima edi\u00e7\u00e3o do Dia da Promo\u00e7\u00e3o da Sa\u00fade est\u00e1 marcada para o dia 27 de fevereiro.<\/p>\n\n\n\n<p><strong>Assessoria de Imprensa<br>Fotos: Fot\u00f3grafos PMJ<\/strong><\/p>\n","protected":false},"excerpt":{"rendered":"<p>Com foco em oferecer qualidade de vida e seguran\u00e7a, a Prefeitura de Jundia\u00ed desencadeia plano de a\u00e7\u00e3o para a regi\u00e3o Central de Jundia\u00ed, j\u00e1 alinhado com o projeto de Revitaliza\u00e7\u00e3o do Centro. A primeira iniciativa, realizada em parceria entre as Unidades de Gest\u00e3o de Promo\u00e7\u00e3o da Sa\u00fade (UGPS) e de Assist\u00eancia e Desenvolvimento Social (UGADS), [&hellip;]<\/p>\n","protected":false},"author":14,"featured_media":310007,"comment_status":"closed","ping_status":"0","sticky":false,"template":"","format":"standard","meta":{"footnotes":""},"categories":[2],"tags":[980,2489,74,981,2758],"ods":[],"class_list":["post-310004","post","type-post","status-publish","format-standard","has-post-thumbnail","hentry","category-noticias","tag-assistencia-e-desenvolvimento-social","tag-centro","tag-centro-pop","tag-promocao-da-saude","tag-rede-pop-rua"],"_links":{"self":[{"href":"https:\/\/jundiai.sp.gov.br\/noticias\/wp-json\/wp\/v2\/posts\/310004","targetHints":{"allow":["GET"]}}],"collection":[{"href":"https:\/\/jundiai.sp.gov.br\/noticias\/wp-json\/wp\/v2\/posts"}],"about":[{"href":"https:\/\/jundiai.sp.gov.br\/noticias\/wp-json\/wp\/v2\/types\/post"}],"author":[{"embeddable":true,"href":"https:\/\/jundiai.sp.gov.br\/noticias\/wp-json\/wp\/v2\/users\/14"}],"replies":[{"embeddable":true,"href":"https:\/\/jundiai.sp.gov.br\/noticias\/wp-json\/wp\/v2\/comments?post=310004"}],"version-history":[{"count":1,"href":"https:\/\/jundiai.sp.gov.br\/noticias\/wp-json\/wp\/v2\/posts\/310004\/revisions"}],"predecessor-version":[{"id":310010,"href":"https:\/\/jundiai.sp.gov.br\/noticias\/wp-json\/wp\/v2\/posts\/310004\/revisions\/310010"}],"wp:featuredmedia":[{"embeddable":true,"href":"https:\/\/jundiai.sp.gov.br\/noticias\/wp-json\/wp\/v2\/media\/310007"}],"wp:attachment":[{"href":"https:\/\/jundiai.sp.gov.br\/noticias\/wp-json\/wp\/v2\/media?parent=310004"}],"wp:term":[{"taxonomy":"category","embeddable":true,"href":"https:\/\/jundiai.sp.gov.br\/noticias\/wp-json\/wp\/v2\/categories?post=310004"},{"taxonomy":"post_tag","embeddable":true,"href":"https:\/\/jundiai.sp.gov.br\/noticias\/wp-json\/wp\/v2\/tags?post=310004"},{"taxonomy":"ods","embeddable":true,"href":"https:\/\/jundiai.sp.gov.br\/noticias\/wp-json\/wp\/v2\/ods?post=310004"}],"curies":[{"name":"wp","href":"https:\/\/api.w.org\/{rel}","templated":true}]}}