{"id":310022,"date":"2023-01-28T15:14:45","date_gmt":"2023-01-28T18:14:45","guid":{"rendered":"https:\/\/jundiai.sp.gov.br\/noticias\/?p=310022"},"modified":"2024-08-28T11:19:59","modified_gmt":"2024-08-28T14:19:59","slug":"empreendedores-destacam-potencia-da-festa-da-uva-para-vitrine-nacional-de-produtos","status":"publish","type":"post","link":"https:\/\/jundiai.sp.gov.br\/noticias\/2023\/01\/28\/empreendedores-destacam-potencia-da-festa-da-uva-para-vitrine-nacional-de-produtos\/","title":{"rendered":"Empreendedores destacam pot\u00eancia da Festa da Uva para vitrine nacional de produtos"},"content":{"rendered":"\n<p>Os empreendedores que neste ano levam trabalhos artesanais ao espa\u00e7o Jundia\u00ed Feito \u00e0 M\u00e3o na 38\u00aa Festa da Uva t\u00eam algo em comum: a felicidade em poder n\u00e3o apenas vender o que produzem, mas tamb\u00e9m divulgar o trabalho para pessoas de todo o Brasil.<\/p>\n\n\n\n<p>\u201cPor aqui j\u00e1 passaram pessoas de diversos estados e cidades e dessa forma vou apresentando o meu trabalho em macram\u00ea para todo o Pa\u00eds\u201d, comenta a artes\u00e3 Gabriela Fernandes Mayese, que pela primeira vez exp\u00f5e o trabalho que faz na Festa da Uva.<\/p>\n\n\n\n<p>A tamb\u00e9m artes\u00e3 Vera Maria Cosin, tamb\u00e9m estreante na Festa, conta que ficou emocionada com a receptividade do p\u00fablico. \u201c\u00c9 muita gente! E a melhor parte \u00e9 que temos a chance de mostrar nosso trabalho em um evento organizado e que n\u00e3o nos cobra nada pela participa\u00e7\u00e3o.\u201d<\/p>\n\n\n\n<p>O fato de participar sem custo tamb\u00e9m \u00e9 elogiado por M\u00e1rcia Aparecida da Silva, que faz mosaicos. \u201cPara n\u00f3s \u00e9 um apoio e incentivo muito grande. \u00c9 uma vitrine e todo mundo pode conhecer nosso talento. Muita gente conhece hoje e entra em contato ap\u00f3s o evento.\u201d<\/p>\n\n\n\n<figure class=\"wp-block-gallery has-nested-images columns-default is-cropped wp-block-gallery-1 is-layout-flex wp-block-gallery-is-layout-flex\">\n<figure class=\"wp-block-image size-large\"><img loading=\"lazy\" decoding=\"async\" width=\"1280\" height=\"854\" data-id=\"310035\" src=\"https:\/\/jundiai.sp.gov.br\/noticias\/wp-content\/uploads\/sites\/32\/2023\/01\/38_festa_da_uva_pa-28-1280x854.jpg\" alt=\"\" class=\"wp-image-310035\" srcset=\"https:\/\/jundiai.sp.gov.br\/noticias\/wp-content\/uploads\/sites\/32\/2023\/01\/38_festa_da_uva_pa-28-1280x854.jpg 1280w, https:\/\/jundiai.sp.gov.br\/noticias\/wp-content\/uploads\/sites\/32\/2023\/01\/38_festa_da_uva_pa-28-300x200.jpg 300w, https:\/\/jundiai.sp.gov.br\/noticias\/wp-content\/uploads\/sites\/32\/2023\/01\/38_festa_da_uva_pa-28-768x512.jpg 768w, https:\/\/jundiai.sp.gov.br\/noticias\/wp-content\/uploads\/sites\/32\/2023\/01\/38_festa_da_uva_pa-28-1536x1024.jpg 1536w, https:\/\/jundiai.sp.gov.br\/noticias\/wp-content\/uploads\/sites\/32\/2023\/01\/38_festa_da_uva_pa-28-450x300.jpg 450w, https:\/\/jundiai.sp.gov.br\/noticias\/wp-content\/uploads\/sites\/32\/2023\/01\/38_festa_da_uva_pa-28.jpg 1900w\" sizes=\"auto, (max-width: 1280px) 100vw, 1280px\" \/><\/figure>\n\n\n\n<figure class=\"wp-block-image size-large\"><img loading=\"lazy\" decoding=\"async\" width=\"1280\" height=\"854\" data-id=\"310032\" src=\"https:\/\/jundiai.sp.gov.br\/noticias\/wp-content\/uploads\/sites\/32\/2023\/01\/38_festa_da_uva_pa-32-1280x854.jpg\" alt=\"\" class=\"wp-image-310032\" srcset=\"https:\/\/jundiai.sp.gov.br\/noticias\/wp-content\/uploads\/sites\/32\/2023\/01\/38_festa_da_uva_pa-32-1280x854.jpg 1280w, https:\/\/jundiai.sp.gov.br\/noticias\/wp-content\/uploads\/sites\/32\/2023\/01\/38_festa_da_uva_pa-32-300x200.jpg 300w, https:\/\/jundiai.sp.gov.br\/noticias\/wp-content\/uploads\/sites\/32\/2023\/01\/38_festa_da_uva_pa-32-768x512.jpg 768w, https:\/\/jundiai.sp.gov.br\/noticias\/wp-content\/uploads\/sites\/32\/2023\/01\/38_festa_da_uva_pa-32-1536x1024.jpg 1536w, https:\/\/jundiai.sp.gov.br\/noticias\/wp-content\/uploads\/sites\/32\/2023\/01\/38_festa_da_uva_pa-32-450x300.jpg 450w, https:\/\/jundiai.sp.gov.br\/noticias\/wp-content\/uploads\/sites\/32\/2023\/01\/38_festa_da_uva_pa-32.jpg 1900w\" sizes=\"auto, (max-width: 1280px) 100vw, 1280px\" \/><\/figure>\n\n\n\n<figure class=\"wp-block-image size-large\"><img loading=\"lazy\" decoding=\"async\" width=\"1280\" height=\"854\" data-id=\"310033\" src=\"https:\/\/jundiai.sp.gov.br\/noticias\/wp-content\/uploads\/sites\/32\/2023\/01\/38_festa_da_uva_pa-34-1280x854.jpg\" alt=\"\" class=\"wp-image-310033\" srcset=\"https:\/\/jundiai.sp.gov.br\/noticias\/wp-content\/uploads\/sites\/32\/2023\/01\/38_festa_da_uva_pa-34-1280x854.jpg 1280w, https:\/\/jundiai.sp.gov.br\/noticias\/wp-content\/uploads\/sites\/32\/2023\/01\/38_festa_da_uva_pa-34-300x200.jpg 300w, https:\/\/jundiai.sp.gov.br\/noticias\/wp-content\/uploads\/sites\/32\/2023\/01\/38_festa_da_uva_pa-34-768x512.jpg 768w, https:\/\/jundiai.sp.gov.br\/noticias\/wp-content\/uploads\/sites\/32\/2023\/01\/38_festa_da_uva_pa-34-1536x1024.jpg 1536w, https:\/\/jundiai.sp.gov.br\/noticias\/wp-content\/uploads\/sites\/32\/2023\/01\/38_festa_da_uva_pa-34-450x300.jpg 450w, https:\/\/jundiai.sp.gov.br\/noticias\/wp-content\/uploads\/sites\/32\/2023\/01\/38_festa_da_uva_pa-34.jpg 1900w\" sizes=\"auto, (max-width: 1280px) 100vw, 1280px\" \/><\/figure>\n\n\n\n<figure class=\"wp-block-image size-large\"><img loading=\"lazy\" decoding=\"async\" width=\"1280\" height=\"854\" data-id=\"310034\" src=\"https:\/\/jundiai.sp.gov.br\/noticias\/wp-content\/uploads\/sites\/32\/2023\/01\/38_festa_da_uva_pa-87-1280x854.jpg\" alt=\"\" class=\"wp-image-310034\" srcset=\"https:\/\/jundiai.sp.gov.br\/noticias\/wp-content\/uploads\/sites\/32\/2023\/01\/38_festa_da_uva_pa-87-1280x854.jpg 1280w, https:\/\/jundiai.sp.gov.br\/noticias\/wp-content\/uploads\/sites\/32\/2023\/01\/38_festa_da_uva_pa-87-300x200.jpg 300w, https:\/\/jundiai.sp.gov.br\/noticias\/wp-content\/uploads\/sites\/32\/2023\/01\/38_festa_da_uva_pa-87-768x512.jpg 768w, https:\/\/jundiai.sp.gov.br\/noticias\/wp-content\/uploads\/sites\/32\/2023\/01\/38_festa_da_uva_pa-87-1536x1024.jpg 1536w, https:\/\/jundiai.sp.gov.br\/noticias\/wp-content\/uploads\/sites\/32\/2023\/01\/38_festa_da_uva_pa-87-450x300.jpg 450w, https:\/\/jundiai.sp.gov.br\/noticias\/wp-content\/uploads\/sites\/32\/2023\/01\/38_festa_da_uva_pa-87.jpg 1900w\" sizes=\"auto, (max-width: 1280px) 100vw, 1280px\" \/><\/figure>\n\n\n\n<figure class=\"wp-block-image size-large\"><img loading=\"lazy\" decoding=\"async\" width=\"1280\" height=\"854\" data-id=\"310031\" src=\"https:\/\/jundiai.sp.gov.br\/noticias\/wp-content\/uploads\/sites\/32\/2023\/01\/38_festa_da_uva_pa-127-1280x854.jpg\" alt=\"\" class=\"wp-image-310031\" srcset=\"https:\/\/jundiai.sp.gov.br\/noticias\/wp-content\/uploads\/sites\/32\/2023\/01\/38_festa_da_uva_pa-127-1280x854.jpg 1280w, https:\/\/jundiai.sp.gov.br\/noticias\/wp-content\/uploads\/sites\/32\/2023\/01\/38_festa_da_uva_pa-127-300x200.jpg 300w, https:\/\/jundiai.sp.gov.br\/noticias\/wp-content\/uploads\/sites\/32\/2023\/01\/38_festa_da_uva_pa-127-768x512.jpg 768w, https:\/\/jundiai.sp.gov.br\/noticias\/wp-content\/uploads\/sites\/32\/2023\/01\/38_festa_da_uva_pa-127-1536x1024.jpg 1536w, https:\/\/jundiai.sp.gov.br\/noticias\/wp-content\/uploads\/sites\/32\/2023\/01\/38_festa_da_uva_pa-127-450x300.jpg 450w, https:\/\/jundiai.sp.gov.br\/noticias\/wp-content\/uploads\/sites\/32\/2023\/01\/38_festa_da_uva_pa-127.jpg 1900w\" sizes=\"auto, (max-width: 1280px) 100vw, 1280px\" \/><\/figure>\n\n\n\n<figure class=\"wp-block-image size-large\"><img loading=\"lazy\" decoding=\"async\" width=\"1280\" height=\"854\" data-id=\"310048\" src=\"https:\/\/jundiai.sp.gov.br\/noticias\/wp-content\/uploads\/sites\/32\/2023\/01\/38_festa_da_uva_pa-112-1280x854.jpg\" alt=\"\" class=\"wp-image-310048\" srcset=\"https:\/\/jundiai.sp.gov.br\/noticias\/wp-content\/uploads\/sites\/32\/2023\/01\/38_festa_da_uva_pa-112-1280x854.jpg 1280w, https:\/\/jundiai.sp.gov.br\/noticias\/wp-content\/uploads\/sites\/32\/2023\/01\/38_festa_da_uva_pa-112-300x200.jpg 300w, https:\/\/jundiai.sp.gov.br\/noticias\/wp-content\/uploads\/sites\/32\/2023\/01\/38_festa_da_uva_pa-112-768x512.jpg 768w, https:\/\/jundiai.sp.gov.br\/noticias\/wp-content\/uploads\/sites\/32\/2023\/01\/38_festa_da_uva_pa-112-1536x1024.jpg 1536w, https:\/\/jundiai.sp.gov.br\/noticias\/wp-content\/uploads\/sites\/32\/2023\/01\/38_festa_da_uva_pa-112-450x300.jpg 450w, https:\/\/jundiai.sp.gov.br\/noticias\/wp-content\/uploads\/sites\/32\/2023\/01\/38_festa_da_uva_pa-112.jpg 1900w\" sizes=\"auto, (max-width: 1280px) 100vw, 1280px\" \/><\/figure>\n<figcaption class=\"blocks-gallery-caption wp-element-caption\">Evento, sucesso de p\u00fablico, promove empreendedores da cidade para todo o Brasil<\/figcaption><\/figure>\n\n\n\n<p>O prefeito Luiz Fernando Machado, que esteve na Festa neste s\u00e1bado (28), acompanhado da esposa e presidente do Fundo Social de Solidariedade, Vanessa Machado, destacou que um dos objetivos da Festa da Uva \u00e9 justamente valorizar os empreendedores locais, al\u00e9m de fomentar o turismo. \u201cTodos podem mostrar o que t\u00eam para vender, sem custo. Dessa forma, fazemos o ciclo da economia criativa girar e valorizamos o trabalho desses empreendedores.\u201d<\/p>\n\n\n\n<p>O chefe do Executivo lembrou que durante a \u00faltima edi\u00e7\u00e3o, em 2020, a Festa da Uva fez girar mais de R$ 18 milh\u00f5es. Neste ano, a expectativa \u00e9 de um aumento de 30%. O p\u00fablico do evento chegou a 5 mil pessoas nesta sexta (27) e deve bater mais de 60 mil visitantes somando s\u00e1bado (28) e domingo (29).<br>O gestor de Governo e Finan\u00e7as, Jos\u00e9 Antonio Parimoschi, que estava acompanhando o prefeito, ressaltou que a gest\u00e3o tem como foco o incentivo aos pequenos empreendedores, com iniciativas como o programa Jundia\u00ed Empreendedora, Jundia\u00ed Feito \u00e0 M\u00e3o, a Feira do Empreendedor, Neg\u00f3cios e Servi\u00e7os  e o rec\u00e9m-lan\u00e7ado Galp\u00e3o Criativo. \u201cCom a Festa da Uva n\u00e3o \u00e9 diferente. \u00c9 um evento que valoriza a cultura da uva e a hist\u00f3ria da cidade, sem deixar de lado nossa veia empreendedora. \u00c9 uma pol\u00edtica de apoio permanente aos empreendedores da cidade, que, a partir de agora, alcan\u00e7a os nossos produtores de uvas, frutas, vinhos e cervejas artesanais.\u201d<\/p>\n\n\n\n<p><strong>Mais \u2013<\/strong> Veja a programa\u00e7\u00e3o completa da Festa da Uva em: https:\/\/festadauva.jundiai.sp.gov.br\/<\/p>\n","protected":false},"excerpt":{"rendered":"<p>Os empreendedores que neste ano levam trabalhos artesanais ao espa\u00e7o Jundia\u00ed Feito \u00e0 M\u00e3o na 38\u00aa Festa da Uva t\u00eam algo em comum: a felicidade em poder n\u00e3o apenas vender o que produzem, mas tamb\u00e9m divulgar o trabalho para pessoas de todo o Brasil. \u201cPor aqui j\u00e1 passaram pessoas de diversos estados e cidades e [&hellip;]<\/p>\n","protected":false},"author":80,"featured_media":310035,"comment_status":"closed","ping_status":"0","sticky":false,"template":"","format":"standard","meta":{"footnotes":""},"categories":[2],"tags":[3551,29,7,3752,293],"ods":[],"class_list":["post-310022","post","type-post","status-publish","format-standard","has-post-thumbnail","hentry","category-noticias","tag-38a-festa-da-uva-e-9a-expo-vinhos","tag-cultura","tag-festa-da-uva","tag-festa-da-uva-2023","tag-jundiai-feito-a-mao"],"_links":{"self":[{"href":"https:\/\/jundiai.sp.gov.br\/noticias\/wp-json\/wp\/v2\/posts\/310022","targetHints":{"allow":["GET"]}}],"collection":[{"href":"https:\/\/jundiai.sp.gov.br\/noticias\/wp-json\/wp\/v2\/posts"}],"about":[{"href":"https:\/\/jundiai.sp.gov.br\/noticias\/wp-json\/wp\/v2\/types\/post"}],"author":[{"embeddable":true,"href":"https:\/\/jundiai.sp.gov.br\/noticias\/wp-json\/wp\/v2\/users\/80"}],"replies":[{"embeddable":true,"href":"https:\/\/jundiai.sp.gov.br\/noticias\/wp-json\/wp\/v2\/comments?post=310022"}],"version-history":[{"count":4,"href":"https:\/\/jundiai.sp.gov.br\/noticias\/wp-json\/wp\/v2\/posts\/310022\/revisions"}],"predecessor-version":[{"id":310049,"href":"https:\/\/jundiai.sp.gov.br\/noticias\/wp-json\/wp\/v2\/posts\/310022\/revisions\/310049"}],"wp:featuredmedia":[{"embeddable":true,"href":"https:\/\/jundiai.sp.gov.br\/noticias\/wp-json\/wp\/v2\/media\/310035"}],"wp:attachment":[{"href":"https:\/\/jundiai.sp.gov.br\/noticias\/wp-json\/wp\/v2\/media?parent=310022"}],"wp:term":[{"taxonomy":"category","embeddable":true,"href":"https:\/\/jundiai.sp.gov.br\/noticias\/wp-json\/wp\/v2\/categories?post=310022"},{"taxonomy":"post_tag","embeddable":true,"href":"https:\/\/jundiai.sp.gov.br\/noticias\/wp-json\/wp\/v2\/tags?post=310022"},{"taxonomy":"ods","embeddable":true,"href":"https:\/\/jundiai.sp.gov.br\/noticias\/wp-json\/wp\/v2\/ods?post=310022"}],"curies":[{"name":"wp","href":"https:\/\/api.w.org\/{rel}","templated":true}]}}