{"id":310051,"date":"2023-01-29T15:28:34","date_gmt":"2023-01-29T18:28:34","guid":{"rendered":"https:\/\/jundiai.sp.gov.br\/noticias\/?p=310051"},"modified":"2024-08-28T11:19:59","modified_gmt":"2024-08-28T14:19:59","slug":"familias-curtem-festa-da-uva-na-companhia-de-pets","status":"publish","type":"post","link":"https:\/\/jundiai.sp.gov.br\/noticias\/2023\/01\/29\/familias-curtem-festa-da-uva-na-companhia-de-pets\/","title":{"rendered":"Fam\u00edlias curtem Festa da Uva na companhia de pets"},"content":{"rendered":"\n<p>A Festa da Uva \u00e9 um espa\u00e7o para reunir toda a fam\u00edlia, sem exce\u00e7\u00e3o. Por isso, o evento \u00e9 pet friendly e tem recebido visitantes mais que especiais. <\/p>\n\n\n\n<p>&#8220;Se eu n\u00e3o pudesse trazer meu cachorro, nem viria. Hoje, antes de sair de casa, a primeira coisa que confiro \u00e9 se o evento ou estabelecimento aceita pet. Felizmente a Festa da Uva aceita e recebe muito bem&#8221;, comentaram os moradores de S\u00e3o Paulo, Gilberto Souza e Mariza Souza, com a cadela Maya. <\/p>\n\n\n\n<p>Tamb\u00e9m de S\u00e3o Paulo, Maristela Souza Silva n\u00e3o pensou duas vezes quando viu que podia incluir a cachorrinha Meg no passeio. &#8220;Ela sempre est\u00e1 conosco. Tem at\u00e9 uma bolsinha para que eu possa carreg\u00e1-la. \u00c9 parte da fam\u00edlia, n\u00e3o tem como deixar em casa.&#8221;<\/p>\n\n\n\n<p>Quem tamb\u00e9m fez uma viagem para conferir a Festa da Uva foi a Anakin Skywalker, membro da fam\u00edlia da Daniela Macedo, que veio de Sorocaba. &#8220;Fiquei muito feliz em ver que o evento \u00e9 pet friendly. Se n\u00e3o fosse, n\u00e3o vir\u00edamos.&#8221; <\/p>\n\n\n\n<figure class=\"wp-block-gallery has-nested-images columns-default is-cropped wp-block-gallery-1 is-layout-flex wp-block-gallery-is-layout-flex\">\n<figure class=\"wp-block-image size-large\"><img loading=\"lazy\" decoding=\"async\" width=\"1280\" height=\"854\" data-id=\"310057\" src=\"https:\/\/jundiai.sp.gov.br\/noticias\/wp-content\/uploads\/sites\/32\/2023\/01\/pet_festa_da_uva_pa-12-1280x854.jpg\" alt=\"\" class=\"wp-image-310057\" srcset=\"https:\/\/jundiai.sp.gov.br\/noticias\/wp-content\/uploads\/sites\/32\/2023\/01\/pet_festa_da_uva_pa-12-1280x854.jpg 1280w, https:\/\/jundiai.sp.gov.br\/noticias\/wp-content\/uploads\/sites\/32\/2023\/01\/pet_festa_da_uva_pa-12-300x200.jpg 300w, https:\/\/jundiai.sp.gov.br\/noticias\/wp-content\/uploads\/sites\/32\/2023\/01\/pet_festa_da_uva_pa-12-768x512.jpg 768w, https:\/\/jundiai.sp.gov.br\/noticias\/wp-content\/uploads\/sites\/32\/2023\/01\/pet_festa_da_uva_pa-12-1536x1024.jpg 1536w, https:\/\/jundiai.sp.gov.br\/noticias\/wp-content\/uploads\/sites\/32\/2023\/01\/pet_festa_da_uva_pa-12-450x300.jpg 450w, https:\/\/jundiai.sp.gov.br\/noticias\/wp-content\/uploads\/sites\/32\/2023\/01\/pet_festa_da_uva_pa-12.jpg 1900w\" sizes=\"auto, (max-width: 1280px) 100vw, 1280px\" \/><\/figure>\n\n\n\n<figure class=\"wp-block-image size-large\"><img loading=\"lazy\" decoding=\"async\" width=\"1280\" height=\"854\" data-id=\"310062\" src=\"https:\/\/jundiai.sp.gov.br\/noticias\/wp-content\/uploads\/sites\/32\/2023\/01\/pet_festa_da_uva_pa-11-1280x854.jpg\" alt=\"\" class=\"wp-image-310062\" srcset=\"https:\/\/jundiai.sp.gov.br\/noticias\/wp-content\/uploads\/sites\/32\/2023\/01\/pet_festa_da_uva_pa-11-1280x854.jpg 1280w, https:\/\/jundiai.sp.gov.br\/noticias\/wp-content\/uploads\/sites\/32\/2023\/01\/pet_festa_da_uva_pa-11-300x200.jpg 300w, https:\/\/jundiai.sp.gov.br\/noticias\/wp-content\/uploads\/sites\/32\/2023\/01\/pet_festa_da_uva_pa-11-768x512.jpg 768w, https:\/\/jundiai.sp.gov.br\/noticias\/wp-content\/uploads\/sites\/32\/2023\/01\/pet_festa_da_uva_pa-11-1536x1024.jpg 1536w, https:\/\/jundiai.sp.gov.br\/noticias\/wp-content\/uploads\/sites\/32\/2023\/01\/pet_festa_da_uva_pa-11-450x300.jpg 450w, https:\/\/jundiai.sp.gov.br\/noticias\/wp-content\/uploads\/sites\/32\/2023\/01\/pet_festa_da_uva_pa-11.jpg 1900w\" sizes=\"auto, (max-width: 1280px) 100vw, 1280px\" \/><\/figure>\n\n\n\n<figure class=\"wp-block-image size-large\"><img loading=\"lazy\" decoding=\"async\" width=\"1280\" height=\"854\" data-id=\"310060\" src=\"https:\/\/jundiai.sp.gov.br\/noticias\/wp-content\/uploads\/sites\/32\/2023\/01\/pet_festa_da_uva_pa-9-1280x854.jpg\" alt=\"\" class=\"wp-image-310060\" srcset=\"https:\/\/jundiai.sp.gov.br\/noticias\/wp-content\/uploads\/sites\/32\/2023\/01\/pet_festa_da_uva_pa-9-1280x854.jpg 1280w, https:\/\/jundiai.sp.gov.br\/noticias\/wp-content\/uploads\/sites\/32\/2023\/01\/pet_festa_da_uva_pa-9-300x200.jpg 300w, https:\/\/jundiai.sp.gov.br\/noticias\/wp-content\/uploads\/sites\/32\/2023\/01\/pet_festa_da_uva_pa-9-768x512.jpg 768w, https:\/\/jundiai.sp.gov.br\/noticias\/wp-content\/uploads\/sites\/32\/2023\/01\/pet_festa_da_uva_pa-9-1536x1024.jpg 1536w, https:\/\/jundiai.sp.gov.br\/noticias\/wp-content\/uploads\/sites\/32\/2023\/01\/pet_festa_da_uva_pa-9-450x300.jpg 450w, https:\/\/jundiai.sp.gov.br\/noticias\/wp-content\/uploads\/sites\/32\/2023\/01\/pet_festa_da_uva_pa-9.jpg 1900w\" sizes=\"auto, (max-width: 1280px) 100vw, 1280px\" \/><\/figure>\n\n\n\n<figure class=\"wp-block-image size-large\"><img loading=\"lazy\" decoding=\"async\" width=\"1280\" height=\"854\" data-id=\"310063\" src=\"https:\/\/jundiai.sp.gov.br\/noticias\/wp-content\/uploads\/sites\/32\/2023\/01\/pet_festa_da_uva_pa-6-1280x854.jpg\" alt=\"\" class=\"wp-image-310063\" srcset=\"https:\/\/jundiai.sp.gov.br\/noticias\/wp-content\/uploads\/sites\/32\/2023\/01\/pet_festa_da_uva_pa-6-1280x854.jpg 1280w, https:\/\/jundiai.sp.gov.br\/noticias\/wp-content\/uploads\/sites\/32\/2023\/01\/pet_festa_da_uva_pa-6-300x200.jpg 300w, https:\/\/jundiai.sp.gov.br\/noticias\/wp-content\/uploads\/sites\/32\/2023\/01\/pet_festa_da_uva_pa-6-768x512.jpg 768w, https:\/\/jundiai.sp.gov.br\/noticias\/wp-content\/uploads\/sites\/32\/2023\/01\/pet_festa_da_uva_pa-6-1536x1024.jpg 1536w, https:\/\/jundiai.sp.gov.br\/noticias\/wp-content\/uploads\/sites\/32\/2023\/01\/pet_festa_da_uva_pa-6-450x300.jpg 450w, https:\/\/jundiai.sp.gov.br\/noticias\/wp-content\/uploads\/sites\/32\/2023\/01\/pet_festa_da_uva_pa-6.jpg 1900w\" sizes=\"auto, (max-width: 1280px) 100vw, 1280px\" \/><\/figure>\n\n\n\n<figure class=\"wp-block-image size-large\"><img loading=\"lazy\" decoding=\"async\" width=\"1280\" height=\"854\" data-id=\"310056\" src=\"https:\/\/jundiai.sp.gov.br\/noticias\/wp-content\/uploads\/sites\/32\/2023\/01\/pet_festa_da_uva_pa-5-1280x854.jpg\" alt=\"\" class=\"wp-image-310056\" srcset=\"https:\/\/jundiai.sp.gov.br\/noticias\/wp-content\/uploads\/sites\/32\/2023\/01\/pet_festa_da_uva_pa-5-1280x854.jpg 1280w, https:\/\/jundiai.sp.gov.br\/noticias\/wp-content\/uploads\/sites\/32\/2023\/01\/pet_festa_da_uva_pa-5-300x200.jpg 300w, https:\/\/jundiai.sp.gov.br\/noticias\/wp-content\/uploads\/sites\/32\/2023\/01\/pet_festa_da_uva_pa-5-768x512.jpg 768w, https:\/\/jundiai.sp.gov.br\/noticias\/wp-content\/uploads\/sites\/32\/2023\/01\/pet_festa_da_uva_pa-5-1536x1024.jpg 1536w, https:\/\/jundiai.sp.gov.br\/noticias\/wp-content\/uploads\/sites\/32\/2023\/01\/pet_festa_da_uva_pa-5-450x300.jpg 450w, https:\/\/jundiai.sp.gov.br\/noticias\/wp-content\/uploads\/sites\/32\/2023\/01\/pet_festa_da_uva_pa-5.jpg 1900w\" sizes=\"auto, (max-width: 1280px) 100vw, 1280px\" \/><\/figure>\n\n\n\n<figure class=\"wp-block-image size-large\"><img loading=\"lazy\" decoding=\"async\" width=\"1280\" height=\"854\" data-id=\"310053\" src=\"https:\/\/jundiai.sp.gov.br\/noticias\/wp-content\/uploads\/sites\/32\/2023\/01\/pet_festa_da_uva_pa-4-1280x854.jpg\" alt=\"\" class=\"wp-image-310053\" srcset=\"https:\/\/jundiai.sp.gov.br\/noticias\/wp-content\/uploads\/sites\/32\/2023\/01\/pet_festa_da_uva_pa-4-1280x854.jpg 1280w, https:\/\/jundiai.sp.gov.br\/noticias\/wp-content\/uploads\/sites\/32\/2023\/01\/pet_festa_da_uva_pa-4-300x200.jpg 300w, https:\/\/jundiai.sp.gov.br\/noticias\/wp-content\/uploads\/sites\/32\/2023\/01\/pet_festa_da_uva_pa-4-768x512.jpg 768w, https:\/\/jundiai.sp.gov.br\/noticias\/wp-content\/uploads\/sites\/32\/2023\/01\/pet_festa_da_uva_pa-4-1536x1024.jpg 1536w, https:\/\/jundiai.sp.gov.br\/noticias\/wp-content\/uploads\/sites\/32\/2023\/01\/pet_festa_da_uva_pa-4-450x300.jpg 450w, https:\/\/jundiai.sp.gov.br\/noticias\/wp-content\/uploads\/sites\/32\/2023\/01\/pet_festa_da_uva_pa-4.jpg 1900w\" sizes=\"auto, (max-width: 1280px) 100vw, 1280px\" \/><\/figure>\n\n\n\n<figure class=\"wp-block-image size-large\"><img loading=\"lazy\" decoding=\"async\" width=\"1280\" height=\"854\" data-id=\"310061\" src=\"https:\/\/jundiai.sp.gov.br\/noticias\/wp-content\/uploads\/sites\/32\/2023\/01\/pet_festa_da_uva_pa-2-1280x854.jpg\" alt=\"\" class=\"wp-image-310061\" srcset=\"https:\/\/jundiai.sp.gov.br\/noticias\/wp-content\/uploads\/sites\/32\/2023\/01\/pet_festa_da_uva_pa-2-1280x854.jpg 1280w, https:\/\/jundiai.sp.gov.br\/noticias\/wp-content\/uploads\/sites\/32\/2023\/01\/pet_festa_da_uva_pa-2-300x200.jpg 300w, https:\/\/jundiai.sp.gov.br\/noticias\/wp-content\/uploads\/sites\/32\/2023\/01\/pet_festa_da_uva_pa-2-768x512.jpg 768w, https:\/\/jundiai.sp.gov.br\/noticias\/wp-content\/uploads\/sites\/32\/2023\/01\/pet_festa_da_uva_pa-2-1536x1024.jpg 1536w, https:\/\/jundiai.sp.gov.br\/noticias\/wp-content\/uploads\/sites\/32\/2023\/01\/pet_festa_da_uva_pa-2-450x300.jpg 450w, https:\/\/jundiai.sp.gov.br\/noticias\/wp-content\/uploads\/sites\/32\/2023\/01\/pet_festa_da_uva_pa-2.jpg 1900w\" sizes=\"auto, (max-width: 1280px) 100vw, 1280px\" \/><\/figure>\n\n\n\n<figure class=\"wp-block-image size-large\"><img loading=\"lazy\" decoding=\"async\" width=\"1280\" height=\"854\" data-id=\"310055\" src=\"https:\/\/jundiai.sp.gov.br\/noticias\/wp-content\/uploads\/sites\/32\/2023\/01\/festa_da_uva_domingo_pets_motos-713-1280x854.jpg\" alt=\"\" class=\"wp-image-310055\" srcset=\"https:\/\/jundiai.sp.gov.br\/noticias\/wp-content\/uploads\/sites\/32\/2023\/01\/festa_da_uva_domingo_pets_motos-713-1280x854.jpg 1280w, https:\/\/jundiai.sp.gov.br\/noticias\/wp-content\/uploads\/sites\/32\/2023\/01\/festa_da_uva_domingo_pets_motos-713-300x200.jpg 300w, https:\/\/jundiai.sp.gov.br\/noticias\/wp-content\/uploads\/sites\/32\/2023\/01\/festa_da_uva_domingo_pets_motos-713-768x512.jpg 768w, https:\/\/jundiai.sp.gov.br\/noticias\/wp-content\/uploads\/sites\/32\/2023\/01\/festa_da_uva_domingo_pets_motos-713-1536x1024.jpg 1536w, https:\/\/jundiai.sp.gov.br\/noticias\/wp-content\/uploads\/sites\/32\/2023\/01\/festa_da_uva_domingo_pets_motos-713-450x300.jpg 450w, https:\/\/jundiai.sp.gov.br\/noticias\/wp-content\/uploads\/sites\/32\/2023\/01\/festa_da_uva_domingo_pets_motos-713.jpg 1900w\" sizes=\"auto, (max-width: 1280px) 100vw, 1280px\" \/><\/figure>\n\n\n\n<figure class=\"wp-block-image size-large\"><img loading=\"lazy\" decoding=\"async\" width=\"1280\" height=\"854\" data-id=\"310058\" src=\"https:\/\/jundiai.sp.gov.br\/noticias\/wp-content\/uploads\/sites\/32\/2023\/01\/festa_da_uva_domingo_pets_motos-611-1280x854.jpg\" alt=\"\" class=\"wp-image-310058\" srcset=\"https:\/\/jundiai.sp.gov.br\/noticias\/wp-content\/uploads\/sites\/32\/2023\/01\/festa_da_uva_domingo_pets_motos-611-1280x854.jpg 1280w, https:\/\/jundiai.sp.gov.br\/noticias\/wp-content\/uploads\/sites\/32\/2023\/01\/festa_da_uva_domingo_pets_motos-611-300x200.jpg 300w, https:\/\/jundiai.sp.gov.br\/noticias\/wp-content\/uploads\/sites\/32\/2023\/01\/festa_da_uva_domingo_pets_motos-611-768x512.jpg 768w, https:\/\/jundiai.sp.gov.br\/noticias\/wp-content\/uploads\/sites\/32\/2023\/01\/festa_da_uva_domingo_pets_motos-611-1536x1024.jpg 1536w, https:\/\/jundiai.sp.gov.br\/noticias\/wp-content\/uploads\/sites\/32\/2023\/01\/festa_da_uva_domingo_pets_motos-611-450x300.jpg 450w, https:\/\/jundiai.sp.gov.br\/noticias\/wp-content\/uploads\/sites\/32\/2023\/01\/festa_da_uva_domingo_pets_motos-611.jpg 1900w\" sizes=\"auto, (max-width: 1280px) 100vw, 1280px\" \/><\/figure>\n\n\n\n<figure class=\"wp-block-image size-large\"><img loading=\"lazy\" decoding=\"async\" width=\"1280\" height=\"854\" data-id=\"310054\" src=\"https:\/\/jundiai.sp.gov.br\/noticias\/wp-content\/uploads\/sites\/32\/2023\/01\/festa_da_uva_domingo_pets_motos-197-1280x854.jpg\" alt=\"\" class=\"wp-image-310054\" srcset=\"https:\/\/jundiai.sp.gov.br\/noticias\/wp-content\/uploads\/sites\/32\/2023\/01\/festa_da_uva_domingo_pets_motos-197-1280x854.jpg 1280w, https:\/\/jundiai.sp.gov.br\/noticias\/wp-content\/uploads\/sites\/32\/2023\/01\/festa_da_uva_domingo_pets_motos-197-300x200.jpg 300w, https:\/\/jundiai.sp.gov.br\/noticias\/wp-content\/uploads\/sites\/32\/2023\/01\/festa_da_uva_domingo_pets_motos-197-768x512.jpg 768w, https:\/\/jundiai.sp.gov.br\/noticias\/wp-content\/uploads\/sites\/32\/2023\/01\/festa_da_uva_domingo_pets_motos-197-1536x1024.jpg 1536w, https:\/\/jundiai.sp.gov.br\/noticias\/wp-content\/uploads\/sites\/32\/2023\/01\/festa_da_uva_domingo_pets_motos-197-450x300.jpg 450w, https:\/\/jundiai.sp.gov.br\/noticias\/wp-content\/uploads\/sites\/32\/2023\/01\/festa_da_uva_domingo_pets_motos-197.jpg 1900w\" sizes=\"auto, (max-width: 1280px) 100vw, 1280px\" \/><\/figure>\n\n\n\n<figure class=\"wp-block-image size-large\"><img loading=\"lazy\" decoding=\"async\" width=\"1280\" height=\"854\" data-id=\"310059\" src=\"https:\/\/jundiai.sp.gov.br\/noticias\/wp-content\/uploads\/sites\/32\/2023\/01\/festa_da_uva_domingo_pets_motos-137-1280x854.jpg\" alt=\"\" class=\"wp-image-310059\" srcset=\"https:\/\/jundiai.sp.gov.br\/noticias\/wp-content\/uploads\/sites\/32\/2023\/01\/festa_da_uva_domingo_pets_motos-137-1280x854.jpg 1280w, https:\/\/jundiai.sp.gov.br\/noticias\/wp-content\/uploads\/sites\/32\/2023\/01\/festa_da_uva_domingo_pets_motos-137-300x200.jpg 300w, https:\/\/jundiai.sp.gov.br\/noticias\/wp-content\/uploads\/sites\/32\/2023\/01\/festa_da_uva_domingo_pets_motos-137-768x512.jpg 768w, https:\/\/jundiai.sp.gov.br\/noticias\/wp-content\/uploads\/sites\/32\/2023\/01\/festa_da_uva_domingo_pets_motos-137-1536x1024.jpg 1536w, https:\/\/jundiai.sp.gov.br\/noticias\/wp-content\/uploads\/sites\/32\/2023\/01\/festa_da_uva_domingo_pets_motos-137-450x300.jpg 450w, https:\/\/jundiai.sp.gov.br\/noticias\/wp-content\/uploads\/sites\/32\/2023\/01\/festa_da_uva_domingo_pets_motos-137.jpg 1900w\" sizes=\"auto, (max-width: 1280px) 100vw, 1280px\" \/><\/figure>\n<figcaption class=\"blocks-gallery-caption wp-element-caption\">Festa em fam\u00edlia: pets tamb\u00e9m participaram <\/figcaption><\/figure>\n\n\n\n<p><strong>Servi\u00e7o<\/strong><\/p>\n\n\n\n<p>A 38\u00aa Festa da Uva e 9\u00aa Expo Vinhos de Jundia\u00ed segue nos dias 03, 04 e 05 de fevereiro. <\/p>\n\n\n\n<p>Hor\u00e1rio: Sextas-feiras das 18h \u00e0s 22h, aos s\u00e1bados das 10h \u00e0s 22h e aos domingos das 10h \u00e0s 21h.<\/p>\n\n\n\n<p>Entrada Gratuita<\/p>\n\n\n\n<p>Saiba mais em: https:\/\/festadauva.jundiai.sp.gov.br\/ <\/p>\n","protected":false},"excerpt":{"rendered":"<p>A Festa da Uva \u00e9 um espa\u00e7o para reunir toda a fam\u00edlia, sem exce\u00e7\u00e3o. Por isso, o evento \u00e9 pet friendly e tem recebido visitantes mais que especiais. &#8220;Se eu n\u00e3o pudesse trazer meu cachorro, nem viria. Hoje, antes de sair de casa, a primeira coisa que confiro \u00e9 se o evento ou estabelecimento aceita [&hellip;]<\/p>\n","protected":false},"author":39,"featured_media":310057,"comment_status":"closed","ping_status":"0","sticky":false,"template":"","format":"standard","meta":{"footnotes":""},"categories":[2],"tags":[3551,3468,29,7,2851,3358],"ods":[],"class_list":["post-310051","post","type-post","status-publish","format-standard","has-post-thumbnail","hentry","category-noticias","tag-38a-festa-da-uva-e-9a-expo-vinhos","tag-9a-expo-vinhos","tag-cultura","tag-festa-da-uva","tag-pet-friendly","tag-pets"],"_links":{"self":[{"href":"https:\/\/jundiai.sp.gov.br\/noticias\/wp-json\/wp\/v2\/posts\/310051","targetHints":{"allow":["GET"]}}],"collection":[{"href":"https:\/\/jundiai.sp.gov.br\/noticias\/wp-json\/wp\/v2\/posts"}],"about":[{"href":"https:\/\/jundiai.sp.gov.br\/noticias\/wp-json\/wp\/v2\/types\/post"}],"author":[{"embeddable":true,"href":"https:\/\/jundiai.sp.gov.br\/noticias\/wp-json\/wp\/v2\/users\/39"}],"replies":[{"embeddable":true,"href":"https:\/\/jundiai.sp.gov.br\/noticias\/wp-json\/wp\/v2\/comments?post=310051"}],"version-history":[{"count":3,"href":"https:\/\/jundiai.sp.gov.br\/noticias\/wp-json\/wp\/v2\/posts\/310051\/revisions"}],"predecessor-version":[{"id":310065,"href":"https:\/\/jundiai.sp.gov.br\/noticias\/wp-json\/wp\/v2\/posts\/310051\/revisions\/310065"}],"wp:featuredmedia":[{"embeddable":true,"href":"https:\/\/jundiai.sp.gov.br\/noticias\/wp-json\/wp\/v2\/media\/310057"}],"wp:attachment":[{"href":"https:\/\/jundiai.sp.gov.br\/noticias\/wp-json\/wp\/v2\/media?parent=310051"}],"wp:term":[{"taxonomy":"category","embeddable":true,"href":"https:\/\/jundiai.sp.gov.br\/noticias\/wp-json\/wp\/v2\/categories?post=310051"},{"taxonomy":"post_tag","embeddable":true,"href":"https:\/\/jundiai.sp.gov.br\/noticias\/wp-json\/wp\/v2\/tags?post=310051"},{"taxonomy":"ods","embeddable":true,"href":"https:\/\/jundiai.sp.gov.br\/noticias\/wp-json\/wp\/v2\/ods?post=310051"}],"curies":[{"name":"wp","href":"https:\/\/api.w.org\/{rel}","templated":true}]}}