{"id":310112,"date":"2023-01-30T18:37:00","date_gmt":"2023-01-30T21:37:00","guid":{"rendered":"https:\/\/jundiai.sp.gov.br\/noticias\/?p=310112"},"modified":"2023-01-30T18:37:00","modified_gmt":"2023-01-30T21:37:00","slug":"prefeito-apresenta-indicadores-economicos-em-reuniao","status":"publish","type":"post","link":"https:\/\/jundiai.sp.gov.br\/noticias\/2023\/01\/30\/prefeito-apresenta-indicadores-economicos-em-reuniao\/","title":{"rendered":"Prefeito apresenta indicadores econ\u00f4micos em reuni\u00e3o"},"content":{"rendered":"\n<p>O Prefeito Luiz Fernando Machado participou, nesta segunda-feira (30), de reuni\u00e3o com empres\u00e1rios locais, como oportunidade de apresentar dados econ\u00f4micos de Jundia\u00ed, al\u00e9m de responder d\u00favidas do segmento. A agenda foi realizada a convite do Clube da Permuta, rede de relacionamento que tem atua\u00e7\u00e3o em diferentes cidades do Brasil e conecta empres\u00e1rios.<\/p>\n\n\n\n<p>Durante a apresenta\u00e7\u00e3o, Luiz Fernando destacou o crescimento no PIB registrado em 2022 \u2013 Jundia\u00ed ocupa a 15\u00aa posi\u00e7\u00e3o no ranking nacional e a 6\u00aa no Estado -; o 4\u00ba melhor IDH de S\u00e3o Paulo; os 500 km de fibra \u00f3tica, em conson\u00e2ncia com o Programa Cidade Inteligente; al\u00e9m dos 11 meses consecutivos no saldo positivo de empregos.<\/p>\n\n\n\n<figure class=\"wp-block-image size-large\"><img loading=\"lazy\" decoding=\"async\" width=\"1280\" height=\"854\" src=\"https:\/\/jundiai.sp.gov.br\/noticias\/wp-content\/uploads\/sites\/32\/2023\/01\/apresentacao_prefeito_luiz_fernando_clube_da_permuta_pa-26-1280x854.jpg\" alt=\"\" class=\"wp-image-310113\" srcset=\"https:\/\/jundiai.sp.gov.br\/noticias\/wp-content\/uploads\/sites\/32\/2023\/01\/apresentacao_prefeito_luiz_fernando_clube_da_permuta_pa-26-1280x854.jpg 1280w, https:\/\/jundiai.sp.gov.br\/noticias\/wp-content\/uploads\/sites\/32\/2023\/01\/apresentacao_prefeito_luiz_fernando_clube_da_permuta_pa-26-300x200.jpg 300w, https:\/\/jundiai.sp.gov.br\/noticias\/wp-content\/uploads\/sites\/32\/2023\/01\/apresentacao_prefeito_luiz_fernando_clube_da_permuta_pa-26-768x512.jpg 768w, https:\/\/jundiai.sp.gov.br\/noticias\/wp-content\/uploads\/sites\/32\/2023\/01\/apresentacao_prefeito_luiz_fernando_clube_da_permuta_pa-26-1536x1024.jpg 1536w, https:\/\/jundiai.sp.gov.br\/noticias\/wp-content\/uploads\/sites\/32\/2023\/01\/apresentacao_prefeito_luiz_fernando_clube_da_permuta_pa-26-450x300.jpg 450w, https:\/\/jundiai.sp.gov.br\/noticias\/wp-content\/uploads\/sites\/32\/2023\/01\/apresentacao_prefeito_luiz_fernando_clube_da_permuta_pa-26.jpg 1900w\" sizes=\"auto, (max-width: 1280px) 100vw, 1280px\" \/><figcaption class=\"wp-element-caption\">Indicadores econ\u00f4micos, entregas previstas, internacionaliza\u00e7\u00e3o e pol\u00edticas da primeira inf\u00e2ncia estiveram na pauta em encontro<\/figcaption><\/figure>\n\n\n\n<p>\u201cJundia\u00ed \u00e9 uma cidade com grande representatividade no cen\u00e1rio nacional. Buscamos fomentar o desenvolvimento econ\u00f4mico e, ao mesmo tempo, melhorar a qualidade de vida da popula\u00e7\u00e3o. Aqui fornecemos toda a infraestrutura para o setor privado gerar a riqueza que voltar\u00e1 ao cidad\u00e3o por meio do emprego e da renda, al\u00e9m dos servi\u00e7os p\u00fablicos de qualidade\u201d, comentou Luiz Fernando.<\/p>\n\n\n\n<p>Al\u00e9m dos principais indicadores que destacam Jundia\u00ed entre as melhores cidades do pa\u00eds, o chefe do executivo citou algumas das entregas previstas para o ano de 2023, como por exemplo o Pronto Atendimento e Cl\u00ednica da Fam\u00edlia da Ponte S\u00e3o Jo\u00e3o, o Complexo de Seguran\u00e7a e Urg\u00eancia e Emerg\u00eancia e a revitaliza\u00e7\u00e3o do Centro das Artes. Outros temas abordados foram as pol\u00edticas voltadas \u00e0 primeira inf\u00e2ncia, por meio do Programa Cidade das Crian\u00e7as, e a internacionaliza\u00e7\u00e3o de Jundia\u00ed.<\/p>\n\n\n\n<p><strong>Assessoria de Imprensa<br>Foto: Fot\u00f3grafo PMJ<\/strong><\/p>\n","protected":false},"excerpt":{"rendered":"<p>O Prefeito Luiz Fernando Machado participou, nesta segunda-feira (30), de reuni\u00e3o com empres\u00e1rios locais, como oportunidade de apresentar dados econ\u00f4micos de Jundia\u00ed, al\u00e9m de responder d\u00favidas do segmento. A agenda foi realizada a convite do Clube da Permuta, rede de relacionamento que tem atua\u00e7\u00e3o em diferentes cidades do Brasil e conecta empres\u00e1rios. Durante a apresenta\u00e7\u00e3o, [&hellip;]<\/p>\n","protected":false},"author":90,"featured_media":310113,"comment_status":"closed","ping_status":"0","sticky":false,"template":"","format":"standard","meta":{"footnotes":""},"categories":[2],"tags":[1154,3651,1176,3494],"ods":[],"class_list":["post-310112","post","type-post","status-publish","format-standard","has-post-thumbnail","hentry","category-noticias","tag-cidade-das-criancas","tag-jundiai-a-melhor-do-brasil","tag-prefeito-luiz-fernando-machado","tag-setor-produtivo"],"_links":{"self":[{"href":"https:\/\/jundiai.sp.gov.br\/noticias\/wp-json\/wp\/v2\/posts\/310112","targetHints":{"allow":["GET"]}}],"collection":[{"href":"https:\/\/jundiai.sp.gov.br\/noticias\/wp-json\/wp\/v2\/posts"}],"about":[{"href":"https:\/\/jundiai.sp.gov.br\/noticias\/wp-json\/wp\/v2\/types\/post"}],"author":[{"embeddable":true,"href":"https:\/\/jundiai.sp.gov.br\/noticias\/wp-json\/wp\/v2\/users\/90"}],"replies":[{"embeddable":true,"href":"https:\/\/jundiai.sp.gov.br\/noticias\/wp-json\/wp\/v2\/comments?post=310112"}],"version-history":[{"count":2,"href":"https:\/\/jundiai.sp.gov.br\/noticias\/wp-json\/wp\/v2\/posts\/310112\/revisions"}],"predecessor-version":[{"id":310117,"href":"https:\/\/jundiai.sp.gov.br\/noticias\/wp-json\/wp\/v2\/posts\/310112\/revisions\/310117"}],"wp:featuredmedia":[{"embeddable":true,"href":"https:\/\/jundiai.sp.gov.br\/noticias\/wp-json\/wp\/v2\/media\/310113"}],"wp:attachment":[{"href":"https:\/\/jundiai.sp.gov.br\/noticias\/wp-json\/wp\/v2\/media?parent=310112"}],"wp:term":[{"taxonomy":"category","embeddable":true,"href":"https:\/\/jundiai.sp.gov.br\/noticias\/wp-json\/wp\/v2\/categories?post=310112"},{"taxonomy":"post_tag","embeddable":true,"href":"https:\/\/jundiai.sp.gov.br\/noticias\/wp-json\/wp\/v2\/tags?post=310112"},{"taxonomy":"ods","embeddable":true,"href":"https:\/\/jundiai.sp.gov.br\/noticias\/wp-json\/wp\/v2\/ods?post=310112"}],"curies":[{"name":"wp","href":"https:\/\/api.w.org\/{rel}","templated":true}]}}