{"id":310179,"date":"2023-02-01T12:44:28","date_gmt":"2023-02-01T15:44:28","guid":{"rendered":"https:\/\/jundiai.sp.gov.br\/noticias\/?p=310179"},"modified":"2023-02-01T12:44:28","modified_gmt":"2023-02-01T15:44:28","slug":"raiva-visam-identifica-morcego-positivo-no-gramadao","status":"publish","type":"post","link":"https:\/\/jundiai.sp.gov.br\/noticias\/2023\/02\/01\/raiva-visam-identifica-morcego-positivo-no-gramadao\/","title":{"rendered":"Raiva: Visam identifica morcego positivo no Gramad\u00e3o"},"content":{"rendered":"\n<p>O primeiro caso de morcego positivo para raiva em 2023, em Jundia\u00ed, foi identificado pela Vigil\u00e2ncia em Sa\u00fade Ambiental (Visam), no dia 16 de janeiro, no bairro Gramad\u00e3o. Ap\u00f3s a identifica\u00e7\u00e3o, todos os moradores do entorno foram orientados sobre a import\u00e2ncia da vacina\u00e7\u00e3o antirr\u00e1bica dos animais de estima\u00e7\u00e3o e cuidados necess\u00e1rios em caso de nova localiza\u00e7\u00e3o de morcego.<\/p>\n\n\n\n<p>De acordo com o veterin\u00e1rio e gerente da Visam, Luis Gustavo Grijota Nascimento, o morcego \u00e9 um inset\u00edvoro, da esp\u00e9cie<em> Myotis nigricans<\/em>, recolhido de \u00e1rea de lazer de condom\u00ednio residencial localizado no bairro. \u201cOs moradores receberam orienta\u00e7\u00e3o sobre a ocorr\u00eancia, bem como foram feitas as indica\u00e7\u00f5es para que os animais de estima\u00e7\u00e3o sejam vacinados contra a doen\u00e7a. Os morcegos s\u00e3o animais protegidos e essenciais para o equil\u00edbrio ambiental\u201d, comenta o veterin\u00e1rio.<\/p>\n\n\n\n<figure class=\"wp-block-image size-large\"><img loading=\"lazy\" decoding=\"async\" width=\"1280\" height=\"853\" src=\"https:\/\/jundiai.sp.gov.br\/noticias\/wp-content\/uploads\/sites\/32\/2020\/05\/zoonoses_morcego_raiva-185-1280x853.jpg\" alt=\"\" class=\"wp-image-250888\" srcset=\"https:\/\/jundiai.sp.gov.br\/noticias\/wp-content\/uploads\/sites\/32\/2020\/05\/zoonoses_morcego_raiva-185-1280x853.jpg 1280w, https:\/\/jundiai.sp.gov.br\/noticias\/wp-content\/uploads\/sites\/32\/2020\/05\/zoonoses_morcego_raiva-185-300x200.jpg 300w, https:\/\/jundiai.sp.gov.br\/noticias\/wp-content\/uploads\/sites\/32\/2020\/05\/zoonoses_morcego_raiva-185-768x512.jpg 768w, https:\/\/jundiai.sp.gov.br\/noticias\/wp-content\/uploads\/sites\/32\/2020\/05\/zoonoses_morcego_raiva-185-450x300.jpg 450w, https:\/\/jundiai.sp.gov.br\/noticias\/wp-content\/uploads\/sites\/32\/2020\/05\/zoonoses_morcego_raiva-185.jpg 1323w\" sizes=\"auto, (max-width: 1280px) 100vw, 1280px\" \/><figcaption class=\"wp-element-caption\">Morcego inset\u00edvoro foi localizado em \u00e1rea de condom\u00ednios<\/figcaption><\/figure>\n\n\n\n<p><strong>Orienta\u00e7\u00f5es<br><\/strong>No caso de identifica\u00e7\u00e3o de um morcego em situa\u00e7\u00f5es n\u00e3o usuais, como no interior de resid\u00eancias, nos quintais, voando durante o dia, ou ca\u00eddos no ch\u00e3o, a pessoa deve contatar imediatamente a Visam, pelos telefones (11) 4589-6340 e (11) 4589-6350 para recolhimento do animal.<\/p>\n\n\n\n<p>Caso seja poss\u00edvel, a orienta\u00e7\u00e3o \u00e9 isolar o c\u00f4modo em que o animal foi encontrado e\/ou imobiliz\u00e1-lo, colocando sobre ele um anteparo como um balde, pote de sorvete, um pano ou uma caixa at\u00e9 seu recolhimento. Ningu\u00e9m deve manusear os morcegos sem prote\u00e7\u00e3o \u2013 mesmo os encontrados mortos.<br>A vacina antirr\u00e1bica est\u00e1 dispon\u00edvel gratuitamente na Visam, a partir de agendamento telef\u00f4nico. A vacina\u00e7\u00e3o dos c\u00e3es e gatos deve ser feita anualmente.<\/p>\n\n\n\n<p><strong>Assessoria de Imprensa<br>Fotos: Fot\u00f3grafos PMJ<\/strong><\/p>\n","protected":false},"excerpt":{"rendered":"<p>O primeiro caso de morcego positivo para raiva em 2023, em Jundia\u00ed, foi identificado pela Vigil\u00e2ncia em Sa\u00fade Ambiental (Visam), no dia 16 de janeiro, no bairro Gramad\u00e3o. Ap\u00f3s a identifica\u00e7\u00e3o, todos os moradores do entorno foram orientados sobre a import\u00e2ncia da vacina\u00e7\u00e3o antirr\u00e1bica dos animais de estima\u00e7\u00e3o e cuidados necess\u00e1rios em caso de nova [&hellip;]<\/p>\n","protected":false},"author":39,"featured_media":250888,"comment_status":"closed","ping_status":"0","sticky":false,"template":"","format":"standard","meta":{"footnotes":""},"categories":[2],"tags":[981,3253,1532],"ods":[],"class_list":["post-310179","post","type-post","status-publish","format-standard","has-post-thumbnail","hentry","category-noticias","tag-promocao-da-saude","tag-raiva","tag-visam"],"_links":{"self":[{"href":"https:\/\/jundiai.sp.gov.br\/noticias\/wp-json\/wp\/v2\/posts\/310179","targetHints":{"allow":["GET"]}}],"collection":[{"href":"https:\/\/jundiai.sp.gov.br\/noticias\/wp-json\/wp\/v2\/posts"}],"about":[{"href":"https:\/\/jundiai.sp.gov.br\/noticias\/wp-json\/wp\/v2\/types\/post"}],"author":[{"embeddable":true,"href":"https:\/\/jundiai.sp.gov.br\/noticias\/wp-json\/wp\/v2\/users\/39"}],"replies":[{"embeddable":true,"href":"https:\/\/jundiai.sp.gov.br\/noticias\/wp-json\/wp\/v2\/comments?post=310179"}],"version-history":[{"count":6,"href":"https:\/\/jundiai.sp.gov.br\/noticias\/wp-json\/wp\/v2\/posts\/310179\/revisions"}],"predecessor-version":[{"id":310220,"href":"https:\/\/jundiai.sp.gov.br\/noticias\/wp-json\/wp\/v2\/posts\/310179\/revisions\/310220"}],"wp:featuredmedia":[{"embeddable":true,"href":"https:\/\/jundiai.sp.gov.br\/noticias\/wp-json\/wp\/v2\/media\/250888"}],"wp:attachment":[{"href":"https:\/\/jundiai.sp.gov.br\/noticias\/wp-json\/wp\/v2\/media?parent=310179"}],"wp:term":[{"taxonomy":"category","embeddable":true,"href":"https:\/\/jundiai.sp.gov.br\/noticias\/wp-json\/wp\/v2\/categories?post=310179"},{"taxonomy":"post_tag","embeddable":true,"href":"https:\/\/jundiai.sp.gov.br\/noticias\/wp-json\/wp\/v2\/tags?post=310179"},{"taxonomy":"ods","embeddable":true,"href":"https:\/\/jundiai.sp.gov.br\/noticias\/wp-json\/wp\/v2\/ods?post=310179"}],"curies":[{"name":"wp","href":"https:\/\/api.w.org\/{rel}","templated":true}]}}