{"id":310245,"date":"2023-02-02T11:54:00","date_gmt":"2023-02-02T14:54:00","guid":{"rendered":"https:\/\/jundiai.sp.gov.br\/noticias\/?p=310245"},"modified":"2024-08-28T11:19:58","modified_gmt":"2024-08-28T14:19:58","slug":"cortejo-da-uva-esbanja-a-alegria-e-a-tradicao-da-festa-pelas-ruas-do-parque","status":"publish","type":"post","link":"https:\/\/jundiai.sp.gov.br\/noticias\/2023\/02\/02\/cortejo-da-uva-esbanja-a-alegria-e-a-tradicao-da-festa-pelas-ruas-do-parque\/","title":{"rendered":"Cortejo da Uva esbanja a alegria e a tradi\u00e7\u00e3o da Festa pelas ruas do Parque"},"content":{"rendered":"\n<p>Uma das marcas da <a href=\"https:\/\/festadauva.jundiai.sp.gov.br\/\" target=\"_blank\" rel=\"noreferrer noopener\">38\u00aa Festa da Uva e 9\u00aa Expo Vinhos<\/a>, o Cortejo da Uva ajuda a espalhar pelo Parque da Uva a alegria e a ess\u00eancia da festa. Realizado sempre aos s\u00e1bados e domingos a partir das 16h30, o Cortejo tem como ponto de partida o Espa\u00e7o das Crian\u00e7as \u2013 Palco Uva Ribas e, ap\u00f3s percorrer as ruas do Parque, chega ao Palco Externo \u2013 Uva Isabel, por volta das 17h30, para a realiza\u00e7\u00e3o do Brinde ao P\u00f4r do Sol.<\/p>\n\n\n\n<p>\u201cO Cortejo da Uva \u00e9 um dos tra\u00e7os deste formato que privilegia as tradi\u00e7\u00f5es envolvidas com o surgimento da Festa, quando, na d\u00e9cada de 1930, os agricultores da cidade comemoraram o surgimento da Uva Niagara Rosada de Jundiahy por meio de muta\u00e7\u00e3o espont\u00e2nea. Por isso, quem visitar o Parque poder\u00e1 presenciar durante o Cortejo a alegria da Terra da Uva e sentir a receptividade dos jundiaienses\u201d, comentou o gestor de Cultura, Marcelo Peroni.<\/p>\n\n\n\n<p>Quem puxa o Cortejo pelo Parque \u00e9 a Corte da Uva, este ano composta pela Rainha, Lorena Claro; pela primeira princesa, Daniele Daros, e pela segunda princesa, Caroliny Bueno. Na sequ\u00eancia, a alegria \u00e9 garantida pela presen\u00e7a das vinhateiras oficiais da Festa e dos atores e atrizes que comp\u00f5em o receptivo das vilas Italiana e do Vinho.<\/p>\n\n\n\n<p><a href=\"https:\/\/www.flickr.com\/photos\/prefeituradejundiai\/albums\/72177720305275284\" target=\"_blank\" rel=\"noreferrer noopener\">CONFIRA AS FOTOS DA FESTA<\/a> <\/p>\n\n\n\n<figure class=\"wp-block-image size-large\"><img loading=\"lazy\" decoding=\"async\" width=\"1180\" height=\"960\" src=\"https:\/\/jundiai.sp.gov.br\/noticias\/wp-content\/uploads\/sites\/32\/2023\/02\/38_festa_da_uva_pa-299_-1180x960.jpg\" alt=\"\" class=\"wp-image-310247\" srcset=\"https:\/\/jundiai.sp.gov.br\/noticias\/wp-content\/uploads\/sites\/32\/2023\/02\/38_festa_da_uva_pa-299_-1180x960.jpg 1180w, https:\/\/jundiai.sp.gov.br\/noticias\/wp-content\/uploads\/sites\/32\/2023\/02\/38_festa_da_uva_pa-299_-300x244.jpg 300w, https:\/\/jundiai.sp.gov.br\/noticias\/wp-content\/uploads\/sites\/32\/2023\/02\/38_festa_da_uva_pa-299_-768x625.jpg 768w, https:\/\/jundiai.sp.gov.br\/noticias\/wp-content\/uploads\/sites\/32\/2023\/02\/38_festa_da_uva_pa-299_-1536x1250.jpg 1536w, https:\/\/jundiai.sp.gov.br\/noticias\/wp-content\/uploads\/sites\/32\/2023\/02\/38_festa_da_uva_pa-299_.jpg 1900w\" sizes=\"auto, (max-width: 1180px) 100vw, 1180px\" \/><figcaption class=\"wp-element-caption\">Caroliny, Lorena e Daniele: Corte da Uva \u00e9 quem puxa o Cortejo pelas ruas do Parque<\/figcaption><\/figure>\n\n\n\n<p>A intera\u00e7\u00e3o com o p\u00fablico espectador no trajeto tamb\u00e9m fica por conta do Grupo Folkor\u00edstico Stella Bianca e da banda jundiaiense Musical Vivace, que d\u00e3o os ritmos das coreografias para os participantes. O Cortejo tamb\u00e9m \u00e9 acompanhado de um trator da Associa\u00e7\u00e3o Agr\u00edcola, decorado com temas da festa.<\/p>\n\n\n\n<p>J\u00e1 para a chegada do Cortejo para o Brinde ao P\u00f4r do Sol, uma das sugest\u00f5es para o p\u00fablico interessado em brindar \u00e9 adquirir um espumante feito com a Uva Niagara Rosada de Jundiahy, vendido pr\u00f3ximo ao recinto.<\/p>\n\n\n\n<p><strong>Mais Festa da Uva<\/strong><br>A <a href=\"https:\/\/festadauva.jundiai.sp.gov.br\/\" target=\"_blank\" rel=\"noreferrer noopener\">Festa da Uva e Expo Vinhos<\/a> chega ao seu quarto e \u00faltimo fim de semana. Nesta sexta-feira (03), a Festa vai das 18h \u00e0s 22h; no s\u00e1bado (04), das 10h \u00e0s 22h; e no domingo (05), das 10h \u00e0s 21h.<\/p>\n\n\n\n<p>O Parque da Uva fica na avenida Jundia\u00ed, s\/n \u2013 Anhangaba\u00fa. A entrada \u00e9 gratuita e como ingresso solid\u00e1rio a Prefeitura recebe doa\u00e7\u00f5es de alimentos n\u00e3o perec\u00edveis para destina\u00e7\u00e3o ao Fundo Social de Solidariedade (Funss).<\/p>\n\n\n\n<figure class=\"wp-block-image size-large\"><img loading=\"lazy\" decoding=\"async\" width=\"1280\" height=\"854\" src=\"https:\/\/jundiai.sp.gov.br\/noticias\/wp-content\/uploads\/sites\/32\/2023\/02\/38_festa_da_uva_pa-303-1280x854.jpg\" alt=\"\" class=\"wp-image-310250\" srcset=\"https:\/\/jundiai.sp.gov.br\/noticias\/wp-content\/uploads\/sites\/32\/2023\/02\/38_festa_da_uva_pa-303-1280x854.jpg 1280w, https:\/\/jundiai.sp.gov.br\/noticias\/wp-content\/uploads\/sites\/32\/2023\/02\/38_festa_da_uva_pa-303-300x200.jpg 300w, https:\/\/jundiai.sp.gov.br\/noticias\/wp-content\/uploads\/sites\/32\/2023\/02\/38_festa_da_uva_pa-303-768x512.jpg 768w, https:\/\/jundiai.sp.gov.br\/noticias\/wp-content\/uploads\/sites\/32\/2023\/02\/38_festa_da_uva_pa-303-1536x1024.jpg 1536w, https:\/\/jundiai.sp.gov.br\/noticias\/wp-content\/uploads\/sites\/32\/2023\/02\/38_festa_da_uva_pa-303-450x300.jpg 450w, https:\/\/jundiai.sp.gov.br\/noticias\/wp-content\/uploads\/sites\/32\/2023\/02\/38_festa_da_uva_pa-303.jpg 1900w\" sizes=\"auto, (max-width: 1280px) 100vw, 1280px\" \/><figcaption class=\"wp-element-caption\">As vinhateiras oficiais da Festa tamb\u00e9m fazem parte da comemora\u00e7\u00e3o<\/figcaption><\/figure>\n\n\n\n<p><strong>Assessoria de Imprensa<br>Fotos: Fot\u00f3grafos PMJ<\/strong><\/p>\n","protected":false},"excerpt":{"rendered":"<p>Uma das marcas da 38\u00aa Festa da Uva e 9\u00aa Expo Vinhos, o Cortejo da Uva ajuda a espalhar pelo Parque da Uva a alegria e a ess\u00eancia da festa. Realizado sempre aos s\u00e1bados e domingos a partir das 16h30, o Cortejo tem como ponto de partida o Espa\u00e7o das Crian\u00e7as \u2013 Palco Uva Ribas [&hellip;]<\/p>\n","protected":false},"author":14,"featured_media":310247,"comment_status":"closed","ping_status":"0","sticky":false,"template":"","format":"standard","meta":{"footnotes":""},"categories":[2],"tags":[3551,3468,974,445,29,276],"ods":[],"class_list":["post-310245","post","type-post","status-publish","format-standard","has-post-thumbnail","hentry","category-noticias","tag-38a-festa-da-uva-e-9a-expo-vinhos","tag-9a-expo-vinhos","tag-agronegocio-abastecimento-e-turismo","tag-corte-da-uva","tag-cultura","tag-parque-da-uva"],"_links":{"self":[{"href":"https:\/\/jundiai.sp.gov.br\/noticias\/wp-json\/wp\/v2\/posts\/310245","targetHints":{"allow":["GET"]}}],"collection":[{"href":"https:\/\/jundiai.sp.gov.br\/noticias\/wp-json\/wp\/v2\/posts"}],"about":[{"href":"https:\/\/jundiai.sp.gov.br\/noticias\/wp-json\/wp\/v2\/types\/post"}],"author":[{"embeddable":true,"href":"https:\/\/jundiai.sp.gov.br\/noticias\/wp-json\/wp\/v2\/users\/14"}],"replies":[{"embeddable":true,"href":"https:\/\/jundiai.sp.gov.br\/noticias\/wp-json\/wp\/v2\/comments?post=310245"}],"version-history":[{"count":5,"href":"https:\/\/jundiai.sp.gov.br\/noticias\/wp-json\/wp\/v2\/posts\/310245\/revisions"}],"predecessor-version":[{"id":310273,"href":"https:\/\/jundiai.sp.gov.br\/noticias\/wp-json\/wp\/v2\/posts\/310245\/revisions\/310273"}],"wp:featuredmedia":[{"embeddable":true,"href":"https:\/\/jundiai.sp.gov.br\/noticias\/wp-json\/wp\/v2\/media\/310247"}],"wp:attachment":[{"href":"https:\/\/jundiai.sp.gov.br\/noticias\/wp-json\/wp\/v2\/media?parent=310245"}],"wp:term":[{"taxonomy":"category","embeddable":true,"href":"https:\/\/jundiai.sp.gov.br\/noticias\/wp-json\/wp\/v2\/categories?post=310245"},{"taxonomy":"post_tag","embeddable":true,"href":"https:\/\/jundiai.sp.gov.br\/noticias\/wp-json\/wp\/v2\/tags?post=310245"},{"taxonomy":"ods","embeddable":true,"href":"https:\/\/jundiai.sp.gov.br\/noticias\/wp-json\/wp\/v2\/ods?post=310245"}],"curies":[{"name":"wp","href":"https:\/\/api.w.org\/{rel}","templated":true}]}}