{"id":310498,"date":"2023-02-08T14:08:47","date_gmt":"2023-02-08T17:08:47","guid":{"rendered":"https:\/\/jundiai.sp.gov.br\/noticias\/?p=310498"},"modified":"2023-02-08T14:08:47","modified_gmt":"2023-02-08T17:08:47","slug":"monitoramento-de-transito-e-intensificado-para-volta-as-aulas","status":"publish","type":"post","link":"https:\/\/jundiai.sp.gov.br\/noticias\/2023\/02\/08\/monitoramento-de-transito-e-intensificado-para-volta-as-aulas\/","title":{"rendered":"Monitoramento de tr\u00e2nsito \u00e9 intensificado para Volta \u00e0s Aulas"},"content":{"rendered":"\n<p>Com o retorno das aulas, a Unidade de Gest\u00e3o de Mobilidade e Transporte (UGMT) tem intensificado o monitoramento e a orienta\u00e7\u00e3o de tr\u00e2nsito nas vias pr\u00f3ximas \u00e0s escolas, para permitir melhor fluidez e seguran\u00e7a vi\u00e1ria, principalmente durante o per\u00edodo de entrada e sa\u00edda dos estudantes.<\/p>\n\n\n\n<p>Durante a \u2018Opera\u00e7\u00e3o Escola\u2019, os agentes permanecem, geralmente em dupla, em frente \u00e0s escolas, para quando necess\u00e1rio realizarem interfer\u00eancias a fim de preservar vagas priorit\u00e1rias regulamentadas e sinalizadas, dar apoio nas travessias de pedestres, al\u00e9m de orientar pais, m\u00e3es e respons\u00e1veis.<br><br>&#8220;A volta \u00e0s aulas sempre chega com expectativas boas. Jundia\u00ed \u00e9 uma cidade enorme, e a orienta\u00e7\u00e3o de tr\u00e2nsito faz uma grande diferen\u00e7a para a seguran\u00e7a de todos&#8221;, afirma a m\u00e3e de aluno da EMEB Joaquim Candel\u00e1rio de Freitas, Amanda Sepresse Teodoro.<\/p>\n\n\n\n<figure class=\"wp-block-image size-large\"><img loading=\"lazy\" decoding=\"async\" width=\"1280\" height=\"672\" src=\"https:\/\/jundiai.sp.gov.br\/noticias\/wp-content\/uploads\/sites\/32\/2023\/02\/travessia-mae-e-filha-1280x672.jpg\" alt=\"Na foto, a agente de tr\u00e2nsito est\u00e1 com o bra\u00e7o esquerdo esticado para sinalizar para o motorista parar enquanto m\u00e3e e filha atravessam a rua em frente \u00e0 escola.\" class=\"wp-image-310582\" srcset=\"https:\/\/jundiai.sp.gov.br\/noticias\/wp-content\/uploads\/sites\/32\/2023\/02\/travessia-mae-e-filha-1280x672.jpg 1280w, https:\/\/jundiai.sp.gov.br\/noticias\/wp-content\/uploads\/sites\/32\/2023\/02\/travessia-mae-e-filha-300x158.jpg 300w, https:\/\/jundiai.sp.gov.br\/noticias\/wp-content\/uploads\/sites\/32\/2023\/02\/travessia-mae-e-filha-768x403.jpg 768w, https:\/\/jundiai.sp.gov.br\/noticias\/wp-content\/uploads\/sites\/32\/2023\/02\/travessia-mae-e-filha-1536x807.jpg 1536w, https:\/\/jundiai.sp.gov.br\/noticias\/wp-content\/uploads\/sites\/32\/2023\/02\/travessia-mae-e-filha.jpg 1900w\" sizes=\"auto, (max-width: 1280px) 100vw, 1280px\" \/><figcaption class=\"wp-element-caption\">Na &#8216;Opera\u00e7\u00e3o Escola&#8217;, os agentes de tr\u00e2nsito orientam motoristas, m\u00e3es e alunos para travessia segura<\/figcaption><\/figure>\n\n\n\n<p>\u201cOs agentes permanecem em locais estrat\u00e9gicos, principalmente, para evitar estacionamentos irregulares e orientar a travessia dos alunos. No caso das vans escolares, por exemplo, \u00e9 necess\u00e1rio que as vagas estejam sempre livres, porque elas transportam um maior n\u00famero de estudantes, e normalmente atendem mais de uma escola. Outro fator preocupante \u00e9 o desembarque em fila dupla, uma vez que h\u00e1 grande risco com motocicletas e\/ou bicicletas transitando nos corredores\u201d, explica o diretor de Tr\u00e2nsito, Esdras Benedito Cintra Junior.<\/p>\n\n\n\n<p><strong>Transporte P\u00fablico<\/strong><\/p>\n\n\n\n<p>Para atender a demanda de estudantes, algumas linhas de \u00f4nibus do Sistema Integrado de Transporte Urbano (SITU) de Jundia\u00ed tamb\u00e9m passam por adequa\u00e7\u00f5es de hor\u00e1rios.<\/p>\n\n\n\n<p>As linhas universit\u00e1rias, 410 e 420, por exemplo, fazem atendimento direto, entre 18 e 19 horas (para a entrada dos estudantes) e das 21 \u00e0s 22h30 (para a sa\u00edda), passando pelas faculdades e universidades. Al\u00e9m disso, s\u00e3o realizadas altera\u00e7\u00f5es em hor\u00e1rios de linhas que atendem estudantes das escolas estaduais, entre elas a 430, 582 e a 584, que circulam pela regi\u00e3o dos bairros Vila Rami, Comercial, Paiol Velho e Terra Nova, passando pela Escola T\u00e9cnica Vasco Antonio Venchiarutti.<\/p>\n\n\n\n<figure class=\"wp-block-image size-large\"><img loading=\"lazy\" decoding=\"async\" width=\"1280\" height=\"813\" src=\"https:\/\/jundiai.sp.gov.br\/noticias\/wp-content\/uploads\/sites\/32\/2023\/02\/candelario-agentes-1280x813.jpg\" alt=\"Na foto, o agente de tr\u00e2nsito est\u00e1 atento sobre a faixa de pedestres para que pais e alunos possam atravessar com seguran\u00e7a.\" class=\"wp-image-310584\" srcset=\"https:\/\/jundiai.sp.gov.br\/noticias\/wp-content\/uploads\/sites\/32\/2023\/02\/candelario-agentes-1280x813.jpg 1280w, https:\/\/jundiai.sp.gov.br\/noticias\/wp-content\/uploads\/sites\/32\/2023\/02\/candelario-agentes-300x191.jpg 300w, https:\/\/jundiai.sp.gov.br\/noticias\/wp-content\/uploads\/sites\/32\/2023\/02\/candelario-agentes-768x488.jpg 768w, https:\/\/jundiai.sp.gov.br\/noticias\/wp-content\/uploads\/sites\/32\/2023\/02\/candelario-agentes-1536x976.jpg 1536w, https:\/\/jundiai.sp.gov.br\/noticias\/wp-content\/uploads\/sites\/32\/2023\/02\/candelario-agentes.jpg 1900w\" sizes=\"auto, (max-width: 1280px) 100vw, 1280px\" \/><figcaption class=\"wp-element-caption\">Com a volta as aulas, os agentes de tr\u00e2nsito permanecem em frente \u00e0s escolas, no per\u00edodo de entrada e sa\u00edda de alunos<\/figcaption><\/figure>\n\n\n\n<p>As adequa\u00e7\u00f5es ocorrem de acordo com o cronograma das unidades escolares. A rede estadual retornou \u00e0s aulas no dia 3 de fevereiro. J\u00e1 as universidades est\u00e3o voltando gradativamente, por isso, os t\u00e9cnicos de Transporte da UGMT refor\u00e7am o acompanhamento de itiner\u00e1rios e a programa\u00e7\u00e3o hor\u00e1ria.<\/p>\n\n\n\n<p>Mais informa\u00e7\u00f5es sobre linhas e hor\u00e1rios das viagens podem ser consultadas no site do SITU (situ.jundiai.sp.gov.br). Al\u00e9m disso, o usu\u00e1rio pode utilizar o aplicativo Cittamobi, que permite ver a localiza\u00e7\u00e3o do \u00f4nibus em tempo real.<br><br><strong>Assessoria de Imprensa<\/strong><\/p>\n","protected":false},"excerpt":{"rendered":"<p>Com o retorno das aulas, a Unidade de Gest\u00e3o de Mobilidade e Transporte (UGMT) tem intensificado o monitoramento e a orienta\u00e7\u00e3o de tr\u00e2nsito nas vias pr\u00f3ximas \u00e0s escolas, para permitir melhor fluidez e seguran\u00e7a vi\u00e1ria, principalmente durante o per\u00edodo de entrada e sa\u00edda dos estudantes. Durante a \u2018Opera\u00e7\u00e3o Escola\u2019, os agentes permanecem, geralmente em dupla, [&hellip;]<\/p>\n","protected":false},"author":92,"featured_media":310582,"comment_status":"closed","ping_status":"0","sticky":false,"template":"","format":"standard","meta":{"footnotes":""},"categories":[2],"tags":[982,3198,3369,27,1676,1606],"ods":[],"class_list":["post-310498","post","type-post","status-publish","format-standard","has-post-thumbnail","hentry","category-noticias","tag-mobilidade-e-transporte","tag-pedestres","tag-seguranca-viaria","tag-transito","tag-unidade-de-gestao-de-mobilidade-e-transporte","tag-volta-as-aulas"],"_links":{"self":[{"href":"https:\/\/jundiai.sp.gov.br\/noticias\/wp-json\/wp\/v2\/posts\/310498","targetHints":{"allow":["GET"]}}],"collection":[{"href":"https:\/\/jundiai.sp.gov.br\/noticias\/wp-json\/wp\/v2\/posts"}],"about":[{"href":"https:\/\/jundiai.sp.gov.br\/noticias\/wp-json\/wp\/v2\/types\/post"}],"author":[{"embeddable":true,"href":"https:\/\/jundiai.sp.gov.br\/noticias\/wp-json\/wp\/v2\/users\/92"}],"replies":[{"embeddable":true,"href":"https:\/\/jundiai.sp.gov.br\/noticias\/wp-json\/wp\/v2\/comments?post=310498"}],"version-history":[{"count":12,"href":"https:\/\/jundiai.sp.gov.br\/noticias\/wp-json\/wp\/v2\/posts\/310498\/revisions"}],"predecessor-version":[{"id":310612,"href":"https:\/\/jundiai.sp.gov.br\/noticias\/wp-json\/wp\/v2\/posts\/310498\/revisions\/310612"}],"wp:featuredmedia":[{"embeddable":true,"href":"https:\/\/jundiai.sp.gov.br\/noticias\/wp-json\/wp\/v2\/media\/310582"}],"wp:attachment":[{"href":"https:\/\/jundiai.sp.gov.br\/noticias\/wp-json\/wp\/v2\/media?parent=310498"}],"wp:term":[{"taxonomy":"category","embeddable":true,"href":"https:\/\/jundiai.sp.gov.br\/noticias\/wp-json\/wp\/v2\/categories?post=310498"},{"taxonomy":"post_tag","embeddable":true,"href":"https:\/\/jundiai.sp.gov.br\/noticias\/wp-json\/wp\/v2\/tags?post=310498"},{"taxonomy":"ods","embeddable":true,"href":"https:\/\/jundiai.sp.gov.br\/noticias\/wp-json\/wp\/v2\/ods?post=310498"}],"curies":[{"name":"wp","href":"https:\/\/api.w.org\/{rel}","templated":true}]}}