{"id":310524,"date":"2023-02-08T09:55:06","date_gmt":"2023-02-08T12:55:06","guid":{"rendered":"https:\/\/jundiai.sp.gov.br\/noticias\/?p=310524"},"modified":"2023-02-08T09:55:06","modified_gmt":"2023-02-08T12:55:06","slug":"raiva-visam-identifica-caso-de-morcego-positivo-na-regiao-do-terra-nova","status":"publish","type":"post","link":"https:\/\/jundiai.sp.gov.br\/noticias\/2023\/02\/08\/raiva-visam-identifica-caso-de-morcego-positivo-na-regiao-do-terra-nova\/","title":{"rendered":"Raiva: VISAM identifica caso de morcego positivo na regi\u00e3o do Terra Nova"},"content":{"rendered":"\n<p>A Vigil\u00e2ncia em Sa\u00fade Ambiental (VISAM) &#8211; \u00f3rg\u00e3o da Unidade de Gest\u00e3o de Promo\u00e7\u00e3o da Sa\u00fade (UGPS) \u2013 identificou, no bairro Terra Nova, o segundo caso de morcego positivo para raiva. Os respons\u00e1veis pela \u00e1rea foram orientados e os t\u00e9cnicos tamb\u00e9m fizeram a busca de sinais de col\u00f4nia nas proximidades do caso identificado.<br><br>\u201cEsse caso foi focal e realizamos todas as atividades preconizadas, com foco nas orienta\u00e7\u00f5es\u201d, esclarece o coordenador da VISAM, veterin\u00e1rio Luis Gustavo Grijota Nascimento.<br><br>O morcego era da esp\u00e9cie Myotis nigricans, inset\u00edvoro muito comum no Munic\u00edpio. O outro caso, da mesma esp\u00e9cie, foi identificado no dia 16 de janeiro, no bairro Gramad\u00e3o. Em 2022, a cidade contabilizou, ao todo, tr\u00eas casos de raiva em morcegos.<\/p>\n\n\n\n<figure class=\"wp-block-image size-full\"><img loading=\"lazy\" decoding=\"async\" width=\"1280\" height=\"854\" src=\"https:\/\/jundiai.sp.gov.br\/noticias\/wp-content\/uploads\/sites\/32\/2023\/02\/morcego-frugivoro-246-1280x854-1.jpg\" alt=\"\" class=\"wp-image-310526\" srcset=\"https:\/\/jundiai.sp.gov.br\/noticias\/wp-content\/uploads\/sites\/32\/2023\/02\/morcego-frugivoro-246-1280x854-1.jpg 1280w, https:\/\/jundiai.sp.gov.br\/noticias\/wp-content\/uploads\/sites\/32\/2023\/02\/morcego-frugivoro-246-1280x854-1-300x200.jpg 300w, https:\/\/jundiai.sp.gov.br\/noticias\/wp-content\/uploads\/sites\/32\/2023\/02\/morcego-frugivoro-246-1280x854-1-768x512.jpg 768w, https:\/\/jundiai.sp.gov.br\/noticias\/wp-content\/uploads\/sites\/32\/2023\/02\/morcego-frugivoro-246-1280x854-1-450x300.jpg 450w\" sizes=\"auto, (max-width: 1280px) 100vw, 1280px\" \/><figcaption class=\"wp-element-caption\">No caso de identifica\u00e7\u00e3o de um morcego em situa\u00e7\u00f5es n\u00e3o usuais, a VISAM deve ser contatada<\/figcaption><\/figure>\n\n\n\n<p><strong>Orienta\u00e7\u00f5es<\/strong><br>No caso de identifica\u00e7\u00e3o de um morcego em situa\u00e7\u00f5es n\u00e3o usuais, como no interior de resid\u00eancias, nos quintais, voando durante o dia, ou ca\u00eddos no ch\u00e3o, a pessoa deve contatar imediatamente a VISAM, pelos telefones (11) 4589-6340 e (11) 4589-6350 para recolhimento do animal.<\/p>\n\n\n\n<p>Caso seja poss\u00edvel, a orienta\u00e7\u00e3o \u00e9 isolar o c\u00f4modo em que o animal foi encontrado e\/ou imobiliz\u00e1-lo, colocando sobre ele um anteparo como um balde, pote de sorvete, um pano ou uma caixa. Ningu\u00e9m deve manusear os morcegos sem prote\u00e7\u00e3o \u2013 mesmo os encontrados mortos.<br><br>A vacina antirr\u00e1bica est\u00e1 dispon\u00edvel gratuitamente na VISAM, a partir de agendamento telef\u00f4nico. A vacina\u00e7\u00e3o dos c\u00e3es e gatos deve ser feita anualmente.<br><br><strong>Assessoria de Imprensa<\/strong><br><strong>Foto: Arquivo PMJ<\/strong><\/p>\n","protected":false},"excerpt":{"rendered":"<p>A Vigil\u00e2ncia em Sa\u00fade Ambiental (VISAM) &#8211; \u00f3rg\u00e3o da Unidade de Gest\u00e3o de Promo\u00e7\u00e3o da Sa\u00fade (UGPS) \u2013 identificou, no bairro Terra Nova, o segundo caso de morcego positivo para raiva. Os respons\u00e1veis pela \u00e1rea foram orientados e os t\u00e9cnicos tamb\u00e9m fizeram a busca de sinais de col\u00f4nia nas proximidades do caso identificado. \u201cEsse caso [&hellip;]<\/p>\n","protected":false},"author":50,"featured_media":310526,"comment_status":"closed","ping_status":"0","sticky":false,"template":"","format":"standard","meta":{"footnotes":""},"categories":[2],"tags":[3253,1532],"ods":[],"class_list":["post-310524","post","type-post","status-publish","format-standard","has-post-thumbnail","hentry","category-noticias","tag-raiva","tag-visam"],"_links":{"self":[{"href":"https:\/\/jundiai.sp.gov.br\/noticias\/wp-json\/wp\/v2\/posts\/310524","targetHints":{"allow":["GET"]}}],"collection":[{"href":"https:\/\/jundiai.sp.gov.br\/noticias\/wp-json\/wp\/v2\/posts"}],"about":[{"href":"https:\/\/jundiai.sp.gov.br\/noticias\/wp-json\/wp\/v2\/types\/post"}],"author":[{"embeddable":true,"href":"https:\/\/jundiai.sp.gov.br\/noticias\/wp-json\/wp\/v2\/users\/50"}],"replies":[{"embeddable":true,"href":"https:\/\/jundiai.sp.gov.br\/noticias\/wp-json\/wp\/v2\/comments?post=310524"}],"version-history":[{"count":4,"href":"https:\/\/jundiai.sp.gov.br\/noticias\/wp-json\/wp\/v2\/posts\/310524\/revisions"}],"predecessor-version":[{"id":310529,"href":"https:\/\/jundiai.sp.gov.br\/noticias\/wp-json\/wp\/v2\/posts\/310524\/revisions\/310529"}],"wp:featuredmedia":[{"embeddable":true,"href":"https:\/\/jundiai.sp.gov.br\/noticias\/wp-json\/wp\/v2\/media\/310526"}],"wp:attachment":[{"href":"https:\/\/jundiai.sp.gov.br\/noticias\/wp-json\/wp\/v2\/media?parent=310524"}],"wp:term":[{"taxonomy":"category","embeddable":true,"href":"https:\/\/jundiai.sp.gov.br\/noticias\/wp-json\/wp\/v2\/categories?post=310524"},{"taxonomy":"post_tag","embeddable":true,"href":"https:\/\/jundiai.sp.gov.br\/noticias\/wp-json\/wp\/v2\/tags?post=310524"},{"taxonomy":"ods","embeddable":true,"href":"https:\/\/jundiai.sp.gov.br\/noticias\/wp-json\/wp\/v2\/ods?post=310524"}],"curies":[{"name":"wp","href":"https:\/\/api.w.org\/{rel}","templated":true}]}}