{"id":310644,"date":"2023-02-08T17:15:59","date_gmt":"2023-02-08T20:15:59","guid":{"rendered":"https:\/\/jundiai.sp.gov.br\/noticias\/?p=310644"},"modified":"2023-02-08T17:15:59","modified_gmt":"2023-02-08T20:15:59","slug":"rota-afro-e-tema-de-encontro-da-cultura-no-cafe-com-artistas","status":"publish","type":"post","link":"https:\/\/jundiai.sp.gov.br\/noticias\/2023\/02\/08\/rota-afro-e-tema-de-encontro-da-cultura-no-cafe-com-artistas\/","title":{"rendered":"\u2018Rota Afro\u2019 \u00e9 tema de encontro da Cultura no &#8216;Caf\u00e9 com Artistas&#8217;"},"content":{"rendered":"\n<p>A Unidade de Gest\u00e3o de Cultura (UGC) realiza, na pr\u00f3xima ter\u00e7a-feira (14), a partir das 18h, uma edi\u00e7\u00e3o especial do \u201cCaf\u00e9 com Artistas\u201d para apresenta\u00e7\u00e3o da Rota Afro \u2013 Circuito da Mem\u00f3ria da Popula\u00e7\u00e3o Negra em Jundia\u00ed.<\/p>\n\n\n\n<p><a href=\"https:\/\/docs.google.com\/forms\/d\/1vbvq9VhbDgJ4e7o4n9E7KddGYGCGWQX_ZyRljTYSHS0\/edit?edit_requested=true\" target=\"_blank\" rel=\"noreferrer noopener\">LINK PARA INSCRI\u00c7\u00c3O DE ARTISTAS<\/a> <\/p>\n\n\n\n<p>A atividade ser\u00e1 realizada na Sala Jundia\u00ed do Expressa e \u00e9 voltada somente para os artistas do Munic\u00edpio e regi\u00e3o dedicados aos segmentos das Artes C\u00eanicas e Cultura Popular. O objetivo \u00e9 apresentar o projeto de Educa\u00e7\u00e3o Patrimonial aos artistas dedicados a essas linguagens, potencialmente aptos para contrata\u00e7\u00e3o pela UGC e participa\u00e7\u00e3o na iniciativa, a ser realizada pela gest\u00e3o ao longo deste ano, no formato de visita guiada e monitorada a pontos do Munic\u00edpio vinculados \u00e0s hist\u00f3rias da popula\u00e7\u00e3o negra de Jundia\u00ed.<\/p>\n\n\n\n<p>Os interessados em participar devem realizar inscri\u00e7\u00e3o gratuita por meio de formul\u00e1rio on-line, dispon\u00edvel at\u00e9 as 9h do dia em que a reuni\u00e3o ser\u00e1 realizada. Ser\u00e1 tamb\u00e9m enviado para cada um dos inscritos um material de pesquisa e apoio para leitura pr\u00e9via.<\/p>\n\n\n\n<p>O Expressa (antigo Complexo Fepasa) &#8211; avenida Uni\u00e3o dos Ferrovi\u00e1rios, 1760. Mais informa\u00e7\u00f5es pelo telefone (11) 4589-6800.<\/p>\n\n\n\n<figure class=\"wp-block-image size-large\"><img loading=\"lazy\" decoding=\"async\" width=\"1280\" height=\"555\" src=\"https:\/\/jundiai.sp.gov.br\/noticias\/wp-content\/uploads\/sites\/32\/2023\/02\/panorama_cafe_com_artistas_cultura-1280x555.jpg\" alt=\"\" class=\"wp-image-310646\" srcset=\"https:\/\/jundiai.sp.gov.br\/noticias\/wp-content\/uploads\/sites\/32\/2023\/02\/panorama_cafe_com_artistas_cultura-1280x555.jpg 1280w, https:\/\/jundiai.sp.gov.br\/noticias\/wp-content\/uploads\/sites\/32\/2023\/02\/panorama_cafe_com_artistas_cultura-300x130.jpg 300w, https:\/\/jundiai.sp.gov.br\/noticias\/wp-content\/uploads\/sites\/32\/2023\/02\/panorama_cafe_com_artistas_cultura-768x333.jpg 768w, https:\/\/jundiai.sp.gov.br\/noticias\/wp-content\/uploads\/sites\/32\/2023\/02\/panorama_cafe_com_artistas_cultura.jpg 1323w\" sizes=\"auto, (max-width: 1280px) 100vw, 1280px\" \/><figcaption class=\"wp-element-caption\">Esta edi\u00e7\u00e3o do \u201cCaf\u00e9 com Artistas\u201d tamb\u00e9m ser\u00e1 realizada na Sala Jundia\u00ed do Espa\u00e7o Expressa<\/figcaption><\/figure>\n\n\n\n<p><strong>Assessoria de Imprensa<br>Foto: Fot\u00f3grafos PMJ<\/strong><\/p>\n","protected":false},"excerpt":{"rendered":"<p>A Unidade de Gest\u00e3o de Cultura (UGC) realiza, na pr\u00f3xima ter\u00e7a-feira (14), a partir das 18h, uma edi\u00e7\u00e3o especial do \u201cCaf\u00e9 com Artistas\u201d para apresenta\u00e7\u00e3o da Rota Afro \u2013 Circuito da Mem\u00f3ria da Popula\u00e7\u00e3o Negra em Jundia\u00ed. LINK PARA INSCRI\u00c7\u00c3O DE ARTISTAS A atividade ser\u00e1 realizada na Sala Jundia\u00ed do Expressa e \u00e9 voltada somente [&hellip;]<\/p>\n","protected":false},"author":14,"featured_media":310646,"comment_status":"closed","ping_status":"0","sticky":false,"template":"","format":"standard","meta":{"footnotes":""},"categories":[2],"tags":[1420,29,449,800],"ods":[],"class_list":["post-310644","post","type-post","status-publish","format-standard","has-post-thumbnail","hentry","category-noticias","tag-cafe-com-artistas","tag-cultura","tag-espaco-expressa","tag-patrimonio-historico-e-cultural"],"_links":{"self":[{"href":"https:\/\/jundiai.sp.gov.br\/noticias\/wp-json\/wp\/v2\/posts\/310644","targetHints":{"allow":["GET"]}}],"collection":[{"href":"https:\/\/jundiai.sp.gov.br\/noticias\/wp-json\/wp\/v2\/posts"}],"about":[{"href":"https:\/\/jundiai.sp.gov.br\/noticias\/wp-json\/wp\/v2\/types\/post"}],"author":[{"embeddable":true,"href":"https:\/\/jundiai.sp.gov.br\/noticias\/wp-json\/wp\/v2\/users\/14"}],"replies":[{"embeddable":true,"href":"https:\/\/jundiai.sp.gov.br\/noticias\/wp-json\/wp\/v2\/comments?post=310644"}],"version-history":[{"count":4,"href":"https:\/\/jundiai.sp.gov.br\/noticias\/wp-json\/wp\/v2\/posts\/310644\/revisions"}],"predecessor-version":[{"id":310652,"href":"https:\/\/jundiai.sp.gov.br\/noticias\/wp-json\/wp\/v2\/posts\/310644\/revisions\/310652"}],"wp:featuredmedia":[{"embeddable":true,"href":"https:\/\/jundiai.sp.gov.br\/noticias\/wp-json\/wp\/v2\/media\/310646"}],"wp:attachment":[{"href":"https:\/\/jundiai.sp.gov.br\/noticias\/wp-json\/wp\/v2\/media?parent=310644"}],"wp:term":[{"taxonomy":"category","embeddable":true,"href":"https:\/\/jundiai.sp.gov.br\/noticias\/wp-json\/wp\/v2\/categories?post=310644"},{"taxonomy":"post_tag","embeddable":true,"href":"https:\/\/jundiai.sp.gov.br\/noticias\/wp-json\/wp\/v2\/tags?post=310644"},{"taxonomy":"ods","embeddable":true,"href":"https:\/\/jundiai.sp.gov.br\/noticias\/wp-json\/wp\/v2\/ods?post=310644"}],"curies":[{"name":"wp","href":"https:\/\/api.w.org\/{rel}","templated":true}]}}