{"id":310662,"date":"2023-02-09T12:29:49","date_gmt":"2023-02-09T15:29:49","guid":{"rendered":"https:\/\/jundiai.sp.gov.br\/noticias\/?p=310662"},"modified":"2023-10-17T15:56:20","modified_gmt":"2023-10-17T18:56:20","slug":"plano-de-governo-tem-108-iniciativas-em-andamento","status":"publish","type":"post","link":"https:\/\/jundiai.sp.gov.br\/noticias\/2023\/02\/09\/plano-de-governo-tem-108-iniciativas-em-andamento\/","title":{"rendered":"Plano de Governo tem 108 iniciativas em andamento"},"content":{"rendered":"\n<p>O Plano de Governo referente ao quadri\u00eanio 2021-2024 tem, atualmente, 108 das 155 iniciativas propostas em andamento. O montante representa 69,7% de a\u00e7\u00f5es sendo desenvolvidas. Al\u00e9m disso, outras 44 iniciativas \u2013 28,4% do total \u2013 j\u00e1 foram entregues \u00e0 popula\u00e7\u00e3o e tr\u00eas &#8211; 1,9% &#8211; ainda n\u00e3o foram iniciadas. O avan\u00e7o na execu\u00e7\u00e3o das a\u00e7\u00f5es se deve \u00e0s pol\u00edticas de responsabilidade fiscal e organiza\u00e7\u00e3o financeira aplicadas no munic\u00edpio. O Plano de Governo est\u00e1 representado nos programas e a\u00e7\u00f5es estabelecidas no Plano Plurianual (PPA) do munic\u00edpio.<\/p>\n\n\n\n<p>\u201cJundia\u00ed tem uma administra\u00e7\u00e3o moderna, pautada na responsabilidade fiscal e nas entregas dos projetos priorit\u00e1rios para a popula\u00e7\u00e3o. O avan\u00e7o na conclus\u00e3o das iniciativas propostas em nosso Plano de Governo, apenas no segundo ano deste mandato, indica que estamos no caminho certo para tornar a cidade ainda melhor\u201d, comenta o Prefeito Luiz Fernando Machado.<\/p>\n\n\n\n<p>Na Sa\u00fade e Educa\u00e7\u00e3o, duas das principais \u00e1reas de direcionamento de investimentos, mais da metade das iniciativas est\u00e3o em andamento. Destaque para as reformas e revitaliza\u00e7\u00f5es das EMEBs para o conceito de Escola Inovadora, das obras para o Pronto Atendimento e Cl\u00ednica da Fam\u00edlia da Ponte S\u00e3o Jo\u00e3o e o Centro de Especialidades da Vila Progresso. Destaque tamb\u00e9m para os avan\u00e7os nas pol\u00edticas voltadas \u00e0 primeira inf\u00e2ncia, por meio do Programa Cidade das Crian\u00e7as.<\/p>\n\n\n\n<figure class=\"wp-block-image size-large\"><img loading=\"lazy\" decoding=\"async\" width=\"1280\" height=\"854\" src=\"https:\/\/jundiai.sp.gov.br\/noticias\/wp-content\/uploads\/sites\/32\/2023\/02\/desemparedamento_emeb_merino-569-1280x854.jpg\" alt=\"\" class=\"wp-image-310675\" srcset=\"https:\/\/jundiai.sp.gov.br\/noticias\/wp-content\/uploads\/sites\/32\/2023\/02\/desemparedamento_emeb_merino-569-1280x854.jpg 1280w, https:\/\/jundiai.sp.gov.br\/noticias\/wp-content\/uploads\/sites\/32\/2023\/02\/desemparedamento_emeb_merino-569-300x200.jpg 300w, https:\/\/jundiai.sp.gov.br\/noticias\/wp-content\/uploads\/sites\/32\/2023\/02\/desemparedamento_emeb_merino-569-768x512.jpg 768w, https:\/\/jundiai.sp.gov.br\/noticias\/wp-content\/uploads\/sites\/32\/2023\/02\/desemparedamento_emeb_merino-569-1536x1024.jpg 1536w, https:\/\/jundiai.sp.gov.br\/noticias\/wp-content\/uploads\/sites\/32\/2023\/02\/desemparedamento_emeb_merino-569-450x300.jpg 450w, https:\/\/jundiai.sp.gov.br\/noticias\/wp-content\/uploads\/sites\/32\/2023\/02\/desemparedamento_emeb_merino-569.jpg 1900w\" sizes=\"auto, (max-width: 1280px) 100vw, 1280px\" \/><figcaption class=\"wp-element-caption\">Desemparedamento \u00e9 um dos conceitos que receberam investimentos dentro do Programa Escola Inovadora<\/figcaption><\/figure>\n\n\n\n<p>Na \u00e1rea de desenvolvimento sustent\u00e1vel, por exemplo, Jundia\u00ed avan\u00e7a com a amplia\u00e7\u00e3o do Programa Mais Asfalto, o incentivo ao uso de carros el\u00e9tricos ao adquirir cinco ve\u00edculos deste modelo, implanta\u00e7\u00e3o de novos parques urbanos e com o plano de mobilidade, representado pela obra do Complexo Vi\u00e1rio da Regi\u00e3o Sul, na avenida Samuel Martins.<\/p>\n\n\n\n<p>Todas essas informa\u00e7\u00f5es constam na Mensagem \u00e0 C\u00e2mara Municipal, relat\u00f3rio da gest\u00e3o entregue ao poder legislativo na ter\u00e7a-feira (07), data da primeira sess\u00e3o realizada em 2023. Al\u00e9m disso, o documento relata as principais entregas realizadas e as que est\u00e3o em andamento, os investimentos realizados em cada \u00e1rea, al\u00e9m de apresentar os principais indicadores que demonstram o desempenho da administra\u00e7\u00e3o ao longo do mandato.<\/p>\n\n\n\n<figure class=\"wp-block-image size-large\"><img loading=\"lazy\" decoding=\"async\" width=\"1280\" height=\"853\" src=\"https:\/\/jundiai.sp.gov.br\/noticias\/wp-content\/uploads\/sites\/32\/2023\/02\/instalacao_vigas_viaduto_trevo_samuel_martins_pa-43-1280x853.jpg\" alt=\"\" class=\"wp-image-310676\" srcset=\"https:\/\/jundiai.sp.gov.br\/noticias\/wp-content\/uploads\/sites\/32\/2023\/02\/instalacao_vigas_viaduto_trevo_samuel_martins_pa-43-1280x853.jpg 1280w, https:\/\/jundiai.sp.gov.br\/noticias\/wp-content\/uploads\/sites\/32\/2023\/02\/instalacao_vigas_viaduto_trevo_samuel_martins_pa-43-300x200.jpg 300w, https:\/\/jundiai.sp.gov.br\/noticias\/wp-content\/uploads\/sites\/32\/2023\/02\/instalacao_vigas_viaduto_trevo_samuel_martins_pa-43-768x512.jpg 768w, https:\/\/jundiai.sp.gov.br\/noticias\/wp-content\/uploads\/sites\/32\/2023\/02\/instalacao_vigas_viaduto_trevo_samuel_martins_pa-43-1536x1023.jpg 1536w, https:\/\/jundiai.sp.gov.br\/noticias\/wp-content\/uploads\/sites\/32\/2023\/02\/instalacao_vigas_viaduto_trevo_samuel_martins_pa-43-450x300.jpg 450w, https:\/\/jundiai.sp.gov.br\/noticias\/wp-content\/uploads\/sites\/32\/2023\/02\/instalacao_vigas_viaduto_trevo_samuel_martins_pa-43.jpg 1900w\" sizes=\"auto, (max-width: 1280px) 100vw, 1280px\" \/><figcaption class=\"wp-element-caption\">Complexo Vi\u00e1rio Samuel Martins \u00e9 um dos projetos que representam o Plano de Mobilidade Urbana<\/figcaption><\/figure>\n\n\n\n<p>\u201cAplicamos um modelo de governan\u00e7a baseado em plataformas de servi\u00e7os e intersetorialidade de planejamento, que envolve todas as \u00e1reas de governo. Esse m\u00e9todo mostrou-se assertivo, pois potencializa as conex\u00f5es entre as \u00e1reas e acarreta numa r\u00e1pida resolutividade dos problemas. No fim das contas, o que importa \u00e9 que o cidad\u00e3o veja, de forma clara e transparente, que o dinheiro dos impostos est\u00e1 sendo revertido em obras e servi\u00e7os p\u00fablicos de qualidade\u201d, avalia o Gestor de Governo e Finan\u00e7as, Jos\u00e9 Antonio Parimoschi.<\/p>\n\n\n\n<p><strong>Transpar\u00eancia<br><\/strong>Em mais uma iniciativa de colaborar com a transpar\u00eancia da administra\u00e7\u00e3o p\u00fablica, reconhecidamente uma das marcas da Gest\u00e3o, o Plano de Governo e todas as informa\u00e7\u00f5es detalhadas, separadas em \u00e1reas tem\u00e1ticas, com as iniciativas em execu\u00e7\u00e3o, entregues ou n\u00e3o iniciadas, est\u00e1 dispon\u00edvel no site da Prefeitura. Al\u00e9m disso, h\u00e1 uma p\u00e1gina espec\u00edfica do Plano Plurianual (PPA), plano de m\u00e9dio prazo que estabelece as diretrizes, objetivos e metas a serem seguidos pelo governo ao longo de quatro anos, dispon\u00edvel para consulta do cidad\u00e3o.<\/p>\n\n\n\n<p><strong>Assessoria de Imprensa <\/strong><br><strong>Foto: Fot\u00f3grafo PMJ<\/strong><\/p>\n","protected":false},"excerpt":{"rendered":"<p>O Plano de Governo referente ao quadri\u00eanio 2021-2024 tem, atualmente, 108 das 155 iniciativas propostas em andamento. O montante representa 69,7% de a\u00e7\u00f5es sendo desenvolvidas. Al\u00e9m disso, outras 44 iniciativas \u2013 28,4% do total \u2013 j\u00e1 foram entregues \u00e0 popula\u00e7\u00e3o e tr\u00eas &#8211; 1,9% &#8211; ainda n\u00e3o foram iniciadas. O avan\u00e7o na execu\u00e7\u00e3o das a\u00e7\u00f5es [&hellip;]<\/p>\n","protected":false},"author":90,"featured_media":0,"comment_status":"closed","ping_status":"closed","sticky":false,"template":"","format":"standard","meta":{"footnotes":""},"categories":[2],"tags":[983,3651,940,4290],"ods":[],"class_list":["post-310662","post","type-post","status-publish","format-standard","hentry","category-noticias","tag-governo-e-financas","tag-jundiai-a-melhor-do-brasil","tag-plano-de-governo","tag-uggf"],"_links":{"self":[{"href":"https:\/\/jundiai.sp.gov.br\/noticias\/wp-json\/wp\/v2\/posts\/310662","targetHints":{"allow":["GET"]}}],"collection":[{"href":"https:\/\/jundiai.sp.gov.br\/noticias\/wp-json\/wp\/v2\/posts"}],"about":[{"href":"https:\/\/jundiai.sp.gov.br\/noticias\/wp-json\/wp\/v2\/types\/post"}],"author":[{"embeddable":true,"href":"https:\/\/jundiai.sp.gov.br\/noticias\/wp-json\/wp\/v2\/users\/90"}],"replies":[{"embeddable":true,"href":"https:\/\/jundiai.sp.gov.br\/noticias\/wp-json\/wp\/v2\/comments?post=310662"}],"version-history":[{"count":4,"href":"https:\/\/jundiai.sp.gov.br\/noticias\/wp-json\/wp\/v2\/posts\/310662\/revisions"}],"predecessor-version":[{"id":310693,"href":"https:\/\/jundiai.sp.gov.br\/noticias\/wp-json\/wp\/v2\/posts\/310662\/revisions\/310693"}],"wp:attachment":[{"href":"https:\/\/jundiai.sp.gov.br\/noticias\/wp-json\/wp\/v2\/media?parent=310662"}],"wp:term":[{"taxonomy":"category","embeddable":true,"href":"https:\/\/jundiai.sp.gov.br\/noticias\/wp-json\/wp\/v2\/categories?post=310662"},{"taxonomy":"post_tag","embeddable":true,"href":"https:\/\/jundiai.sp.gov.br\/noticias\/wp-json\/wp\/v2\/tags?post=310662"},{"taxonomy":"ods","embeddable":true,"href":"https:\/\/jundiai.sp.gov.br\/noticias\/wp-json\/wp\/v2\/ods?post=310662"}],"curies":[{"name":"wp","href":"https:\/\/api.w.org\/{rel}","templated":true}]}}