{"id":310773,"date":"2023-02-13T08:00:00","date_gmt":"2023-02-13T11:00:00","guid":{"rendered":"https:\/\/jundiai.sp.gov.br\/noticias\/?p=310773"},"modified":"2023-02-10T18:30:52","modified_gmt":"2023-02-10T21:30:52","slug":"revitalizacoes-dos-campos-dos-ceces-leo-nogueira-e-antonio-iacovino-chegam-a-fase-final","status":"publish","type":"post","link":"https:\/\/jundiai.sp.gov.br\/noticias\/2023\/02\/13\/revitalizacoes-dos-campos-dos-ceces-leo-nogueira-e-antonio-iacovino-chegam-a-fase-final\/","title":{"rendered":"Revitaliza\u00e7\u00f5es dos campos dos CECEs Leo Nogueira e Antonio Iacovino chegam \u00e0 fase final"},"content":{"rendered":"\n<p>Ap\u00f3s passarem por uma completa revitaliza\u00e7\u00e3o, que incluiu n\u00e3o s\u00f3 o novo gramado como novos sistemas de irriga\u00e7\u00e3o e drenagem, os campos de futebol dos Centros Esportivos, Culturais e Educacionais Antonio Iacovino, na Vila Nambi, e L\u00e9o Pereira Nogueira, no Medeiros, encontram-se em fase final de prepara\u00e7\u00e3o, e restam apenas alguns detalhes para que possam ser entregues e o seu uso seja liberado \u00e0 popula\u00e7\u00e3o. O investimento total para as duas obras foi de R$ 750 mil.<\/p>\n\n\n\n<p>No Antonio Iacovino, o gramado precisou passar por um tratamento contra fungos, que j\u00e1 foi finalizado sem maiores complica\u00e7\u00f5es. Tamb\u00e9m foram realizadas melhorias nos vesti\u00e1rios, com a troca dos azulejos internos e nova pintura externa, al\u00e9m da pintura dos mour\u00f5es que cercam todo o campo. J\u00e1 a arquibancada ganhou a t\u00e3o esperada cobertura, um pedido antigo dos moradores para assistirem \u00e0s partidas com mais conforto e protegidos do sol. <\/p>\n\n\n\n<figure class=\"wp-block-image size-large\"><img loading=\"lazy\" decoding=\"async\" width=\"1280\" height=\"854\" src=\"https:\/\/jundiai.sp.gov.br\/noticias\/wp-content\/uploads\/sites\/32\/2023\/02\/cece-antonio-lacovino_campo_m_-19-1280x854.jpg\" alt=\"\" class=\"wp-image-310861\" srcset=\"https:\/\/jundiai.sp.gov.br\/noticias\/wp-content\/uploads\/sites\/32\/2023\/02\/cece-antonio-lacovino_campo_m_-19-1280x854.jpg 1280w, https:\/\/jundiai.sp.gov.br\/noticias\/wp-content\/uploads\/sites\/32\/2023\/02\/cece-antonio-lacovino_campo_m_-19-300x200.jpg 300w, https:\/\/jundiai.sp.gov.br\/noticias\/wp-content\/uploads\/sites\/32\/2023\/02\/cece-antonio-lacovino_campo_m_-19-768x512.jpg 768w, https:\/\/jundiai.sp.gov.br\/noticias\/wp-content\/uploads\/sites\/32\/2023\/02\/cece-antonio-lacovino_campo_m_-19-1536x1024.jpg 1536w, https:\/\/jundiai.sp.gov.br\/noticias\/wp-content\/uploads\/sites\/32\/2023\/02\/cece-antonio-lacovino_campo_m_-19-450x300.jpg 450w, https:\/\/jundiai.sp.gov.br\/noticias\/wp-content\/uploads\/sites\/32\/2023\/02\/cece-antonio-lacovino_campo_m_-19.jpg 1900w\" sizes=\"auto, (max-width: 1280px) 100vw, 1280px\" \/><figcaption class=\"wp-element-caption\">CECE Antonio Iacovino ganhou novo gramado e cobertura para a arquibancada<\/figcaption><\/figure>\n\n\n\n<p>J\u00e1 no CECE L\u00e9o Nogueira, a situa\u00e7\u00e3o do gramado est\u00e1 ainda mais avan\u00e7ada, faltando poucos detalhes para a libera\u00e7\u00e3o. A grama recebeu mais um corte esta semana e ser\u00e3o necess\u00e1rias apenas mais algumas semanas para que o campo possa ser usado de maneira segura e sem maiores riscos de danificar o gramado rec\u00e9m colocado. <\/p>\n\n\n\n<p>O sistema de drenagem utilizado em ambos os campos \u00e9 conhecido como \u201despinha de peixe\u2019, por conta da disposi\u00e7\u00e3o dos canos, em que o dreno conduz toda a \u00e1gua dos sub-ramais para um ramal \u00fanico que \u00e9 ligado \u00e0 rede de drenagem. Esse tipo de sistema consegue cobrir toda a \u00e1rea do campo e, al\u00e9m disso, trabalha com menor profundidade de escava\u00e7\u00e3o.<\/p>\n\n\n\n<figure class=\"wp-block-image size-large\"><img loading=\"lazy\" decoding=\"async\" width=\"1280\" height=\"854\" src=\"https:\/\/jundiai.sp.gov.br\/noticias\/wp-content\/uploads\/sites\/32\/2023\/02\/cece-leo-pereira-lemos_campo_m_-9-1280x854.jpg\" alt=\"\" class=\"wp-image-310863\" srcset=\"https:\/\/jundiai.sp.gov.br\/noticias\/wp-content\/uploads\/sites\/32\/2023\/02\/cece-leo-pereira-lemos_campo_m_-9-1280x854.jpg 1280w, https:\/\/jundiai.sp.gov.br\/noticias\/wp-content\/uploads\/sites\/32\/2023\/02\/cece-leo-pereira-lemos_campo_m_-9-300x200.jpg 300w, https:\/\/jundiai.sp.gov.br\/noticias\/wp-content\/uploads\/sites\/32\/2023\/02\/cece-leo-pereira-lemos_campo_m_-9-768x512.jpg 768w, https:\/\/jundiai.sp.gov.br\/noticias\/wp-content\/uploads\/sites\/32\/2023\/02\/cece-leo-pereira-lemos_campo_m_-9-1536x1024.jpg 1536w, https:\/\/jundiai.sp.gov.br\/noticias\/wp-content\/uploads\/sites\/32\/2023\/02\/cece-leo-pereira-lemos_campo_m_-9-450x300.jpg 450w, https:\/\/jundiai.sp.gov.br\/noticias\/wp-content\/uploads\/sites\/32\/2023\/02\/cece-leo-pereira-lemos_campo_m_-9.jpg 1900w\" sizes=\"auto, (max-width: 1280px) 100vw, 1280px\" \/><figcaption class=\"wp-element-caption\">Gramado do CECE L\u00e9o Pereira Nogueira est\u00e1 quase pronto para uso<\/figcaption><\/figure>\n\n\n\n<p><strong>Assessoria de Imprensa<\/strong><\/p>\n","protected":false},"excerpt":{"rendered":"<p>Ap\u00f3s passarem por uma completa revitaliza\u00e7\u00e3o, que incluiu n\u00e3o s\u00f3 o novo gramado como novos sistemas de irriga\u00e7\u00e3o e drenagem, os campos de futebol dos Centros Esportivos, Culturais e Educacionais Antonio Iacovino, na Vila Nambi, e L\u00e9o Pereira Nogueira, no Medeiros, encontram-se em fase final de prepara\u00e7\u00e3o, e restam apenas alguns detalhes para que possam [&hellip;]<\/p>\n","protected":false},"author":79,"featured_media":310861,"comment_status":"closed","ping_status":"0","sticky":false,"template":"","format":"standard","meta":{"footnotes":""},"categories":[2],"tags":[3235,2750,2037,99,1290],"ods":[],"class_list":["post-310773","post","type-post","status-publish","format-standard","has-post-thumbnail","hentry","category-noticias","tag-campo","tag-centros-esportivos","tag-esporte","tag-futebol","tag-unidade-de-gestao-de-esporte-e-lazer-ugel"],"_links":{"self":[{"href":"https:\/\/jundiai.sp.gov.br\/noticias\/wp-json\/wp\/v2\/posts\/310773","targetHints":{"allow":["GET"]}}],"collection":[{"href":"https:\/\/jundiai.sp.gov.br\/noticias\/wp-json\/wp\/v2\/posts"}],"about":[{"href":"https:\/\/jundiai.sp.gov.br\/noticias\/wp-json\/wp\/v2\/types\/post"}],"author":[{"embeddable":true,"href":"https:\/\/jundiai.sp.gov.br\/noticias\/wp-json\/wp\/v2\/users\/79"}],"replies":[{"embeddable":true,"href":"https:\/\/jundiai.sp.gov.br\/noticias\/wp-json\/wp\/v2\/comments?post=310773"}],"version-history":[{"count":12,"href":"https:\/\/jundiai.sp.gov.br\/noticias\/wp-json\/wp\/v2\/posts\/310773\/revisions"}],"predecessor-version":[{"id":310864,"href":"https:\/\/jundiai.sp.gov.br\/noticias\/wp-json\/wp\/v2\/posts\/310773\/revisions\/310864"}],"wp:featuredmedia":[{"embeddable":true,"href":"https:\/\/jundiai.sp.gov.br\/noticias\/wp-json\/wp\/v2\/media\/310861"}],"wp:attachment":[{"href":"https:\/\/jundiai.sp.gov.br\/noticias\/wp-json\/wp\/v2\/media?parent=310773"}],"wp:term":[{"taxonomy":"category","embeddable":true,"href":"https:\/\/jundiai.sp.gov.br\/noticias\/wp-json\/wp\/v2\/categories?post=310773"},{"taxonomy":"post_tag","embeddable":true,"href":"https:\/\/jundiai.sp.gov.br\/noticias\/wp-json\/wp\/v2\/tags?post=310773"},{"taxonomy":"ods","embeddable":true,"href":"https:\/\/jundiai.sp.gov.br\/noticias\/wp-json\/wp\/v2\/ods?post=310773"}],"curies":[{"name":"wp","href":"https:\/\/api.w.org\/{rel}","templated":true}]}}