{"id":311131,"date":"2023-02-15T16:21:59","date_gmt":"2023-02-15T19:21:59","guid":{"rendered":"https:\/\/jundiai.sp.gov.br\/noticias\/?p=311131"},"modified":"2023-02-15T16:21:59","modified_gmt":"2023-02-15T19:21:59","slug":"analistas-federais-do-aeroporto-de-viracopos-visitam-o-canil-da-gmj","status":"publish","type":"post","link":"https:\/\/jundiai.sp.gov.br\/noticias\/2023\/02\/15\/analistas-federais-do-aeroporto-de-viracopos-visitam-o-canil-da-gmj\/","title":{"rendered":"Analistas federais do Aeroporto de Viracopos visitam o Canil da GMJ"},"content":{"rendered":"\n<p>Analistas da Receita Federal que atuam na Se\u00e7\u00e3o de Alf\u00e2ndega do aeroporto de Viracopos em Campinas estiveram visitando nesta ter\u00e7a-feira (14) o Canil da Guarda Municipal de Jundia\u00ed. Os agentes federais que trabalham com c\u00e3es farejadores no aeroporto conheceram a rotina e os c\u00e3es da GM que s\u00e3o destaques no faro de drogas e em pessoas desaparecidas.<\/p>\n\n\n\n<p>\u201cNosso foco \u00e9 a inspe\u00e7\u00e3o de cargas, bagagens e passageiros com c\u00e3es de detec\u00e7\u00e3o. Viemos em busca de compartilhamento de informa\u00e7\u00f5es, saber como \u00e9 o dia a dia. O Canil da GMJ \u00e9 conhecido em todo pa\u00eds pelo \u00f3timo trabalho desenvolvido no combate \u00e0 criminalidade\u201d, disse\u00a0 Cl\u00e9ber Ferreira que ao lado de Fernando Mikio Oshiro, ambos condutores de c\u00e3es farejadores da Receita Federal.<\/p>\n\n\n\n<figure class=\"wp-block-image size-large\"><img loading=\"lazy\" decoding=\"async\" width=\"1280\" height=\"854\" src=\"https:\/\/jundiai.sp.gov.br\/noticias\/wp-content\/uploads\/sites\/32\/2023\/02\/2-1280x854.jpg\" alt=\"\" class=\"wp-image-311133\" srcset=\"https:\/\/jundiai.sp.gov.br\/noticias\/wp-content\/uploads\/sites\/32\/2023\/02\/2-1280x854.jpg 1280w, https:\/\/jundiai.sp.gov.br\/noticias\/wp-content\/uploads\/sites\/32\/2023\/02\/2-300x200.jpg 300w, https:\/\/jundiai.sp.gov.br\/noticias\/wp-content\/uploads\/sites\/32\/2023\/02\/2-768x512.jpg 768w, https:\/\/jundiai.sp.gov.br\/noticias\/wp-content\/uploads\/sites\/32\/2023\/02\/2-1536x1024.jpg 1536w, https:\/\/jundiai.sp.gov.br\/noticias\/wp-content\/uploads\/sites\/32\/2023\/02\/2-450x300.jpg 450w, https:\/\/jundiai.sp.gov.br\/noticias\/wp-content\/uploads\/sites\/32\/2023\/02\/2.jpg 1900w\" sizes=\"auto, (max-width: 1280px) 100vw, 1280px\" \/><figcaption class=\"wp-element-caption\">Equipe da Receita Federal esteve em Jundia\u00ed para conhecer trabalho do Canil da GMJ<\/figcaption><\/figure>\n\n\n\n<p>O Subinspetor Daniel da Silva, chefe do Canil que \u00e9 tamb\u00e9m adestrador na corpora\u00e7\u00e3o, destacou o trabalho da GM no aux\u00edlio \u00e0s for\u00e7as de seguran\u00e7a. \u201cEstamos a todo instante auxiliando as for\u00e7as policiais no combate \u00e0 criminalidade. Recentemente apoiamos a Pol\u00edcia Rodovi\u00e1ria na fiscaliza\u00e7\u00e3o de bagagens dos \u00f4nibus interestaduais na rodovia dos Bandeirantes. H\u00e1 alguns meses participamos de um treinamento no aeroporto de Cumbica com agentes federais. A capacita\u00e7\u00e3o \u00e9 fundamental para o bom atendimento, al\u00e9m da atua\u00e7\u00e3o junto\u00a0aos \u00f3rg\u00e3os de seguran\u00e7a\u201d, afirmou.<\/p>\n\n\n\n<p>A gestora de Seguran\u00e7a Municipal, coronel Carla Basson, agradeceu a presen\u00e7a dos agentes da Receita Federal e ratificou a qualidade e o trabalho em conjunto que a GMJ vem fazendo ao longo dos anos. \u201cA GMJ \u00e9 respeitada n\u00e3o s\u00f3 em Jundia\u00ed, mas em toda regi\u00e3o. \u00c9 um orgulho para n\u00f3s termos profissionais altamente treinados e capacitados para atender as demandas da popula\u00e7\u00e3o e de outros \u00f3rg\u00e3os de seguran\u00e7a\u201d, comentou.<\/p>\n\n\n\n<p>Recepcionaram os visitantes o Inspetor respons\u00e1vel pelo Canil, Erich Godoi, o veterin\u00e1rio, Dr Cl\u00f3vis Sproesser e os adestradores Juliana Martins e J\u00falio Martins.<\/p>\n\n\n\n<figure class=\"wp-block-image size-large\"><img loading=\"lazy\" decoding=\"async\" width=\"1280\" height=\"854\" src=\"https:\/\/jundiai.sp.gov.br\/noticias\/wp-content\/uploads\/sites\/32\/2023\/02\/canil1-1280x854.jpg\" alt=\"\" class=\"wp-image-311134\" srcset=\"https:\/\/jundiai.sp.gov.br\/noticias\/wp-content\/uploads\/sites\/32\/2023\/02\/canil1-1280x854.jpg 1280w, https:\/\/jundiai.sp.gov.br\/noticias\/wp-content\/uploads\/sites\/32\/2023\/02\/canil1-300x200.jpg 300w, https:\/\/jundiai.sp.gov.br\/noticias\/wp-content\/uploads\/sites\/32\/2023\/02\/canil1-768x512.jpg 768w, https:\/\/jundiai.sp.gov.br\/noticias\/wp-content\/uploads\/sites\/32\/2023\/02\/canil1-1536x1024.jpg 1536w, https:\/\/jundiai.sp.gov.br\/noticias\/wp-content\/uploads\/sites\/32\/2023\/02\/canil1-450x300.jpg 450w, https:\/\/jundiai.sp.gov.br\/noticias\/wp-content\/uploads\/sites\/32\/2023\/02\/canil1.jpg 1900w\" sizes=\"auto, (max-width: 1280px) 100vw, 1280px\" \/><\/figure>\n\n\n\n<p><strong>Assessoria de Imprensa<\/strong><\/p>\n","protected":false},"excerpt":{"rendered":"<p>Analistas da Receita Federal que atuam na Se\u00e7\u00e3o de Alf\u00e2ndega do aeroporto de Viracopos em Campinas estiveram visitando nesta ter\u00e7a-feira (14) o Canil da Guarda Municipal de Jundia\u00ed. Os agentes federais que trabalham com c\u00e3es farejadores no aeroporto conheceram a rotina e os c\u00e3es da GM que s\u00e3o destaques no faro de drogas e em [&hellip;]<\/p>\n","protected":false},"author":39,"featured_media":311133,"comment_status":"closed","ping_status":"0","sticky":false,"template":"","format":"standard","meta":{"footnotes":""},"categories":[2],"tags":[2821,31],"ods":[],"class_list":["post-311131","post","type-post","status-publish","format-standard","has-post-thumbnail","hentry","category-noticias","tag-canil-da-guarda-municipal","tag-guarda-municipal"],"_links":{"self":[{"href":"https:\/\/jundiai.sp.gov.br\/noticias\/wp-json\/wp\/v2\/posts\/311131","targetHints":{"allow":["GET"]}}],"collection":[{"href":"https:\/\/jundiai.sp.gov.br\/noticias\/wp-json\/wp\/v2\/posts"}],"about":[{"href":"https:\/\/jundiai.sp.gov.br\/noticias\/wp-json\/wp\/v2\/types\/post"}],"author":[{"embeddable":true,"href":"https:\/\/jundiai.sp.gov.br\/noticias\/wp-json\/wp\/v2\/users\/39"}],"replies":[{"embeddable":true,"href":"https:\/\/jundiai.sp.gov.br\/noticias\/wp-json\/wp\/v2\/comments?post=311131"}],"version-history":[{"count":2,"href":"https:\/\/jundiai.sp.gov.br\/noticias\/wp-json\/wp\/v2\/posts\/311131\/revisions"}],"predecessor-version":[{"id":311135,"href":"https:\/\/jundiai.sp.gov.br\/noticias\/wp-json\/wp\/v2\/posts\/311131\/revisions\/311135"}],"wp:featuredmedia":[{"embeddable":true,"href":"https:\/\/jundiai.sp.gov.br\/noticias\/wp-json\/wp\/v2\/media\/311133"}],"wp:attachment":[{"href":"https:\/\/jundiai.sp.gov.br\/noticias\/wp-json\/wp\/v2\/media?parent=311131"}],"wp:term":[{"taxonomy":"category","embeddable":true,"href":"https:\/\/jundiai.sp.gov.br\/noticias\/wp-json\/wp\/v2\/categories?post=311131"},{"taxonomy":"post_tag","embeddable":true,"href":"https:\/\/jundiai.sp.gov.br\/noticias\/wp-json\/wp\/v2\/tags?post=311131"},{"taxonomy":"ods","embeddable":true,"href":"https:\/\/jundiai.sp.gov.br\/noticias\/wp-json\/wp\/v2\/ods?post=311131"}],"curies":[{"name":"wp","href":"https:\/\/api.w.org\/{rel}","templated":true}]}}