{"id":311158,"date":"2023-02-16T17:36:16","date_gmt":"2023-02-16T20:36:16","guid":{"rendered":"https:\/\/jundiai.sp.gov.br\/noticias\/?p=311158"},"modified":"2023-02-16T17:36:16","modified_gmt":"2023-02-16T20:36:16","slug":"formacao-de-jovens-e-novas-tecnologias-e-tema-de-cafe-com-o-setor-produtivo","status":"publish","type":"post","link":"https:\/\/jundiai.sp.gov.br\/noticias\/2023\/02\/16\/formacao-de-jovens-e-novas-tecnologias-e-tema-de-cafe-com-o-setor-produtivo\/","title":{"rendered":"Forma\u00e7\u00e3o de jovens e novas tecnologias \u00e9 tema de Caf\u00e9 com o setor produtivo"},"content":{"rendered":"\n<p>Dar aos jovens a oportunidade da forma\u00e7\u00e3o profissional e apresent\u00e1-los \u00e0s novas tecnologias foram alguns dos temas tratados na reuni\u00e3o desta quinta-feira (16), entre o prefeito Luiz Fernando Machado e representantes da Premier Tech, multinacional instalada em Jundia\u00ed que figura entre as maiores fabricantes de equipamentos de embalagem do mundo, durante o tradicional Caf\u00e9 com o setor produtivo.<\/p>\n\n\n\n<p>\u201cUma cidade que tem emprego \u00e9 uma cidade boa. Por isso promovemos este encontro semanal, para termos a percep\u00e7\u00e3o das necessidades do mercado, o est\u00e1gio que a empresa est\u00e1, a cadeia produtiva e o que o poder p\u00fablico pode auxiliar neste desenvolvimento\u201d, explicou Luiz Fernando.<\/p>\n\n\n\n<figure class=\"wp-block-image size-large\"><img loading=\"lazy\" decoding=\"async\" width=\"1280\" height=\"854\" src=\"https:\/\/jundiai.sp.gov.br\/noticias\/wp-content\/uploads\/sites\/32\/2023\/02\/cafe-com-prefeito-luiz-fernando-machado-recebe-empresa-premier-tech_fm_-25-1280x854.jpg\" alt=\"IMAGEM COLORIDA MOSTRA O GABINETE DO PREFEITO LUIZ FERNANDO MACHADO, QUE EST\u00c1 SENTADO AO FUNDO, NA MESA. DO LADO ESQUERDO DA FOTO EST\u00c1 JOS\u00c9 ANTONIO PARIMOSCHI, GESTOR DE GOVERNO E FINAN\u00c7AS, DE BLAZER AZUL. AO REDOR EST\u00c3O GESTORES E DIRETORES DA PREFEITURA. NAS DUAS POLTRONAS \u00c0 ESQUERDA EST\u00c3O OS REPRESENTANTES DA PREMIER TECH.\" class=\"wp-image-311201\" srcset=\"https:\/\/jundiai.sp.gov.br\/noticias\/wp-content\/uploads\/sites\/32\/2023\/02\/cafe-com-prefeito-luiz-fernando-machado-recebe-empresa-premier-tech_fm_-25-1280x854.jpg 1280w, https:\/\/jundiai.sp.gov.br\/noticias\/wp-content\/uploads\/sites\/32\/2023\/02\/cafe-com-prefeito-luiz-fernando-machado-recebe-empresa-premier-tech_fm_-25-300x200.jpg 300w, https:\/\/jundiai.sp.gov.br\/noticias\/wp-content\/uploads\/sites\/32\/2023\/02\/cafe-com-prefeito-luiz-fernando-machado-recebe-empresa-premier-tech_fm_-25-768x512.jpg 768w, https:\/\/jundiai.sp.gov.br\/noticias\/wp-content\/uploads\/sites\/32\/2023\/02\/cafe-com-prefeito-luiz-fernando-machado-recebe-empresa-premier-tech_fm_-25-1536x1024.jpg 1536w, https:\/\/jundiai.sp.gov.br\/noticias\/wp-content\/uploads\/sites\/32\/2023\/02\/cafe-com-prefeito-luiz-fernando-machado-recebe-empresa-premier-tech_fm_-25-450x300.jpg 450w, https:\/\/jundiai.sp.gov.br\/noticias\/wp-content\/uploads\/sites\/32\/2023\/02\/cafe-com-prefeito-luiz-fernando-machado-recebe-empresa-premier-tech_fm_-25.jpg 1900w\" sizes=\"auto, (max-width: 1280px) 100vw, 1280px\" \/><figcaption class=\"wp-element-caption\">Prefeito Luiz Fernando Machado e gestores com representantes da multinacional, durante reuni\u00e3o: setor produtivo em destaque<\/figcaption><\/figure>\n\n\n\n<p>No caso espec\u00edfico da Premier Tech, a expertise em automatiza\u00e7\u00e3o e tecnologia rob\u00f3tica despertou o interesse em futuras parcerias com a Prefeitura para projetos e a\u00e7\u00f5es voltadas \u00e0 forma\u00e7\u00e3o profissional. \u201cTemos em Jundia\u00ed equipes de estudantes de rob\u00f3tica com destaque nacional e internacional. Unir esses talentos \u00e0s demandas que o setor produtivo t\u00eam \u00e9 um dos caminhos que podemos discutir para encurtar a dist\u00e2ncia entre o jovem e o primeiro emprego\u201d, completou o prefeito.<\/p>\n\n\n\n<p><strong>Feira de Profiss\u00f5es<\/strong><\/p>\n\n\n\n<p>Juliano Ferreira Borba \u00e9 gerente de opera\u00e7\u00f5es da unidade em Jundia\u00ed &#8211; primeira da multinacional no Brasil &#8211; e j\u00e1 colocou a planta \u00e0 disposi\u00e7\u00e3o para visitas de alunos da Fatec Deputado Ary Fossen e tamb\u00e9m das Etecs. \u201cEste ano devemos entregar a primeira m\u00e1quina produzida 100% no Brasil, trazendo a tecnologia do Canad\u00e1 para c\u00e1. Para n\u00f3s \u00e9 um orgulho poder participar de iniciativas assim\u201d.<\/p>\n\n\n\n<p>O gestor de Governo e Finan\u00e7as, Jos\u00e9 Antonio Parimoschi, lembrou que o munic\u00edpio ter\u00e1 uma Feira de Profiss\u00f5es em setembro, no Parque Comendador Ant\u00f4nio Carbonari, para incentivar e auxiliar os jovens na escolha da carreira. \u201cAs parcerias para empregabilidade e forma\u00e7\u00e3o profissional s\u00e3o realidade no governo municipal e o programa Jundia\u00ed Empreendedora \u00e9 prova disso. Temos de qualificar e preparar essa m\u00e3o de obra para as novas tecnologias e a feira vem no sentido de colaborar com essas escolhas\u201d.<\/p>\n\n\n\n<p>O gerente de Supply Chain da Premier Tech, Leandro Fornaro, tamb\u00e9m participou do encontro. Da Prefeitura, estiveram os gestores de Desenvolvimento Econ\u00f4mico, Ci\u00eancia e Tecnologia, Cristiano Lopes, e da Casa Civil, Gustavo Maryssael, al\u00e9m dos diretores Gilson Pichioli (Fomento \u00e0 Ind\u00fastria) e Daniele Ruiz (Unidade de Parcerias Estrat\u00e9gicas).<\/p>\n\n\n\n<p><\/p>\n\n\n\n<p><strong>Assessoria de Imprensa<br>Foto: Fot\u00f3grafos PMJ<\/strong><\/p>\n","protected":false},"excerpt":{"rendered":"<p>Dar aos jovens a oportunidade da forma\u00e7\u00e3o profissional e apresent\u00e1-los \u00e0s novas tecnologias foram alguns dos temas tratados na reuni\u00e3o desta quinta-feira (16), entre o prefeito Luiz Fernando Machado e representantes da Premier Tech, multinacional instalada em Jundia\u00ed que figura entre as maiores fabricantes de equipamentos de embalagem do mundo, durante o tradicional Caf\u00e9 com [&hellip;]<\/p>\n","protected":false},"author":97,"featured_media":311201,"comment_status":"closed","ping_status":"0","sticky":false,"template":"","format":"standard","meta":{"footnotes":""},"categories":[2],"tags":[3756,1527,1176],"ods":[],"class_list":["post-311158","post","type-post","status-publish","format-standard","has-post-thumbnail","hentry","category-noticias","tag-cafe-com-setor-produtivo","tag-jundiai-empreendedora","tag-prefeito-luiz-fernando-machado"],"_links":{"self":[{"href":"https:\/\/jundiai.sp.gov.br\/noticias\/wp-json\/wp\/v2\/posts\/311158","targetHints":{"allow":["GET"]}}],"collection":[{"href":"https:\/\/jundiai.sp.gov.br\/noticias\/wp-json\/wp\/v2\/posts"}],"about":[{"href":"https:\/\/jundiai.sp.gov.br\/noticias\/wp-json\/wp\/v2\/types\/post"}],"author":[{"embeddable":true,"href":"https:\/\/jundiai.sp.gov.br\/noticias\/wp-json\/wp\/v2\/users\/97"}],"replies":[{"embeddable":true,"href":"https:\/\/jundiai.sp.gov.br\/noticias\/wp-json\/wp\/v2\/comments?post=311158"}],"version-history":[{"count":5,"href":"https:\/\/jundiai.sp.gov.br\/noticias\/wp-json\/wp\/v2\/posts\/311158\/revisions"}],"predecessor-version":[{"id":311209,"href":"https:\/\/jundiai.sp.gov.br\/noticias\/wp-json\/wp\/v2\/posts\/311158\/revisions\/311209"}],"wp:featuredmedia":[{"embeddable":true,"href":"https:\/\/jundiai.sp.gov.br\/noticias\/wp-json\/wp\/v2\/media\/311201"}],"wp:attachment":[{"href":"https:\/\/jundiai.sp.gov.br\/noticias\/wp-json\/wp\/v2\/media?parent=311158"}],"wp:term":[{"taxonomy":"category","embeddable":true,"href":"https:\/\/jundiai.sp.gov.br\/noticias\/wp-json\/wp\/v2\/categories?post=311158"},{"taxonomy":"post_tag","embeddable":true,"href":"https:\/\/jundiai.sp.gov.br\/noticias\/wp-json\/wp\/v2\/tags?post=311158"},{"taxonomy":"ods","embeddable":true,"href":"https:\/\/jundiai.sp.gov.br\/noticias\/wp-json\/wp\/v2\/ods?post=311158"}],"curies":[{"name":"wp","href":"https:\/\/api.w.org\/{rel}","templated":true}]}}