{"id":311267,"date":"2023-02-17T12:07:41","date_gmt":"2023-02-17T15:07:41","guid":{"rendered":"https:\/\/jundiai.sp.gov.br\/noticias\/?p=311267"},"modified":"2023-02-17T13:46:43","modified_gmt":"2023-02-17T16:46:43","slug":"parque-da-cidade-e-mundo-das-criancas-sao-opcoes-para-curtir-o-carnaval-com-tranquilidade","status":"publish","type":"post","link":"https:\/\/jundiai.sp.gov.br\/noticias\/2023\/02\/17\/parque-da-cidade-e-mundo-das-criancas-sao-opcoes-para-curtir-o-carnaval-com-tranquilidade\/","title":{"rendered":"Jundia\u00ed tem op\u00e7\u00f5es para curtir o Carnaval com tranquilidade"},"content":{"rendered":"\n<p>Neste feriado prolongado, o complexo de parques administrados pela DAE Jundia\u00ed \u00e9 uma op\u00e7\u00e3o de lazer e divers\u00e3o para quem n\u00e3o vai aproveitar o Carnaval nos blocos e desfiles de rua. O Parque da Cidade e o Mundo das Crian\u00e7as estar\u00e3o abertos todos os dias &#8211; o parque, com entrada livre, j\u00e1 para o Mundo \u00e9 necess\u00e1rio agendamento pr\u00e9vio pelo site&nbsp;<a href=\"https:\/\/mundodascriancasjundiai.com.br\/\" target=\"_blank\" rel=\"noreferrer noopener\">https:\/\/mundodascriancasjundiai.com.br\/<\/a>.<\/p>\n\n\n\n<p>\u201cVi o Mundo das Crian\u00e7as nas redes sociais e decidi conhecer. Adoramos, \u00e9 um lugar bem grande e muito tranquilo para passar o dia\u201d, conta Gisele Marcioli. Moradora em S\u00e3o Paulo, ela aproveitou a primeira visita ao Mundo para trazer a amiga Aline Souza e sua fam\u00edlia, que mora na Inglaterra.<\/p>\n\n\n\n<p>\u201cO parque \u00e9 maravilhoso, ficar\u00edamos aqui o dia todo\u201d, conta Aline. M\u00e3e da Lara e da Nina, Aline escolheu o per\u00edodo de carnaval para tirar f\u00e9rias no Brasil e o Mundo das Crian\u00e7as foi parada indispens\u00e1vel no roteiro.<\/p>\n\n\n\n<p><\/p>\n\n\n\n<figure class=\"wp-block-image size-large\"><a href=\"https:\/\/jundiai.sp.gov.br\/noticias\/wp-content\/uploads\/sites\/32\/2023\/02\/4g9a0030.jpg\"><img loading=\"lazy\" decoding=\"async\" width=\"1280\" height=\"854\" src=\"https:\/\/jundiai.sp.gov.br\/noticias\/wp-content\/uploads\/sites\/32\/2023\/02\/4g9a0030-1280x854.jpg\" alt=\"\" class=\"wp-image-311269\" srcset=\"https:\/\/jundiai.sp.gov.br\/noticias\/wp-content\/uploads\/sites\/32\/2023\/02\/4g9a0030-1280x854.jpg 1280w, https:\/\/jundiai.sp.gov.br\/noticias\/wp-content\/uploads\/sites\/32\/2023\/02\/4g9a0030-300x200.jpg 300w, https:\/\/jundiai.sp.gov.br\/noticias\/wp-content\/uploads\/sites\/32\/2023\/02\/4g9a0030-768x512.jpg 768w, https:\/\/jundiai.sp.gov.br\/noticias\/wp-content\/uploads\/sites\/32\/2023\/02\/4g9a0030-1536x1024.jpg 1536w, https:\/\/jundiai.sp.gov.br\/noticias\/wp-content\/uploads\/sites\/32\/2023\/02\/4g9a0030-450x300.jpg 450w, https:\/\/jundiai.sp.gov.br\/noticias\/wp-content\/uploads\/sites\/32\/2023\/02\/4g9a0030.jpg 1900w\" sizes=\"auto, (max-width: 1280px) 100vw, 1280px\" \/><\/a><figcaption class=\"wp-element-caption\">\u201cO parque \u00e9 maravilhoso, ficar\u00edamos aqui o dia todo\u201d, conta Aline Souza.<\/figcaption><\/figure>\n\n\n\n<p><\/p>\n\n\n\n<p><strong>Atra\u00e7\u00f5es<\/strong><\/p>\n\n\n\n<p>No Mundo das Crian\u00e7as, a divers\u00e3o fica por conta das diversas atra\u00e7\u00f5es do parque, seja nas quadras esportivas, fontes interativas, paredes de escalada ou foguete. No Parque da Cidade, al\u00e9m do Jardim Japon\u00eas, ciclovia, academias e playground adaptados para pessoas com defici\u00eancia e das quadras esportivas, o aluguel de bicicletas do Peama (Programa de Esportes e Atividades Motoras Adaptadas) vai funcionar todos os dias. O custo do aluguel \u00e9 de R$ 10 para bicicletas comuns e R$ 20 para as bicicletas duplas. O servi\u00e7o estar\u00e1 dispon\u00edvel das 9 \u00e0s 16 horas.<\/p>\n\n\n\n<p>De s\u00e1bado a ter\u00e7a, o Parque da Cidade vai abrir das 6h30 \u00e0s 18 horas, com entrada permitida at\u00e9 as 17 horas. No Mundo das Crian\u00e7as o funcionamento ser\u00e1 das 7 \u00e0s 17 horas, com entrada at\u00e9 \u00e0s 16 horas.&nbsp;<\/p>\n\n\n\n<p><\/p>\n\n\n\n<p><strong>Assessoria de Comunica\u00e7\u00e3o \u2013 DAE Jundia\u00ed<\/strong><\/p>\n\n\n\n<p><strong>Fotos: DAE Jundia\u00ed<\/strong><\/p>\n","protected":false},"excerpt":{"rendered":"<p>Neste feriado prolongado, o complexo de parques administrados pela DAE Jundia\u00ed \u00e9 uma op\u00e7\u00e3o de lazer e divers\u00e3o para quem n\u00e3o vai aproveitar o Carnaval nos blocos e desfiles de rua. O Parque da Cidade e o Mundo das Crian\u00e7as estar\u00e3o abertos todos os dias &#8211; o parque, com entrada livre, j\u00e1 para o Mundo [&hellip;]<\/p>\n","protected":false},"author":89,"featured_media":311269,"comment_status":"closed","ping_status":"0","sticky":false,"template":"","format":"standard","meta":{"footnotes":""},"categories":[2],"tags":[13,1940,1436,47],"ods":[],"class_list":["post-311267","post","type-post","status-publish","format-standard","has-post-thumbnail","hentry","category-noticias","tag-carnaval","tag-dae-jundiai","tag-mundo-das-criancas","tag-parque-da-cidade"],"_links":{"self":[{"href":"https:\/\/jundiai.sp.gov.br\/noticias\/wp-json\/wp\/v2\/posts\/311267","targetHints":{"allow":["GET"]}}],"collection":[{"href":"https:\/\/jundiai.sp.gov.br\/noticias\/wp-json\/wp\/v2\/posts"}],"about":[{"href":"https:\/\/jundiai.sp.gov.br\/noticias\/wp-json\/wp\/v2\/types\/post"}],"author":[{"embeddable":true,"href":"https:\/\/jundiai.sp.gov.br\/noticias\/wp-json\/wp\/v2\/users\/89"}],"replies":[{"embeddable":true,"href":"https:\/\/jundiai.sp.gov.br\/noticias\/wp-json\/wp\/v2\/comments?post=311267"}],"version-history":[{"count":3,"href":"https:\/\/jundiai.sp.gov.br\/noticias\/wp-json\/wp\/v2\/posts\/311267\/revisions"}],"predecessor-version":[{"id":311311,"href":"https:\/\/jundiai.sp.gov.br\/noticias\/wp-json\/wp\/v2\/posts\/311267\/revisions\/311311"}],"wp:featuredmedia":[{"embeddable":true,"href":"https:\/\/jundiai.sp.gov.br\/noticias\/wp-json\/wp\/v2\/media\/311269"}],"wp:attachment":[{"href":"https:\/\/jundiai.sp.gov.br\/noticias\/wp-json\/wp\/v2\/media?parent=311267"}],"wp:term":[{"taxonomy":"category","embeddable":true,"href":"https:\/\/jundiai.sp.gov.br\/noticias\/wp-json\/wp\/v2\/categories?post=311267"},{"taxonomy":"post_tag","embeddable":true,"href":"https:\/\/jundiai.sp.gov.br\/noticias\/wp-json\/wp\/v2\/tags?post=311267"},{"taxonomy":"ods","embeddable":true,"href":"https:\/\/jundiai.sp.gov.br\/noticias\/wp-json\/wp\/v2\/ods?post=311267"}],"curies":[{"name":"wp","href":"https:\/\/api.w.org\/{rel}","templated":true}]}}