{"id":311574,"date":"2023-02-28T08:22:00","date_gmt":"2023-02-28T11:22:00","guid":{"rendered":"https:\/\/jundiai.sp.gov.br\/noticias\/?p=311574"},"modified":"2023-02-27T14:42:17","modified_gmt":"2023-02-27T17:42:17","slug":"pait-abre-novas-turmas-em-marco","status":"publish","type":"post","link":"https:\/\/jundiai.sp.gov.br\/noticias\/2023\/02\/28\/pait-abre-novas-turmas-em-marco\/","title":{"rendered":"PAIT abre novas turmas em mar\u00e7o"},"content":{"rendered":"\n<p>O Programa de Assist\u00eancia Intensiva ao Tabagista (PAIT), da Unidade de Gest\u00e3o de Promo\u00e7\u00e3o da Sa\u00fade (UGPS), abre em mar\u00e7o novas turmas. Ao longo de oito semanas, os participantes receber\u00e3o acompanhamento completo e gratuito com a\u00e7\u00f5es coletivas e individualizadas, al\u00e9m da dispensa\u00e7\u00e3o de medicamentos para os casos necess\u00e1rios.<\/p>\n\n\n\n<p>No dia 2, nova turma come\u00e7a na UBS Eloy Chaves (avenida Carlos Veiga, 180), com encontros das 14h \u00e0s 16h. Dia 3, ser\u00e1 no Grupo Sol da Cidadania (Alameda das Palmeiras, 120, na Vila Alvorada), das 14h \u00e0s 16h. Dia 6, no Complexo Argos (avenida Dr. Cavalcanti, 396, Centro), das 18h \u00e0s 20h. J\u00e1 nos dias 7 e 8, iniciam novos grupos no N\u00facleo Integrado de Sa\u00fade &#8211; NIS (avenida Carlos Salles Block, 74 \u2013 4\u00ba andar), com encontros das 9h30 \u00e0s 11h30 e das 14h \u00e0s 16h, respectivamente.<\/p>\n\n\n\n<figure class=\"wp-block-image size-full\"><img loading=\"lazy\" decoding=\"async\" width=\"1280\" height=\"853\" src=\"https:\/\/jundiai.sp.gov.br\/noticias\/wp-content\/uploads\/sites\/32\/2023\/02\/grupo_pait-12.jpg\" alt=\"\" class=\"wp-image-311576\" srcset=\"https:\/\/jundiai.sp.gov.br\/noticias\/wp-content\/uploads\/sites\/32\/2023\/02\/grupo_pait-12.jpg 1280w, https:\/\/jundiai.sp.gov.br\/noticias\/wp-content\/uploads\/sites\/32\/2023\/02\/grupo_pait-12-300x200.jpg 300w, https:\/\/jundiai.sp.gov.br\/noticias\/wp-content\/uploads\/sites\/32\/2023\/02\/grupo_pait-12-768x512.jpg 768w, https:\/\/jundiai.sp.gov.br\/noticias\/wp-content\/uploads\/sites\/32\/2023\/02\/grupo_pait-12-450x300.jpg 450w\" sizes=\"auto, (max-width: 1280px) 100vw, 1280px\" \/><figcaption class=\"wp-element-caption\">Os encontros s\u00e3o coletivos e individuais. Programa conta com grupo permanente no NIS<\/figcaption><\/figure>\n\n\n\n<p>\u201cNovamente, fazemos o convite ao fumante para n\u00e3o deixar para depois. O tabagismo, infelizmente, \u00e9 a principal causa de morte evit\u00e1vel do mundo. A partir dos grupos, o PAIT oferta a oportunidade de as pessoas reencontrarem sua qualidade de vida, sua sa\u00fade e se libertarem da depend\u00eancia do cigarro\u201d, enfatiza o m\u00e9dico coordenador do programa, Carlos Costa.<\/p>\n\n\n\n<p>Para participar, basta levar o cart\u00e3o de cadastro da Unidade B\u00e1sica de Sa\u00fade (UBS) e o CPF.<br><br>O PAIT existe desde 2007 e j\u00e1 auxiliou mais 8 mil pessoas, sendo reconhecido como modelo de controle \u00e0 doen\u00e7a. O programa tamb\u00e9m conta com grupos permanentes no NIS e no Complexo Argos.<\/p>\n\n\n\n<p><strong>Assessoria de Imprensa<br>Foto: Fot\u00f3grafos PMJ <\/strong><\/p>\n","protected":false},"excerpt":{"rendered":"<p>O Programa de Assist\u00eancia Intensiva ao Tabagista (PAIT), da Unidade de Gest\u00e3o de Promo\u00e7\u00e3o da Sa\u00fade (UGPS), abre em mar\u00e7o novas turmas. Ao longo de oito semanas, os participantes receber\u00e3o acompanhamento completo e gratuito com a\u00e7\u00f5es coletivas e individualizadas, al\u00e9m da dispensa\u00e7\u00e3o de medicamentos para os casos necess\u00e1rios. No dia 2, nova turma come\u00e7a na [&hellip;]<\/p>\n","protected":false},"author":50,"featured_media":311577,"comment_status":"closed","ping_status":"0","sticky":false,"template":"","format":"standard","meta":{"footnotes":""},"categories":[2],"tags":[1178,981],"ods":[],"class_list":["post-311574","post","type-post","status-publish","format-standard","has-post-thumbnail","hentry","category-noticias","tag-pait","tag-promocao-da-saude"],"_links":{"self":[{"href":"https:\/\/jundiai.sp.gov.br\/noticias\/wp-json\/wp\/v2\/posts\/311574","targetHints":{"allow":["GET"]}}],"collection":[{"href":"https:\/\/jundiai.sp.gov.br\/noticias\/wp-json\/wp\/v2\/posts"}],"about":[{"href":"https:\/\/jundiai.sp.gov.br\/noticias\/wp-json\/wp\/v2\/types\/post"}],"author":[{"embeddable":true,"href":"https:\/\/jundiai.sp.gov.br\/noticias\/wp-json\/wp\/v2\/users\/50"}],"replies":[{"embeddable":true,"href":"https:\/\/jundiai.sp.gov.br\/noticias\/wp-json\/wp\/v2\/comments?post=311574"}],"version-history":[{"count":4,"href":"https:\/\/jundiai.sp.gov.br\/noticias\/wp-json\/wp\/v2\/posts\/311574\/revisions"}],"predecessor-version":[{"id":311813,"href":"https:\/\/jundiai.sp.gov.br\/noticias\/wp-json\/wp\/v2\/posts\/311574\/revisions\/311813"}],"wp:featuredmedia":[{"embeddable":true,"href":"https:\/\/jundiai.sp.gov.br\/noticias\/wp-json\/wp\/v2\/media\/311577"}],"wp:attachment":[{"href":"https:\/\/jundiai.sp.gov.br\/noticias\/wp-json\/wp\/v2\/media?parent=311574"}],"wp:term":[{"taxonomy":"category","embeddable":true,"href":"https:\/\/jundiai.sp.gov.br\/noticias\/wp-json\/wp\/v2\/categories?post=311574"},{"taxonomy":"post_tag","embeddable":true,"href":"https:\/\/jundiai.sp.gov.br\/noticias\/wp-json\/wp\/v2\/tags?post=311574"},{"taxonomy":"ods","embeddable":true,"href":"https:\/\/jundiai.sp.gov.br\/noticias\/wp-json\/wp\/v2\/ods?post=311574"}],"curies":[{"name":"wp","href":"https:\/\/api.w.org\/{rel}","templated":true}]}}