{"id":311771,"date":"2023-02-27T16:25:40","date_gmt":"2023-02-27T19:25:40","guid":{"rendered":"https:\/\/jundiai.sp.gov.br\/noticias\/?p=311771"},"modified":"2023-02-27T16:25:40","modified_gmt":"2023-02-27T19:25:40","slug":"alunos-da-rede-municipal-poderao-cursar-programacao-e-robotica-gratuitamente-nos-sesis","status":"publish","type":"post","link":"https:\/\/jundiai.sp.gov.br\/noticias\/2023\/02\/27\/alunos-da-rede-municipal-poderao-cursar-programacao-e-robotica-gratuitamente-nos-sesis\/","title":{"rendered":"Alunos da rede municipal poder\u00e3o cursar programa\u00e7\u00e3o e rob\u00f3tica gratuitamente nos SESIs"},"content":{"rendered":"\n<p>As&nbsp;escolas&nbsp;SESI de&nbsp;Jundia\u00ed&nbsp;est\u00e3o&nbsp;com inscri\u00e7\u00f5es abertas para&nbsp;curso gratuito de&nbsp;programa\u00e7\u00e3o e rob\u00f3tica voltado&nbsp;prioritariamente&nbsp;para&nbsp;alunos da rede p\u00fablica municipal de ensino,&nbsp;mediante&nbsp;autodeclara\u00e7\u00e3o&nbsp;de baixa renda na inscri\u00e7\u00e3o online.&nbsp;Estudantes&nbsp;a partir de&nbsp;8 anos&nbsp;de idade&nbsp;podem se cadastrar nas vagas&nbsp;que ser\u00e3o&nbsp;preenchidas&nbsp;por ordem de inscri\u00e7\u00e3o.&nbsp;As aulas acontecer\u00e3o sempre no contraturno escolar.<\/p>\n\n\n\n<p>Durante 15 encontros presenciais, de 90 minutos cada, ser\u00e3o ensinados&nbsp;conceitos b\u00e1sicos de programa\u00e7\u00e3o, automa\u00e7\u00e3o e princ\u00edpios da rob\u00f3tica. O&nbsp;objetivo&nbsp;\u00e9&nbsp;ampliar o desenvolvimento da aprendizagem&nbsp;dos alunos de escolas p\u00fablicas&nbsp;nas seguintes compet\u00eancias:&nbsp;pensamento cient\u00edfico, cr\u00edtico e criativo; Pensamento computacional (racioc\u00ednio l\u00f3gico, l\u00f3gica de programa\u00e7\u00e3o); Resolu\u00e7\u00e3o de situa\u00e7\u00e3o-problema; Cultura&nbsp;Maker&nbsp;e projetos de autoria;&nbsp;e&nbsp;Trabalho em equipe (colabora\u00e7\u00e3o, respeito, empatia,&nbsp;etc).&nbsp;&nbsp;<\/p>\n\n\n\n<p>&#8220;Todas as a\u00e7\u00f5es e parcerias que possam agregar conhecimento aos alunos da rede municipal de ensino s\u00e3o bem vindos. E o SESI \u00e9 um importante parceiro da Prefeitura de Jundia\u00ed em projetos de sucesso como o FabLab, que em 2023 est\u00e1 completando 5 anos&#8221;, comenta a gestora de Educa\u00e7\u00e3o, Vasti Ferrari Marques. <\/p>\n\n\n\n<p>Para&nbsp;o&nbsp;desenvolvimento das atividades pr\u00e1ticas, os estudantes&nbsp;v\u00e3o aprender a&nbsp;manusear um editor de programa\u00e7\u00e3o por blocos (software Microsoft&nbsp;MakeCode) e criar&nbsp;projetos&nbsp;na&nbsp;placa processadora&nbsp;Micro:bit.&nbsp;Tamb\u00e9m&nbsp;receber\u00e3o&nbsp;material did\u00e1tico desenvolvido pela Funda\u00e7\u00e3o&nbsp;Micro:bit&nbsp;e adaptado pelo SESI S\u00e3o Paulo.&nbsp;&nbsp;<\/p>\n\n\n\n<p><strong>Confira as datas, hor\u00e1rios e locais para inscri\u00e7\u00f5es:<\/strong><\/p>\n\n\n\n<div class=\"wp-block-columns is-layout-flex wp-container-core-columns-is-layout-9d6595d7 wp-block-columns-is-layout-flex\">\n<div class=\"wp-block-column is-layout-flow wp-block-column-is-layout-flow\">\n<figure class=\"wp-block-image size-large\"><img loading=\"lazy\" decoding=\"async\" width=\"960\" height=\"960\" src=\"https:\/\/jundiai.sp.gov.br\/noticias\/wp-content\/uploads\/sites\/32\/2023\/02\/banner_site_sesi_jundiai_sao_camilo_ce021-1-960x960.png\" alt=\"\" class=\"wp-image-311839\" srcset=\"https:\/\/jundiai.sp.gov.br\/noticias\/wp-content\/uploads\/sites\/32\/2023\/02\/banner_site_sesi_jundiai_sao_camilo_ce021-1-960x960.png 960w, https:\/\/jundiai.sp.gov.br\/noticias\/wp-content\/uploads\/sites\/32\/2023\/02\/banner_site_sesi_jundiai_sao_camilo_ce021-1-300x300.png 300w, https:\/\/jundiai.sp.gov.br\/noticias\/wp-content\/uploads\/sites\/32\/2023\/02\/banner_site_sesi_jundiai_sao_camilo_ce021-1-100x100.png 100w, https:\/\/jundiai.sp.gov.br\/noticias\/wp-content\/uploads\/sites\/32\/2023\/02\/banner_site_sesi_jundiai_sao_camilo_ce021-1-768x768.png 768w, https:\/\/jundiai.sp.gov.br\/noticias\/wp-content\/uploads\/sites\/32\/2023\/02\/banner_site_sesi_jundiai_sao_camilo_ce021-1.png 1080w\" sizes=\"auto, (max-width: 960px) 100vw, 960px\" \/><\/figure>\n\n\n\n<figure class=\"wp-block-image size-large\"><img loading=\"lazy\" decoding=\"async\" width=\"960\" height=\"960\" src=\"https:\/\/jundiai.sp.gov.br\/noticias\/wp-content\/uploads\/sites\/32\/2023\/02\/banner_site_sesi_jundiai_vila_hortolandia_ce355-960x960.png\" alt=\"\" class=\"wp-image-311841\" srcset=\"https:\/\/jundiai.sp.gov.br\/noticias\/wp-content\/uploads\/sites\/32\/2023\/02\/banner_site_sesi_jundiai_vila_hortolandia_ce355-960x960.png 960w, https:\/\/jundiai.sp.gov.br\/noticias\/wp-content\/uploads\/sites\/32\/2023\/02\/banner_site_sesi_jundiai_vila_hortolandia_ce355-300x300.png 300w, https:\/\/jundiai.sp.gov.br\/noticias\/wp-content\/uploads\/sites\/32\/2023\/02\/banner_site_sesi_jundiai_vila_hortolandia_ce355-100x100.png 100w, https:\/\/jundiai.sp.gov.br\/noticias\/wp-content\/uploads\/sites\/32\/2023\/02\/banner_site_sesi_jundiai_vila_hortolandia_ce355-768x768.png 768w, https:\/\/jundiai.sp.gov.br\/noticias\/wp-content\/uploads\/sites\/32\/2023\/02\/banner_site_sesi_jundiai_vila_hortolandia_ce355.png 1080w\" sizes=\"auto, (max-width: 960px) 100vw, 960px\" \/><\/figure>\n\n\n\n<figure class=\"wp-block-image size-large\"><img loading=\"lazy\" decoding=\"async\" width=\"960\" height=\"960\" src=\"https:\/\/jundiai.sp.gov.br\/noticias\/wp-content\/uploads\/sites\/32\/2023\/02\/banner_site_sesi_jundiai_sesao_ce409-960x960.png\" alt=\"\" class=\"wp-image-311842\" srcset=\"https:\/\/jundiai.sp.gov.br\/noticias\/wp-content\/uploads\/sites\/32\/2023\/02\/banner_site_sesi_jundiai_sesao_ce409-960x960.png 960w, https:\/\/jundiai.sp.gov.br\/noticias\/wp-content\/uploads\/sites\/32\/2023\/02\/banner_site_sesi_jundiai_sesao_ce409-300x300.png 300w, https:\/\/jundiai.sp.gov.br\/noticias\/wp-content\/uploads\/sites\/32\/2023\/02\/banner_site_sesi_jundiai_sesao_ce409-100x100.png 100w, https:\/\/jundiai.sp.gov.br\/noticias\/wp-content\/uploads\/sites\/32\/2023\/02\/banner_site_sesi_jundiai_sesao_ce409-768x768.png 768w, https:\/\/jundiai.sp.gov.br\/noticias\/wp-content\/uploads\/sites\/32\/2023\/02\/banner_site_sesi_jundiai_sesao_ce409.png 1080w\" sizes=\"auto, (max-width: 960px) 100vw, 960px\" \/><\/figure>\n<\/div>\n<\/div>\n","protected":false},"excerpt":{"rendered":"<p>As&nbsp;escolas&nbsp;SESI de&nbsp;Jundia\u00ed&nbsp;est\u00e3o&nbsp;com inscri\u00e7\u00f5es abertas para&nbsp;curso gratuito de&nbsp;programa\u00e7\u00e3o e rob\u00f3tica voltado&nbsp;prioritariamente&nbsp;para&nbsp;alunos da rede p\u00fablica municipal de ensino,&nbsp;mediante&nbsp;autodeclara\u00e7\u00e3o&nbsp;de baixa renda na inscri\u00e7\u00e3o online.&nbsp;Estudantes&nbsp;a partir de&nbsp;8 anos&nbsp;de idade&nbsp;podem se cadastrar nas vagas&nbsp;que ser\u00e3o&nbsp;preenchidas&nbsp;por ordem de inscri\u00e7\u00e3o.&nbsp;As aulas acontecer\u00e3o sempre no contraturno escolar. Durante 15 encontros presenciais, de 90 minutos cada, ser\u00e3o ensinados&nbsp;conceitos b\u00e1sicos de programa\u00e7\u00e3o, automa\u00e7\u00e3o e princ\u00edpios [&hellip;]<\/p>\n","protected":false},"author":79,"featured_media":281188,"comment_status":"closed","ping_status":"0","sticky":false,"template":"","format":"standard","meta":{"footnotes":""},"categories":[2],"tags":[6,3386,2241,194,1241],"ods":[],"class_list":["post-311771","post","type-post","status-publish","format-standard","has-post-thumbnail","hentry","category-noticias","tag-educacao","tag-fablab","tag-robotica","tag-sesi","tag-uge"],"_links":{"self":[{"href":"https:\/\/jundiai.sp.gov.br\/noticias\/wp-json\/wp\/v2\/posts\/311771","targetHints":{"allow":["GET"]}}],"collection":[{"href":"https:\/\/jundiai.sp.gov.br\/noticias\/wp-json\/wp\/v2\/posts"}],"about":[{"href":"https:\/\/jundiai.sp.gov.br\/noticias\/wp-json\/wp\/v2\/types\/post"}],"author":[{"embeddable":true,"href":"https:\/\/jundiai.sp.gov.br\/noticias\/wp-json\/wp\/v2\/users\/79"}],"replies":[{"embeddable":true,"href":"https:\/\/jundiai.sp.gov.br\/noticias\/wp-json\/wp\/v2\/comments?post=311771"}],"version-history":[{"count":6,"href":"https:\/\/jundiai.sp.gov.br\/noticias\/wp-json\/wp\/v2\/posts\/311771\/revisions"}],"predecessor-version":[{"id":311846,"href":"https:\/\/jundiai.sp.gov.br\/noticias\/wp-json\/wp\/v2\/posts\/311771\/revisions\/311846"}],"wp:featuredmedia":[{"embeddable":true,"href":"https:\/\/jundiai.sp.gov.br\/noticias\/wp-json\/wp\/v2\/media\/281188"}],"wp:attachment":[{"href":"https:\/\/jundiai.sp.gov.br\/noticias\/wp-json\/wp\/v2\/media?parent=311771"}],"wp:term":[{"taxonomy":"category","embeddable":true,"href":"https:\/\/jundiai.sp.gov.br\/noticias\/wp-json\/wp\/v2\/categories?post=311771"},{"taxonomy":"post_tag","embeddable":true,"href":"https:\/\/jundiai.sp.gov.br\/noticias\/wp-json\/wp\/v2\/tags?post=311771"},{"taxonomy":"ods","embeddable":true,"href":"https:\/\/jundiai.sp.gov.br\/noticias\/wp-json\/wp\/v2\/ods?post=311771"}],"curies":[{"name":"wp","href":"https:\/\/api.w.org\/{rel}","templated":true}]}}