{"id":312137,"date":"2023-03-03T17:21:37","date_gmt":"2023-03-03T20:21:37","guid":{"rendered":"https:\/\/jundiai.sp.gov.br\/noticias\/?p=312137"},"modified":"2023-03-03T18:20:47","modified_gmt":"2023-03-03T21:20:47","slug":"hsv-apresenta-placas-aos-doadores-do-acolha-um-quarto-conforte-vidas","status":"publish","type":"post","link":"https:\/\/jundiai.sp.gov.br\/noticias\/2023\/03\/03\/hsv-apresenta-placas-aos-doadores-do-acolha-um-quarto-conforte-vidas\/","title":{"rendered":"S\u00e3o Vicente entrega placas do &#8216;Acolha um Quarto Conforte Vidas&#8221;"},"content":{"rendered":"\n<p>Prestes a completar quatro anos desde seu lan\u00e7amento, em 29 de mar\u00e7o de 2019, o projeto \u201cAcolha um Quarto, Conforte Vidas\u201d, re\u00fane cerca de 60 empres\u00e1rios e membros da sociedade civil no Hospital de Caridade S\u00e3o Vicente de Paulo (HSV) nesta sexta-feira, dia 03. O momento marca a instala\u00e7\u00e3o de placas com nomes de empresas, fam\u00edlias e grupos em 35 &#8211; do total de 71 &#8211; quartos e banheiros do hospital que j\u00e1 foram revitalizados com a ajuda da comunidade, num investimento total de R$ 8.057.868,00, a partir da parceria entre sociedade civil e poder p\u00fablico, articulada pela Rede Jundia\u00ed de Coopera\u00e7\u00e3o, \u00f3rg\u00e3o vinculado \u00e0 Unidade de Gest\u00e3o de Governo e Finan\u00e7as (UGGF) da Prefeitura de Jundia\u00ed.<\/p>\n\n\n\n<p>Cada unidade j\u00e1 reformada &#8211; com nova estrutura de alvenaria, pisos, revestimentos, pintura, rede el\u00e9trica e hidr\u00e1ulica, telhado, forro, ar condicionado, sanit\u00e1rios com acessibilidade, mobili\u00e1rio e demais itens &#8211; recebeu uma placa especial, com o logotipo, nome da empresa, fam\u00edlia ou grupo que contribuiu para sua completa reforma. O momento \u2013 realizado de forma escalonada &#8211; \u00e9 repleto de significado para todos, uma vez que muitos relatos est\u00e3o ligados a hist\u00f3rias de gratid\u00e3o ao hospital e seus profissionais. Ainda na entrada o Hospital, pr\u00f3ximo \u00e0 recep\u00e7\u00e3o central, um mural iluminado traz o nome dos que aderiram ao projeto.<\/p>\n\n\n\n<p>\u201cHoje \u00e9 mais um dia para agradecer. Agradecer a colabora\u00e7\u00e3o e a parceria de empresas e pessoas f\u00edsicas que se doaram para a qualifica\u00e7\u00e3o de um espa\u00e7o que \u00e9 de todos, o Hospital S\u00e3o Vicente. O projeto Acolha um Quarto Conforte Vidas \u00e9 um marco para a sociedade jundiaiense, proporcionando acolhimento humanizado na estrutura centen\u00e1ria do hospital mais resolutivo do interior de S\u00e3o Paulo\u201d, celebra o prefeito Luiz Fernando Machado.<\/p>\n\n\n\n<figure class=\"wp-block-image size-large\"><img loading=\"lazy\" decoding=\"async\" width=\"1280\" height=\"854\" src=\"https:\/\/jundiai.sp.gov.br\/noticias\/wp-content\/uploads\/sites\/32\/2023\/03\/entrega_placas_projeto_acolha_um_quarto_hospital_sao_vicente_pa-73-1280x854.jpg\" alt=\"\" class=\"wp-image-312208\" srcset=\"https:\/\/jundiai.sp.gov.br\/noticias\/wp-content\/uploads\/sites\/32\/2023\/03\/entrega_placas_projeto_acolha_um_quarto_hospital_sao_vicente_pa-73-1280x854.jpg 1280w, https:\/\/jundiai.sp.gov.br\/noticias\/wp-content\/uploads\/sites\/32\/2023\/03\/entrega_placas_projeto_acolha_um_quarto_hospital_sao_vicente_pa-73-300x200.jpg 300w, https:\/\/jundiai.sp.gov.br\/noticias\/wp-content\/uploads\/sites\/32\/2023\/03\/entrega_placas_projeto_acolha_um_quarto_hospital_sao_vicente_pa-73-768x512.jpg 768w, https:\/\/jundiai.sp.gov.br\/noticias\/wp-content\/uploads\/sites\/32\/2023\/03\/entrega_placas_projeto_acolha_um_quarto_hospital_sao_vicente_pa-73-1536x1024.jpg 1536w, https:\/\/jundiai.sp.gov.br\/noticias\/wp-content\/uploads\/sites\/32\/2023\/03\/entrega_placas_projeto_acolha_um_quarto_hospital_sao_vicente_pa-73-450x300.jpg 450w, https:\/\/jundiai.sp.gov.br\/noticias\/wp-content\/uploads\/sites\/32\/2023\/03\/entrega_placas_projeto_acolha_um_quarto_hospital_sao_vicente_pa-73.jpg 1900w\" sizes=\"auto, (max-width: 1280px) 100vw, 1280px\" \/><figcaption class=\"wp-element-caption\">Empres\u00e1rios receberam uma placa de agradecimento, al\u00e9m da identifica\u00e7\u00e3o na entrada do quarto; solenidade foi acompanhada por gestores, superintendente e prefeito Luiz Fernando Machado<\/figcaption><\/figure>\n\n\n\n<p>Para Cesar Tamarossi, da empresa Orkli do Brasil, multinacional espanhola, o momento \u00e9 especial. \u201cO primeiro contato para aderir ao projeto foi feito por nosso antigo diretor, sr. Marco, ainda em 2019. Visitamos o primeiro quarto, depois acompanhamos as primeiras entregas. Infelizmente em 2021 ele faleceu e, apesar da tristeza, eu assumi esse projeto junto ao hospital. Sab\u00edamos da import\u00e2ncia de dar continuidade e fazer valer todo o carinho que o sr. Marco tinha pelo hospital. Por isso, nesta sexta, sua esposa, sra. Carmem me acompanhou neste momento t\u00e3o especial e emocionante\u201d, relata. \u201c\u00c9 uma felicidade muito grande poder contribuir e ver este sonho concretizado, afinal, eu tamb\u00e9m tenho minha hist\u00f3ria pessoal com o hospital. Em 2014 eu precisei e fui muit\u00edssimo bem atendido. Fico feliz em fechar este processo com chave de ouro\u201d, comemora.<\/p>\n\n\n\n<p><strong>Desafios<br><\/strong>O trabalho, iniciado com a capta\u00e7\u00e3o de recursos a partir de parcerias com empresas com sedes em Jundia\u00ed, teve a participa\u00e7\u00e3o ativa da Rede Jundia\u00ed de Coopera\u00e7\u00e3o. \u201cUnir for\u00e7as entre as esferas p\u00fablica e privada, lan\u00e7ada por Jundia\u00ed com o projeto Acolha um Quarto Conforte Vidas, \u00e9 um grande sucesso e j\u00e1 possibilitou a reforma de 35 quartos. Essas melhorias foram essenciais para que o HSV pudesse suportar a press\u00e3o causada pela pandemia, que demandou a inteira dedica\u00e7\u00e3o da estrutura para cuidar dos pacientes de COVID-19 em situa\u00e7\u00e3o grave de Jundia\u00ed e Regi\u00e3o. Hoje, com mais da metade dos quartos renovados e outros espa\u00e7os tamb\u00e9m reformados, como as UTIs Cardiol\u00f3gicas e Neurol\u00f3gicas, al\u00e9m das \u00e1reas de Ortopedia e Oncologia, o HSV mant\u00e9m a excel\u00eancia no atendimento de sempre\u201d, elogia o gestor de Governo e Finan\u00e7as (UGGF) Jos\u00e9 Antonio Parimoschi, lembrando que em 2017, o hospital passava por grande dificuldade financeira. \u201cForam necess\u00e1rios ajustes, reorganiza\u00e7\u00e3o de despesas, controle austero das contas e planejamento para o equil\u00edbrio fiscal que possibilitou o surgimento do Novo HSV.\u201d<\/p>\n\n\n\n<p>A comunidade participou ativamente deste projeto, contribuindo e acompanhando cada avan\u00e7o no hospital centen\u00e1rio, que completou 120 anos em dezembro. \u201cSabemos da import\u00e2ncia desta iniciativa para a melhor qualidade da assist\u00eancia em sa\u00fade e bons resultados na recupera\u00e7\u00e3o dos pacientes. Tamb\u00e9m \u00e9 essencial externar nosso apre\u00e7o ao prefeito Luiz Fernando Machado pela idealiza\u00e7\u00e3o desta iniciativa e \u00e0 Rede Jundia\u00ed de Coopera\u00e7\u00e3o, que articulou todo o projeto, e cada colaborador do hospital que tem vivenciado com paci\u00eancia e dedica\u00e7\u00e3o a todos os dias de nossas obras, sem essa uni\u00e3o de esfor\u00e7os, nada seria poss\u00edvel\u201d, afirma o superintendente do HSV, Matheus Gomes, que recordou o in\u00edcio do projeto, com a participa\u00e7\u00e3o das empresas Roca, Dexco, Astra e as arquitetas do grupo Um Tijolo Por Dia, que foram as primeiras a aderir \u00e0 iniciativa.<\/p>\n\n\n\n<figure class=\"wp-block-image size-large\"><img loading=\"lazy\" decoding=\"async\" width=\"1280\" height=\"854\" src=\"https:\/\/jundiai.sp.gov.br\/noticias\/wp-content\/uploads\/sites\/32\/2023\/03\/entrega_placas_projeto_acolha_um_quarto_hospital_sao_vicente_pa-95-1280x854.jpg\" alt=\"\" class=\"wp-image-312210\" srcset=\"https:\/\/jundiai.sp.gov.br\/noticias\/wp-content\/uploads\/sites\/32\/2023\/03\/entrega_placas_projeto_acolha_um_quarto_hospital_sao_vicente_pa-95-1280x854.jpg 1280w, https:\/\/jundiai.sp.gov.br\/noticias\/wp-content\/uploads\/sites\/32\/2023\/03\/entrega_placas_projeto_acolha_um_quarto_hospital_sao_vicente_pa-95-300x200.jpg 300w, https:\/\/jundiai.sp.gov.br\/noticias\/wp-content\/uploads\/sites\/32\/2023\/03\/entrega_placas_projeto_acolha_um_quarto_hospital_sao_vicente_pa-95-768x512.jpg 768w, https:\/\/jundiai.sp.gov.br\/noticias\/wp-content\/uploads\/sites\/32\/2023\/03\/entrega_placas_projeto_acolha_um_quarto_hospital_sao_vicente_pa-95-1536x1024.jpg 1536w, https:\/\/jundiai.sp.gov.br\/noticias\/wp-content\/uploads\/sites\/32\/2023\/03\/entrega_placas_projeto_acolha_um_quarto_hospital_sao_vicente_pa-95-450x300.jpg 450w, https:\/\/jundiai.sp.gov.br\/noticias\/wp-content\/uploads\/sites\/32\/2023\/03\/entrega_placas_projeto_acolha_um_quarto_hospital_sao_vicente_pa-95.jpg 1900w\" sizes=\"auto, (max-width: 1280px) 100vw, 1280px\" \/><figcaption class=\"wp-element-caption\">Juiz Maur\u00edcio Garibe tamb\u00e9m destinou R$ 3,3 milh\u00f5es da 1\u00aa Vara Criminal de Jundia\u00ed<\/figcaption><\/figure>\n\n\n\n<p>O Hospital S\u00e3o Vicente \u00e9 hoje a maior refer\u00eancia em sa\u00fade para casos de alta complexidade em urg\u00eancia, emerg\u00eancia, neurocirurgia, cardiologia, oncologia e traumato-ortopedia para cerca de 900 mil habitantes, incluindo Jundia\u00ed e mais seis munic\u00edpios da regi\u00e3o, al\u00e9m de outros dois em atendimentos oncol\u00f3gicos. Em m\u00e9dia s\u00e3o realizados mais de 33 mil atendimentos mensais no hospital.<\/p>\n\n\n\n<p><\/p>\n\n\n\n<p><strong>Assessoria de Imprensa HSV<br>Fotos: Fot\u00f3grafos PMJ<\/strong><\/p>\n","protected":false},"excerpt":{"rendered":"<p>Prestes a completar quatro anos desde seu lan\u00e7amento, em 29 de mar\u00e7o de 2019, o projeto \u201cAcolha um Quarto, Conforte Vidas\u201d, re\u00fane cerca de 60 empres\u00e1rios e membros da sociedade civil no Hospital de Caridade S\u00e3o Vicente de Paulo (HSV) nesta sexta-feira, dia 03. O momento marca a instala\u00e7\u00e3o de placas com nomes de empresas, [&hellip;]<\/p>\n","protected":false},"author":39,"featured_media":312210,"comment_status":"closed","ping_status":"0","sticky":false,"template":"","format":"standard","meta":{"footnotes":""},"categories":[2],"tags":[1155,70],"ods":[],"class_list":["post-312137","post","type-post","status-publish","format-standard","has-post-thumbnail","hentry","category-noticias","tag-acolha-um-quarto-conforte-vidas","tag-hsv"],"_links":{"self":[{"href":"https:\/\/jundiai.sp.gov.br\/noticias\/wp-json\/wp\/v2\/posts\/312137","targetHints":{"allow":["GET"]}}],"collection":[{"href":"https:\/\/jundiai.sp.gov.br\/noticias\/wp-json\/wp\/v2\/posts"}],"about":[{"href":"https:\/\/jundiai.sp.gov.br\/noticias\/wp-json\/wp\/v2\/types\/post"}],"author":[{"embeddable":true,"href":"https:\/\/jundiai.sp.gov.br\/noticias\/wp-json\/wp\/v2\/users\/39"}],"replies":[{"embeddable":true,"href":"https:\/\/jundiai.sp.gov.br\/noticias\/wp-json\/wp\/v2\/comments?post=312137"}],"version-history":[{"count":11,"href":"https:\/\/jundiai.sp.gov.br\/noticias\/wp-json\/wp\/v2\/posts\/312137\/revisions"}],"predecessor-version":[{"id":312233,"href":"https:\/\/jundiai.sp.gov.br\/noticias\/wp-json\/wp\/v2\/posts\/312137\/revisions\/312233"}],"wp:featuredmedia":[{"embeddable":true,"href":"https:\/\/jundiai.sp.gov.br\/noticias\/wp-json\/wp\/v2\/media\/312210"}],"wp:attachment":[{"href":"https:\/\/jundiai.sp.gov.br\/noticias\/wp-json\/wp\/v2\/media?parent=312137"}],"wp:term":[{"taxonomy":"category","embeddable":true,"href":"https:\/\/jundiai.sp.gov.br\/noticias\/wp-json\/wp\/v2\/categories?post=312137"},{"taxonomy":"post_tag","embeddable":true,"href":"https:\/\/jundiai.sp.gov.br\/noticias\/wp-json\/wp\/v2\/tags?post=312137"},{"taxonomy":"ods","embeddable":true,"href":"https:\/\/jundiai.sp.gov.br\/noticias\/wp-json\/wp\/v2\/ods?post=312137"}],"curies":[{"name":"wp","href":"https:\/\/api.w.org\/{rel}","templated":true}]}}