{"id":312181,"date":"2023-03-03T17:45:46","date_gmt":"2023-03-03T20:45:46","guid":{"rendered":"https:\/\/jundiai.sp.gov.br\/noticias\/?p=312181"},"modified":"2023-03-03T18:18:18","modified_gmt":"2023-03-03T21:18:18","slug":"biblioteca-promove-em-marco-acoes-diversificadas-para-atrair-diferentes-publicos","status":"publish","type":"post","link":"https:\/\/jundiai.sp.gov.br\/noticias\/2023\/03\/03\/biblioteca-promove-em-marco-acoes-diversificadas-para-atrair-diferentes-publicos\/","title":{"rendered":"Biblioteca divulga programa\u00e7\u00e3o do m\u00eas"},"content":{"rendered":"\n<p>A Biblioteca P\u00fablica Municipal Prof. Nelson Foot (BNF), vem ao longo dos \u00faltimos 12 meses passando por uma total reformula\u00e7\u00e3o em seus espa\u00e7os e programa\u00e7\u00e3o para difundir a leitura e a literatura, mas tamb\u00e9m para que o espa\u00e7o seja ocupado cada vez mais por diferentes linguagens culturais.<\/p>\n\n\n\n<p>A mudan\u00e7a faz parte das a\u00e7\u00f5es da Unidade de Gest\u00e3o de Cultura (UGC), que ao assumir a administra\u00e7\u00e3o da BNF passou a entender que o equipamento oferece todo tipo de possibilidade para a difus\u00e3o dos segmentos art\u00edsticos de Jundia\u00ed e regi\u00e3o.<\/p>\n\n\n\n<figure class=\"wp-block-image size-full\"><img loading=\"lazy\" decoding=\"async\" width=\"1280\" height=\"850\" src=\"https:\/\/jundiai.sp.gov.br\/noticias\/wp-content\/uploads\/sites\/32\/2023\/03\/biblioteca-municipal-5.jpg\" alt=\"\" class=\"wp-image-312182\" srcset=\"https:\/\/jundiai.sp.gov.br\/noticias\/wp-content\/uploads\/sites\/32\/2023\/03\/biblioteca-municipal-5.jpg 1280w, https:\/\/jundiai.sp.gov.br\/noticias\/wp-content\/uploads\/sites\/32\/2023\/03\/biblioteca-municipal-5-300x199.jpg 300w, https:\/\/jundiai.sp.gov.br\/noticias\/wp-content\/uploads\/sites\/32\/2023\/03\/biblioteca-municipal-5-768x510.jpg 768w, https:\/\/jundiai.sp.gov.br\/noticias\/wp-content\/uploads\/sites\/32\/2023\/03\/biblioteca-municipal-5-450x300.jpg 450w\" sizes=\"auto, (max-width: 1280px) 100vw, 1280px\" \/><figcaption class=\"wp-element-caption\">NA BNF a leitura e a literatura caminham juntos com os outros segmentos culturais da cidade<\/figcaption><\/figure>\n\n\n\n<p>Assim, em mar\u00e7o, a programa\u00e7\u00e3o da BNF est\u00e1 repleta de oportunidades para que pessoas de todas as idades possam participar das atividades propostas que v\u00e3o desde o projeto L\u00ea no Ninho, desenvolvido para criar na crian\u00e7a, desde cedo, o gosto e o amor pela leitura, mas tamb\u00e9m homenageia a Mulher, durante todo o m\u00eas, com exposi\u00e7\u00f5es, oficinas artesanais e culturais, lan\u00e7amentos de livros, aulas de xadrez, cortejo po\u00e9tico, clube de leitura com o autor e aposta num projeto para mulheres de 25 a 85 anos, o \u201cCada Conto, um Ponto!\u201d que vai trabalhar leitura e artesanato com as participantes.<\/p>\n\n\n\n<figure class=\"wp-block-image size-full\"><img loading=\"lazy\" decoding=\"async\" width=\"1209\" height=\"960\" src=\"https:\/\/jundiai.sp.gov.br\/noticias\/wp-content\/uploads\/sites\/32\/2023\/03\/oficina_neide_pillekamp-1209x960-1.jpg\" alt=\"\" class=\"wp-image-312183\" srcset=\"https:\/\/jundiai.sp.gov.br\/noticias\/wp-content\/uploads\/sites\/32\/2023\/03\/oficina_neide_pillekamp-1209x960-1.jpg 1209w, https:\/\/jundiai.sp.gov.br\/noticias\/wp-content\/uploads\/sites\/32\/2023\/03\/oficina_neide_pillekamp-1209x960-1-300x238.jpg 300w, https:\/\/jundiai.sp.gov.br\/noticias\/wp-content\/uploads\/sites\/32\/2023\/03\/oficina_neide_pillekamp-1209x960-1-768x610.jpg 768w\" sizes=\"auto, (max-width: 1209px) 100vw, 1209px\" \/><figcaption class=\"wp-element-caption\">Projeto para mulheres de 25 a 85 anos, o \u201cCada Conto, um Ponto!\u201d que vai trabalhar leitura e artesanato com as participantes<\/figcaption><\/figure>\n\n\n\n<p>Para iniciar o projeto foram selecionados textos da autora Cora Coralina e o macram\u00ea como t\u00e9cnica de artesanato, juntos servir\u00e3o de base para a produ\u00e7\u00e3o de releituras e para o tecer de novas hist\u00f3rias. Os encontros acontecer\u00e3o nos dias 09, 16, 23 e 30 de mar\u00e7o, sempre das 15h \u00e0s 17h. e ser\u00e3o comandados pela professora Milva Morelli e a arte educadora Neide Pillekamp. Totalmente gratuito. S\u00e3o oferecidas 30 vagas e as inscri\u00e7\u00f5es devem ser realizadas pela Internet a partir de segunda-feira (06), a partir das 14h.<\/p>\n\n\n\n<p><strong>A programa\u00e7\u00e3o<\/strong><\/p>\n\n\n\n<p>Nesta sexta-feira (03) a partir das 18h, a premiada escritora jundiaiense Mara Ligia Biancardi lan\u00e7a seu livro \u201cEnclausurado\u201d.<\/p>\n\n\n\n<p>No s\u00e1bado (04), das 10h \u00e0s 12h, aulas de xadrez para iniciantes. N\u00e3o h\u00e1 necessidade inscri\u00e7\u00e3o. Basta chegar no in\u00edcio de cada aula para receber a orienta\u00e7\u00e3o.<\/p>\n\n\n\n<figure class=\"wp-block-gallery has-nested-images columns-default is-cropped wp-block-gallery-1 is-layout-flex wp-block-gallery-is-layout-flex\">\n<figure class=\"wp-block-image size-large\"><img loading=\"lazy\" decoding=\"async\" width=\"1280\" height=\"853\" data-id=\"312184\" src=\"https:\/\/jundiai.sp.gov.br\/noticias\/wp-content\/uploads\/sites\/32\/2023\/03\/le-no-ninho.jpg\" alt=\"\" class=\"wp-image-312184\" srcset=\"https:\/\/jundiai.sp.gov.br\/noticias\/wp-content\/uploads\/sites\/32\/2023\/03\/le-no-ninho.jpg 1280w, https:\/\/jundiai.sp.gov.br\/noticias\/wp-content\/uploads\/sites\/32\/2023\/03\/le-no-ninho-300x200.jpg 300w, https:\/\/jundiai.sp.gov.br\/noticias\/wp-content\/uploads\/sites\/32\/2023\/03\/le-no-ninho-768x512.jpg 768w, https:\/\/jundiai.sp.gov.br\/noticias\/wp-content\/uploads\/sites\/32\/2023\/03\/le-no-ninho-450x300.jpg 450w\" sizes=\"auto, (max-width: 1280px) 100vw, 1280px\" \/><figcaption class=\"wp-element-caption\">Em mar\u00e7o a BNF<\/figcaption><\/figure>\n\n\n\n<figure class=\"wp-block-image size-large\"><img loading=\"lazy\" decoding=\"async\" width=\"540\" height=\"960\" data-id=\"312186\" src=\"https:\/\/jundiai.sp.gov.br\/noticias\/wp-content\/uploads\/sites\/32\/2023\/03\/whatsapp-image-2023-02-23-at-13-28-02-540x960.jpeg\" alt=\"\" class=\"wp-image-312186\" srcset=\"https:\/\/jundiai.sp.gov.br\/noticias\/wp-content\/uploads\/sites\/32\/2023\/03\/whatsapp-image-2023-02-23-at-13-28-02-540x960.jpeg 540w, https:\/\/jundiai.sp.gov.br\/noticias\/wp-content\/uploads\/sites\/32\/2023\/03\/whatsapp-image-2023-02-23-at-13-28-02-281x500.jpeg 281w, https:\/\/jundiai.sp.gov.br\/noticias\/wp-content\/uploads\/sites\/32\/2023\/03\/whatsapp-image-2023-02-23-at-13-28-02-768x1366.jpeg 768w, https:\/\/jundiai.sp.gov.br\/noticias\/wp-content\/uploads\/sites\/32\/2023\/03\/whatsapp-image-2023-02-23-at-13-28-02-864x1536.jpeg 864w, https:\/\/jundiai.sp.gov.br\/noticias\/wp-content\/uploads\/sites\/32\/2023\/03\/whatsapp-image-2023-02-23-at-13-28-02.jpeg 899w\" sizes=\"auto, (max-width: 540px) 100vw, 540px\" \/><figcaption class=\"wp-element-caption\">&#8230; vai receber uma programa\u00e7\u00e3o<\/figcaption><\/figure>\n\n\n\n<figure class=\"wp-block-image size-large\"><img loading=\"lazy\" decoding=\"async\" width=\"960\" height=\"960\" data-id=\"312185\" src=\"https:\/\/jundiai.sp.gov.br\/noticias\/wp-content\/uploads\/sites\/32\/2023\/03\/whatsapp-image-2023-02-24-at-16-48-21-960x960.jpeg\" alt=\"\" class=\"wp-image-312185\" srcset=\"https:\/\/jundiai.sp.gov.br\/noticias\/wp-content\/uploads\/sites\/32\/2023\/03\/whatsapp-image-2023-02-24-at-16-48-21-960x960.jpeg 960w, https:\/\/jundiai.sp.gov.br\/noticias\/wp-content\/uploads\/sites\/32\/2023\/03\/whatsapp-image-2023-02-24-at-16-48-21-300x300.jpeg 300w, https:\/\/jundiai.sp.gov.br\/noticias\/wp-content\/uploads\/sites\/32\/2023\/03\/whatsapp-image-2023-02-24-at-16-48-21-100x100.jpeg 100w, https:\/\/jundiai.sp.gov.br\/noticias\/wp-content\/uploads\/sites\/32\/2023\/03\/whatsapp-image-2023-02-24-at-16-48-21-768x768.jpeg 768w, https:\/\/jundiai.sp.gov.br\/noticias\/wp-content\/uploads\/sites\/32\/2023\/03\/whatsapp-image-2023-02-24-at-16-48-21.jpeg 1080w\" sizes=\"auto, (max-width: 960px) 100vw, 960px\" \/><figcaption class=\"wp-element-caption\">diferenciada para atrair o p\u00fablico<\/figcaption><\/figure>\n\n\n\n<figure class=\"wp-block-image size-large\"><img loading=\"lazy\" decoding=\"async\" width=\"1240\" height=\"899\" data-id=\"312187\" src=\"https:\/\/jundiai.sp.gov.br\/noticias\/wp-content\/uploads\/sites\/32\/2023\/03\/xadrez_torneio_g.jpg\" alt=\"\" class=\"wp-image-312187\" srcset=\"https:\/\/jundiai.sp.gov.br\/noticias\/wp-content\/uploads\/sites\/32\/2023\/03\/xadrez_torneio_g.jpg 1240w, https:\/\/jundiai.sp.gov.br\/noticias\/wp-content\/uploads\/sites\/32\/2023\/03\/xadrez_torneio_g-300x218.jpg 300w, https:\/\/jundiai.sp.gov.br\/noticias\/wp-content\/uploads\/sites\/32\/2023\/03\/xadrez_torneio_g-768x557.jpg 768w\" sizes=\"auto, (max-width: 1240px) 100vw, 1240px\" \/><figcaption class=\"wp-element-caption\">As aulas de xadrez aos s\u00e1bados est\u00e3o atraindo pessoas de diferentes idades<\/figcaption><\/figure>\n<\/figure>\n\n\n\n<p>Tamb\u00e9m neste s\u00e1bado (04), das 10h \u00e0s 12h, o psic\u00f3logo Willian Gomes apresenta a palestra \u201cA crian\u00e7a e o emocional: Quando a crian\u00e7a cala, o Desenho Fala\u201d. Atividade aberta aos interessados. O encontro acontecer\u00e1 no audit\u00f3rio da Biblioteca.<\/p>\n\n\n\n<p>Para quem gosta de conta\u00e7\u00e3o de hist\u00f3ria, no s\u00e1bado, das 11h \u00e0s 12h as atrizes da Cia. Gatos Gordos apresentam \u201cPiquenique Animal\u201d. Ser\u00e1 que on\u00e7a espirra quando morre? Ser\u00e1 que vaca bota ovos? Ser\u00e1 que isso tudo \u00e9 s\u00f3 arma\u00e7\u00e3o desses personagens incr\u00edveis? Na primeira hist\u00f3ria \u201cO vel\u00f3rio da dona On\u00e7a \u201c, a On\u00e7a cria uma artimanha incr\u00edvel pra poder ca\u00e7ar o seu jantar, tudo parecia perfeito at\u00e9 que o macaco lan\u00e7a a pergunta -ela espirrou? Ningu\u00e9m sabe responder e ent\u00e3o ningu\u00e9m consegue afirmar que a On\u00e7a t\u00e1 mortinha da Silva. Como ser\u00e1 que a dona On\u00e7a consegue resolver essa quest\u00e3o? Na outra hist\u00f3ria, tamb\u00e9m sobre animais, s\u00f3 que dessa vez animais de fazenda, vamos conhecer uma linda Vaca que tem um \u00fanico desejo na vida: botar um ovo e de dentro dele surgir seu amado filhinho. Todo mundo sabe que vaca n\u00e3o bota ovos. Ser\u00e1 mesmo? Venham conferir nessas divertidas conta\u00e7\u00f5es de hist\u00f3rias da Cia Gatos Gordos.<\/p>\n\n\n\n<p>E a \u00faltima atividade no s\u00e1bado (04) na BNF come\u00e7a \u00e0s 14h, com o comando dos atores da Cia. O que tem Maria, com a conta\u00e7\u00e3o de hist\u00f3ria \u201cLa Cucina dela Mama\u201d. Mamma Maria e suas filhas Bernadette e Conccetta adoram conversar enquanto fazem a massa para o jantar. Mamma relembra suas hist\u00f3rias de inf\u00e2ncia, enquanto as meninas fazem a maior bagun\u00e7a na cozinha. Os filhos Luigi e Francesco tocam m\u00fasicas t\u00edpicas da Bella It\u00e1lia. E depois convidam o p\u00fablico para um laborat\u00f3rio de pasta. E o prato do dia \u00e9? Buon Appetito.<\/p>\n\n\n\n<p><strong>Mais atra\u00e7\u00f5es<\/strong><\/p>\n\n\n\n<p>De 06 a 31 de mar\u00e7o \u2013 Espa\u00e7o Sonia Cintra \u2013 Expo Mulheres 2023 \u2013 Uma exposi\u00e7\u00e3o realizada pela Revista&nbsp; DTV, com curadoria da jornalista Sandra Castelo Branco, com a proposta de homenagear de 30 a 40 mulheres das mais diferentes classes sociais e profissionais.<\/p>\n\n\n\n<p>Dia 07 de mar\u00e7o \u2013 das 13h \u00e0s 17h- Comemora\u00e7\u00e3o do Dia do Bibliotec\u00e1rio, uma realiza\u00e7\u00e3o do Conselho Regional de Biblioteconomia da 8\u00aa regi\u00e3o.<\/p>\n\n\n\n<p>Dia 09 de mar\u00e7o \u2013 das 17h \u00e0s 18h- Terminal Central e das 19h \u00e0s 20h, no Varej\u00e3o Noturno \u2013 Bols\u00e3o da Argos \u2013 Cortejo Po\u00e9tico reverenciando a Mulher. Poesias personalizadas de mulher para mulher. Rimas que d\u00e3o leveza ao dia e coragem ao des\u00e2nimo. For\u00e7a e coragem, porque ser mulher \u00e9 poder.<\/p>\n\n\n\n<p>Dia 10 de mar\u00e7o \u2013 18h30 \u00e0s 20h30 \u2013 Lan\u00e7amento do Livro \u201c Ockrya\u201d, da escritora Simone Nasar.<\/p>\n\n\n\n<p>Dia 11 de mar\u00e7o \u2013 L\u00ea no Ninho, com a Cia. Uni Verso &amp; Prosa \u2013 das 11 \u00e0s 12h.<\/p>\n\n\n\n<p>Dia 11 de mar\u00e7o \u2013 Oficina de Echarpe em voil \u2013 Material gratuito \u2013 com a arte educadora Neide Pillekamp. Das 11 \u00e0s 12h. T\u00e9cnica Tie Dye.<\/p>\n\n\n\n<p>Dia 18 de mar\u00e7o \u2013 das 9h \u00e0s 17h \u2013 Startup Pitch Inovation \u2013 Evento em parceria com o Coletivo Preta Eu, IV2 Empresa de Tecnologia e BNF.<\/p>\n\n\n\n<p>Dia 24 de mar\u00e7o \u2013 Clube de Leitura com o Autor \u2013 das 19 \u00e0s 20h30, com a autora Sabrina Gottschlisch.<\/p>\n\n\n\n<p>Dia 25 de mar\u00e7o \u2013 10h \u00e0s 16h \u2013 im, Elas Podem\u201d, um evento que vai reunir pessoas interessadas em literatura, games, cosplays, cinema, teatro, m\u00fasica e empreendorismo, ou que queiram criar um network&nbsp; para suas vidas profissionais e in\u00edcio de carreira.<\/p>\n\n\n\n<p>Dia 25 de mar\u00e7o \u2013 das 11h \u00e0s 12h \u2013 conta\u00e7\u00e3o de hist\u00f3ria \u201cContos da Sereia\u2019, com a Cia. Gatos Gordos.<\/p>\n\n\n\n<p>Dia 31 de mar\u00e7o \u2013 das 18h \u00e0s 20h30 \u2013 Projeto Cine Consci\u00eancia: Ciclo de Exibi\u00e7\u00e3o e Debates de filmes com o professor Hildon Vital de Melo.<\/p>\n\n\n\n<p>A Biblioteca Nelson Foot est\u00e1 localizada dentro do Complexo Argos, na rua Dr. Cavalcanti, 396 \u2013 Vila Arens. O hor\u00e1rio de funcionamento \u00e9 de segunda a sexta-feira, das 9h \u00e0s 21h. Aos s\u00e1bados e feriados das 10h \u00e0s 17h.<\/p>\n\n\n\n<p><strong>Assessoria de Imprensa<br>Fotos:Divulga\u00e7\u00e3o<\/strong><\/p>\n","protected":false},"excerpt":{"rendered":"<p>A Biblioteca P\u00fablica Municipal Prof. Nelson Foot (BNF), vem ao longo dos \u00faltimos 12 meses passando por uma total reformula\u00e7\u00e3o em seus espa\u00e7os e programa\u00e7\u00e3o para difundir a leitura e a literatura, mas tamb\u00e9m para que o espa\u00e7o seja ocupado cada vez mais por diferentes linguagens culturais. A mudan\u00e7a faz parte das a\u00e7\u00f5es da Unidade [&hellip;]<\/p>\n","protected":false},"author":83,"featured_media":312184,"comment_status":"closed","ping_status":"0","sticky":false,"template":"","format":"standard","meta":{"footnotes":""},"categories":[2],"tags":[505,419,29],"ods":[],"class_list":["post-312181","post","type-post","status-publish","format-standard","has-post-thumbnail","hentry","category-noticias","tag-biblioteca-municipal-professor-nelson-foot","tag-complexo-argos","tag-cultura"],"_links":{"self":[{"href":"https:\/\/jundiai.sp.gov.br\/noticias\/wp-json\/wp\/v2\/posts\/312181","targetHints":{"allow":["GET"]}}],"collection":[{"href":"https:\/\/jundiai.sp.gov.br\/noticias\/wp-json\/wp\/v2\/posts"}],"about":[{"href":"https:\/\/jundiai.sp.gov.br\/noticias\/wp-json\/wp\/v2\/types\/post"}],"author":[{"embeddable":true,"href":"https:\/\/jundiai.sp.gov.br\/noticias\/wp-json\/wp\/v2\/users\/83"}],"replies":[{"embeddable":true,"href":"https:\/\/jundiai.sp.gov.br\/noticias\/wp-json\/wp\/v2\/comments?post=312181"}],"version-history":[{"count":3,"href":"https:\/\/jundiai.sp.gov.br\/noticias\/wp-json\/wp\/v2\/posts\/312181\/revisions"}],"predecessor-version":[{"id":312229,"href":"https:\/\/jundiai.sp.gov.br\/noticias\/wp-json\/wp\/v2\/posts\/312181\/revisions\/312229"}],"wp:featuredmedia":[{"embeddable":true,"href":"https:\/\/jundiai.sp.gov.br\/noticias\/wp-json\/wp\/v2\/media\/312184"}],"wp:attachment":[{"href":"https:\/\/jundiai.sp.gov.br\/noticias\/wp-json\/wp\/v2\/media?parent=312181"}],"wp:term":[{"taxonomy":"category","embeddable":true,"href":"https:\/\/jundiai.sp.gov.br\/noticias\/wp-json\/wp\/v2\/categories?post=312181"},{"taxonomy":"post_tag","embeddable":true,"href":"https:\/\/jundiai.sp.gov.br\/noticias\/wp-json\/wp\/v2\/tags?post=312181"},{"taxonomy":"ods","embeddable":true,"href":"https:\/\/jundiai.sp.gov.br\/noticias\/wp-json\/wp\/v2\/ods?post=312181"}],"curies":[{"name":"wp","href":"https:\/\/api.w.org\/{rel}","templated":true}]}}